{"id":17065,"date":"2024-06-25T11:07:30","date_gmt":"2024-06-25T16:07:30","guid":{"rendered":"https:\/\/www.elamazonico.com\/portal\/?p=17065"},"modified":"2024-06-25T11:07:30","modified_gmt":"2024-06-25T16:07:30","slug":"inicia-juicio-por-el-asesinato-de-fernando-villavicencio","status":"publish","type":"post","link":"https:\/\/www.elamazonico.com\/portal\/inicia-juicio-por-el-asesinato-de-fernando-villavicencio\/","title":{"rendered":"Inicia juicio por el asesinato de Fernando Villavicencio"},"content":{"rendered":"<p>La audiencia de juicio contra cinco procesados por el asesinato de Fernando Villavicencio se lleva a cabo la ma\u00f1ana de este 25 de junio de 2024, en el piso 11 del Complejo Judicial del Norte de Quito.<\/p>\n<p>La Polic\u00eda Nacional implement\u00f3 un operativo de seguridad en los alrededores y dentro del edificio, cerrando v\u00edas de acceso como la esquina de las calles Alfonso Pereira y avenida Amazonas.<\/p>\n<p>El operativo de seguridad incluye cuatro filtros de revisi\u00f3n al ingresar al Complejo Judicial, con agentes policiales, perros especializados en la detecci\u00f3n de explosivos y armas, y detectores de metales.<\/p>\n<p>La audiencia, que deb\u00eda empezar a las 08:30, se retras\u00f3 unos minutos mientras los funcionarios judiciales verificaban la presencia de abogados, testigos y otros participantes en el juicio.<\/p>\n<p>Una vez iniciada la audiencia, la fiscal Ana Hidalgo present\u00f3 el alegato de apertura. Hidalgo record\u00f3 que Villavicencio fue asesinado el 9 de agosto de 2023, pasadas las 18:00, tras liderar un acto de campa\u00f1a pol\u00edtica en el Coliseo del Colegio Anderson.<\/p>\n<hr class=\"wp-block-separator has-alpha-channel-opacity\" \/>\n<p class=\"has-text-align-center has-vivid-cyan-blue-color has-text-color has-link-color has-medium-font-size wp-elements-f12329ff57f0602743f0b4671d0559e0\"><a href=\"https:\/\/ecuadorenvivo.com\/presentan-nueva-denuncia-contra-veronica-abad-en-el-tce\/\"><strong>Presentan nueva denuncia contra Ver\u00f3nica Abad en el TCE<\/strong><\/a><\/p>\n<hr class=\"wp-block-separator has-alpha-channel-opacity\" \/>\n<p>El pol\u00edtico fue atacado a la salida del evento y uno de los atacantes fue abatido por la polic\u00eda poco despu\u00e9s. En las horas siguientes, seis personas fueron detenidas en una casa en el sector de Monjas, en posesi\u00f3n de varias armas de fuego y explosivos.<\/p>\n<p>Las investigaciones posteriores, incluyendo an\u00e1lisis de registros telef\u00f3nicos y c\u00e1maras de seguridad, revelaron la participaci\u00f3n de otras siete personas, sumando un total de 13 procesados por el asesinato.<\/p>\n<p>Sin embargo, en octubre de 2023, siete de los involucrados fueron asesinados en el Complejo Penitenciario del Guayas, y uno fue beneficiado con un sobreseimiento, dejando a cinco personas en el proceso actual.<\/p>\n<p>Seg\u00fan la teor\u00eda expuesta por la fiscal Hidalgo, Carlos L., alias \u00abInvisible\u00bb, habr\u00eda ordenado el crimen desde la C\u00e1rcel de Cotopaxi. Laura C. fue se\u00f1alada como responsable de la log\u00edstica, proporcionando dinero, armas, veh\u00edculos, motocicletas y ropa para los sicarios, y coordinando el atentado.<\/p>\n<p>Ambos son identificados como miembros de la banda \u00abLos Lobos\u00bb, y la Fiscal\u00eda los acusa de ser autor mediato y coautora del crimen, respectivamente.<\/p>\n<figure class=\"wp-block-embed is-type-rich is-provider-twitter wp-block-embed-twitter\">\n<div class=\"wp-block-embed__wrapper\">\n<div class=\"twitter-tweet twitter-tweet-rendered\"><iframe id=\"twitter-widget-0\" class=\"\" title=\"X Post\" src=\"https:\/\/platform.twitter.com\/embed\/Tweet.html?creatorScreenName=ecuadorenvivo&amp;dnt=true&amp;embedId=twitter-widget-0&amp;features=eyJ0ZndfdGltZWxpbmVfbGlzdCI6eyJidWNrZXQiOltdLCJ2ZXJzaW9uIjpudWxsfSwidGZ3X2ZvbGxvd2VyX2NvdW50X3N1bnNldCI6eyJidWNrZXQiOnRydWUsInZlcnNpb24iOm51bGx9LCJ0ZndfdHdlZXRfZWRpdF9iYWNrZW5kIjp7ImJ1Y2tldCI6Im9uIiwidmVyc2lvbiI6bnVsbH0sInRmd19yZWZzcmNfc2Vzc2lvbiI6eyJidWNrZXQiOiJvbiIsInZlcnNpb24iOm51bGx9LCJ0ZndfZm9zbnJfc29mdF9pbnRlcnZlbnRpb25zX2VuYWJsZWQiOnsiYnVja2V0Ijoib24iLCJ2ZXJzaW9uIjpudWxsfSwidGZ3X21peGVkX21lZGlhXzE1ODk3Ijp7ImJ1Y2tldCI6InRyZWF0bWVudCIsInZlcnNpb24iOm51bGx9LCJ0ZndfZXhwZXJpbWVudHNfY29va2llX2V4cGlyYXRpb24iOnsiYnVja2V0IjoxMjA5NjAwLCJ2ZXJzaW9uIjpudWxsfSwidGZ3X3Nob3dfYmlyZHdhdGNoX3Bpdm90c19lbmFibGVkIjp7ImJ1Y2tldCI6Im9uIiwidmVyc2lvbiI6bnVsbH0sInRmd19kdXBsaWNhdGVfc2NyaWJlc190b19zZXR0aW5ncyI6eyJidWNrZXQiOiJvbiIsInZlcnNpb24iOm51bGx9LCJ0ZndfdXNlX3Byb2ZpbGVfaW1hZ2Vfc2hhcGVfZW5hYmxlZCI6eyJidWNrZXQiOiJvbiIsInZlcnNpb24iOm51bGx9LCJ0ZndfdmlkZW9faGxzX2R5bmFtaWNfbWFuaWZlc3RzXzE1MDgyIjp7ImJ1Y2tldCI6InRydWVfYml0cmF0ZSIsInZlcnNpb24iOm51bGx9LCJ0ZndfbGVnYWN5X3RpbWVsaW5lX3N1bnNldCI6eyJidWNrZXQiOnRydWUsInZlcnNpb24iOm51bGx9LCJ0ZndfdHdlZXRfZWRpdF9mcm9udGVuZCI6eyJidWNrZXQiOiJvbiIsInZlcnNpb24iOm51bGx9fQ%3D%3D&amp;frame=false&amp;hideCard=false&amp;hideThread=false&amp;id=1805610686266982642&amp;lang=es&amp;origin=https%3A%2F%2Fecuadorenvivo.com%2Finicia-juicio-por-el-asesinato-de-fernando-villavicencio%2F&amp;sessionId=fdec804ff0daaed323b029303b4b151bd3cb5abb&amp;siteScreenName=ecuadorenvivo&amp;theme=light&amp;widgetsVersion=2615f7e52b7e0%3A1702314776716&amp;width=550px\" frameborder=\"0\" scrolling=\"no\" allowfullscreen=\"allowfullscreen\" data-tweet-id=\"1805610686266982642\" data-mce-fragment=\"1\"><\/iframe><\/div>\n<div><strong>Fuente: Ecuadorenvivo.<\/strong><\/div>\n<\/div>\n<\/figure>\n","protected":false},"excerpt":{"rendered":"<p>La audiencia de juicio contra cinco procesados por el asesinato de Fernando Villavicencio se lleva a cabo la ma\u00f1ana de este 25 de junio de 2024, en el piso 11 del Complejo Judicial del Norte de Quito. La Polic\u00eda Nacional implement\u00f3 un operativo de seguridad en los alrededores y dentro del edificio, cerrando v\u00edas de acceso como la esquina de las calles Alfonso Pereira y avenida Amazonas. El operativo de seguridad incluye cuatro filtros de revisi\u00f3n al ingresar al Complejo Judicial, con agentes policiales, perros especializados en la detecci\u00f3n de explosivos y armas, y detectores de metales. La audiencia, que deb\u00eda empezar a las 08:30, se retras\u00f3 unos minutos mientras los funcionarios judiciales verificaban la presencia de abogados, testigos y otros participantes en el juicio. Una vez iniciada la audiencia, la fiscal Ana Hidalgo present\u00f3 el alegato de apertura. Hidalgo record\u00f3 que Villavicencio fue asesinado el 9 de agosto de 2023, pasadas las 18:00, tras liderar un acto de campa\u00f1a pol\u00edtica en el Coliseo del Colegio Anderson. Presentan nueva denuncia contra Ver\u00f3nica Abad en el TCE El pol\u00edtico fue atacado a la salida del evento y uno de los atacantes fue abatido por la polic\u00eda poco despu\u00e9s. En las horas siguientes, seis personas fueron detenidas en una casa en el sector de Monjas, en posesi\u00f3n de varias armas de fuego y explosivos. Las investigaciones posteriores, incluyendo an\u00e1lisis de registros telef\u00f3nicos y c\u00e1maras de seguridad, revelaron la participaci\u00f3n de otras siete personas, sumando un total de 13 procesados por el asesinato. Sin embargo, en octubre de 2023, siete de los involucrados fueron asesinados en el Complejo Penitenciario del Guayas, y uno fue beneficiado con un sobreseimiento, dejando a cinco personas en el proceso actual. Seg\u00fan la teor\u00eda expuesta por la fiscal Hidalgo, Carlos L., alias \u00abInvisible\u00bb, habr\u00eda ordenado el crimen desde la C\u00e1rcel de Cotopaxi. Laura C. fue se\u00f1alada como responsable de la log\u00edstica, proporcionando dinero, armas, veh\u00edculos, motocicletas y ropa para los sicarios, y coordinando el atentado. Ambos son identificados como miembros de la banda \u00abLos Lobos\u00bb, y la Fiscal\u00eda los acusa de ser autor mediato y coautora del crimen, respectivamente. Fuente: Ecuadorenvivo.<\/p>\n","protected":false},"author":1,"featured_media":17068,"comment_status":"open","ping_status":"open","sticky":false,"template":"","format":"standard","meta":{"footnotes":""},"categories":[268],"tags":[],"class_list":["post-17065","post","type-post","status-publish","format-standard","has-post-thumbnail","hentry","category-nacionales"],"_links":{"self":[{"href":"https:\/\/www.elamazonico.com\/portal\/wp-json\/wp\/v2\/posts\/17065","targetHints":{"allow":["GET"]}}],"collection":[{"href":"https:\/\/www.elamazonico.com\/portal\/wp-json\/wp\/v2\/posts"}],"about":[{"href":"https:\/\/www.elamazonico.com\/portal\/wp-json\/wp\/v2\/types\/post"}],"author":[{"embeddable":true,"href":"https:\/\/www.elamazonico.com\/portal\/wp-json\/wp\/v2\/users\/1"}],"replies":[{"embeddable":true,"href":"https:\/\/www.elamazonico.com\/portal\/wp-json\/wp\/v2\/comments?post=17065"}],"version-history":[{"count":1,"href":"https:\/\/www.elamazonico.com\/portal\/wp-json\/wp\/v2\/posts\/17065\/revisions"}],"predecessor-version":[{"id":17069,"href":"https:\/\/www.elamazonico.com\/portal\/wp-json\/wp\/v2\/posts\/17065\/revisions\/17069"}],"wp:featuredmedia":[{"embeddable":true,"href":"https:\/\/www.elamazonico.com\/portal\/wp-json\/wp\/v2\/media\/17068"}],"wp:attachment":[{"href":"https:\/\/www.elamazonico.com\/portal\/wp-json\/wp\/v2\/media?parent=17065"}],"wp:term":[{"taxonomy":"category","embeddable":true,"href":"https:\/\/www.elamazonico.com\/portal\/wp-json\/wp\/v2\/categories?post=17065"},{"taxonomy":"post_tag","embeddable":true,"href":"https:\/\/www.elamazonico.com\/portal\/wp-json\/wp\/v2\/tags?post=17065"}],"curies":[{"name":"wp","href":"https:\/\/api.w.org\/{rel}","templated":true}]}}