{"id":17061,"date":"2024-06-25T10:33:02","date_gmt":"2024-06-25T15:33:02","guid":{"rendered":"https:\/\/www.elamazonico.com\/portal\/?p=17061"},"modified":"2024-06-25T10:33:02","modified_gmt":"2024-06-25T15:33:02","slug":"lourdes-tiban-exige-alternativas-a-la-eliminacion-de-subsidios-a-combustibles","status":"publish","type":"post","link":"https:\/\/www.elamazonico.com\/portal\/lourdes-tiban-exige-alternativas-a-la-eliminacion-de-subsidios-a-combustibles\/","title":{"rendered":"Lourdes Tib\u00e1n exige alternativas a la eliminaci\u00f3n de subsidios a combustibles"},"content":{"rendered":"<p>La prefecta de Cotopaxi y dirigente ind\u00edgena, Lourdes Tib\u00e1n, se pronunci\u00f3 sobre las preocupaciones del movimiento ind\u00edgena ante la eliminaci\u00f3n de los subsidios a los combustibles, subrayando la necesidad de buscar alternativas que no afecten a los sectores m\u00e1s vulnerables del pa\u00eds.<\/p>\n<p>Expres\u00f3 que la eliminaci\u00f3n de los subsidios es una medida temporal que puede aliviar las finanzas estatales a corto plazo, pero no ofrece una soluci\u00f3n sostenible a largo plazo. \u00abEliminar el subsidio resolver\u00e1 los problemas econ\u00f3micos por unos meses, pero \u00bfqu\u00e9 pasar\u00e1 despu\u00e9s?\u00bb cuestion\u00f3 Tib\u00e1n, se\u00f1alando que las necesidades en sectores como salud, educaci\u00f3n y desarrollo infraestructural seguir\u00e1n desatendidas.<\/p>\n<p>La prefecta record\u00f3 las movilizaciones de 2019 y 2022, que se detonaron por reducciones en los subsidios, y critic\u00f3 la ineficacia de las mesas de di\u00e1logo establecidas con el gobierno. \u00abLas movilizaciones han sido una herramienta frente a todo gobierno, pero los resultados de las mesas de di\u00e1logo han sido insuficientes,\u00bb afirm\u00f3. Ante ello, enfatiz\u00f3 la necesidad de un di\u00e1logo genuino que produzca resultados concretos y no solo act\u00fae como un mecanismo para desactivar protestas.<\/p>\n<hr class=\"wp-block-separator has-alpha-channel-opacity\" \/>\n<p class=\"has-text-align-center has-vivid-cyan-blue-color has-text-color has-link-color has-medium-font-size wp-elements-f12329ff57f0602743f0b4671d0559e0\"><a href=\"https:\/\/ecuadorenvivo.com\/presentan-nueva-denuncia-contra-veronica-abad-en-el-tce\/\"><strong>Presentan nueva denuncia contra Ver\u00f3nica Abad en el TCE<\/strong><\/a><\/p>\n<hr class=\"wp-block-separator has-alpha-channel-opacity\" \/>\n<p>Desde su posici\u00f3n como prefecta, Tib\u00e1n manifest\u00f3 que estar m\u00e1s en contacto con las comunidades le ha permitido entender de primera mano sus preocupaciones. Las bases ind\u00edgenas demandan respuestas inmediatas a problemas hist\u00f3ricos como la falta de vialidad, salud, educaci\u00f3n y vivienda. Adem\u00e1s, critic\u00f3 la eliminaci\u00f3n de bonos para personas con discapacidad y de la tercera edad, describi\u00e9ndola como una prioridad que el gobierno debe atender urgentemente.<\/p>\n<p>Al referirse a la violencia registrada durante las protestas, se distanci\u00f3 de los actos vand\u00e1licos, atribuy\u00e9ndolos a infiltrados que da\u00f1aron la imagen del movimiento ind\u00edgena. \u00abEl movimiento ind\u00edgena jam\u00e1s ser\u00e1 vand\u00e1lico,\u00bb afirm\u00f3, reiterando su postura a favor de protestas pac\u00edficas.<\/p>\n<p>Finalmente, habl\u00f3 sobre el liderazgo dentro del movimiento ind\u00edgena, defendiendo la diversidad de opiniones y estrategias. \u00abCada personaje cultiva su liderazgo y es \u00fanico en su proceso,\u00bb dijo, destacando la importancia de mantener los principios filos\u00f3ficos del movimiento mientras se navega por las complejidades pol\u00edticas actuales.<\/p>\n<p>&nbsp;<\/p>\n<figure class=\"wp-block-embed is-type-video is-provider-vimeo wp-block-embed-vimeo wp-embed-aspect-16-9 wp-has-aspect-ratio\">\n<div class=\"wp-block-embed__wrapper\">\n<div class=\"fluid-width-video-wrapper\"><iframe title=\"EV - LOURDES TIB\u00c1N\" src=\"https:\/\/player.vimeo.com\/video\/967839876?dnt=1&amp;app_id=122963\" name=\"fitvid0\" frameborder=\"0\" data-mce-fragment=\"1\"><\/iframe><\/div>\n<div><strong>Fuente: Ecuadorenvivo.<\/strong><\/div>\n<\/div>\n<\/figure>\n","protected":false},"excerpt":{"rendered":"<p>La prefecta de Cotopaxi y dirigente ind\u00edgena, Lourdes Tib\u00e1n, se pronunci\u00f3 sobre las preocupaciones del movimiento ind\u00edgena ante la eliminaci\u00f3n de los subsidios a los combustibles, subrayando la necesidad de buscar alternativas que no afecten a los sectores m\u00e1s vulnerables del pa\u00eds. Expres\u00f3 que la eliminaci\u00f3n de los subsidios es una medida temporal que puede aliviar las finanzas estatales a corto plazo, pero no ofrece una soluci\u00f3n sostenible a largo plazo. \u00abEliminar el subsidio resolver\u00e1 los problemas econ\u00f3micos por unos meses, pero \u00bfqu\u00e9 pasar\u00e1 despu\u00e9s?\u00bb cuestion\u00f3 Tib\u00e1n, se\u00f1alando que las necesidades en sectores como salud, educaci\u00f3n y desarrollo infraestructural seguir\u00e1n desatendidas. La prefecta record\u00f3 las movilizaciones de 2019 y 2022, que se detonaron por reducciones en los subsidios, y critic\u00f3 la ineficacia de las mesas de di\u00e1logo establecidas con el gobierno. \u00abLas movilizaciones han sido una herramienta frente a todo gobierno, pero los resultados de las mesas de di\u00e1logo han sido insuficientes,\u00bb afirm\u00f3. Ante ello, enfatiz\u00f3 la necesidad de un di\u00e1logo genuino que produzca resultados concretos y no solo act\u00fae como un mecanismo para desactivar protestas. Presentan nueva denuncia contra Ver\u00f3nica Abad en el TCE Desde su posici\u00f3n como prefecta, Tib\u00e1n manifest\u00f3 que estar m\u00e1s en contacto con las comunidades le ha permitido entender de primera mano sus preocupaciones. Las bases ind\u00edgenas demandan respuestas inmediatas a problemas hist\u00f3ricos como la falta de vialidad, salud, educaci\u00f3n y vivienda. Adem\u00e1s, critic\u00f3 la eliminaci\u00f3n de bonos para personas con discapacidad y de la tercera edad, describi\u00e9ndola como una prioridad que el gobierno debe atender urgentemente. Al referirse a la violencia registrada durante las protestas, se distanci\u00f3 de los actos vand\u00e1licos, atribuy\u00e9ndolos a infiltrados que da\u00f1aron la imagen del movimiento ind\u00edgena. \u00abEl movimiento ind\u00edgena jam\u00e1s ser\u00e1 vand\u00e1lico,\u00bb afirm\u00f3, reiterando su postura a favor de protestas pac\u00edficas. Finalmente, habl\u00f3 sobre el liderazgo dentro del movimiento ind\u00edgena, defendiendo la diversidad de opiniones y estrategias. \u00abCada personaje cultiva su liderazgo y es \u00fanico en su proceso,\u00bb dijo, destacando la importancia de mantener los principios filos\u00f3ficos del movimiento mientras se navega por las complejidades pol\u00edticas actuales. &nbsp; Fuente: Ecuadorenvivo.<\/p>\n","protected":false},"author":1,"featured_media":17062,"comment_status":"open","ping_status":"open","sticky":false,"template":"","format":"standard","meta":{"footnotes":""},"categories":[268],"tags":[],"class_list":["post-17061","post","type-post","status-publish","format-standard","has-post-thumbnail","hentry","category-nacionales"],"_links":{"self":[{"href":"https:\/\/www.elamazonico.com\/portal\/wp-json\/wp\/v2\/posts\/17061","targetHints":{"allow":["GET"]}}],"collection":[{"href":"https:\/\/www.elamazonico.com\/portal\/wp-json\/wp\/v2\/posts"}],"about":[{"href":"https:\/\/www.elamazonico.com\/portal\/wp-json\/wp\/v2\/types\/post"}],"author":[{"embeddable":true,"href":"https:\/\/www.elamazonico.com\/portal\/wp-json\/wp\/v2\/users\/1"}],"replies":[{"embeddable":true,"href":"https:\/\/www.elamazonico.com\/portal\/wp-json\/wp\/v2\/comments?post=17061"}],"version-history":[{"count":1,"href":"https:\/\/www.elamazonico.com\/portal\/wp-json\/wp\/v2\/posts\/17061\/revisions"}],"predecessor-version":[{"id":17063,"href":"https:\/\/www.elamazonico.com\/portal\/wp-json\/wp\/v2\/posts\/17061\/revisions\/17063"}],"wp:featuredmedia":[{"embeddable":true,"href":"https:\/\/www.elamazonico.com\/portal\/wp-json\/wp\/v2\/media\/17062"}],"wp:attachment":[{"href":"https:\/\/www.elamazonico.com\/portal\/wp-json\/wp\/v2\/media?parent=17061"}],"wp:term":[{"taxonomy":"category","embeddable":true,"href":"https:\/\/www.elamazonico.com\/portal\/wp-json\/wp\/v2\/categories?post=17061"},{"taxonomy":"post_tag","embeddable":true,"href":"https:\/\/www.elamazonico.com\/portal\/wp-json\/wp\/v2\/tags?post=17061"}],"curies":[{"name":"wp","href":"https:\/\/api.w.org\/{rel}","templated":true}]}}