{"id":17058,"date":"2024-06-25T10:23:02","date_gmt":"2024-06-25T15:23:02","guid":{"rendered":"https:\/\/www.elamazonico.com\/portal\/?p=17058"},"modified":"2024-06-25T10:23:02","modified_gmt":"2024-06-25T15:23:02","slug":"el-gobierno-ha-dado-la-espalda-a-la-gente-y-por-eso-el-correismo-se-convirtio-en-oposicion","status":"publish","type":"post","link":"https:\/\/www.elamazonico.com\/portal\/el-gobierno-ha-dado-la-espalda-a-la-gente-y-por-eso-el-correismo-se-convirtio-en-oposicion\/","title":{"rendered":"\u2018El Gobierno ha dado la espalda a la gente y por eso el corre\u00edsmo se convirti\u00f3 en oposici\u00f3n\u2019"},"content":{"rendered":"<p>La asamble\u00edsta de la Revoluci\u00f3n Ciudadana (RC5) por Pichincha, Gissela Garz\u00f3n, record\u00f3 este martes que al inicio del mandato de Daniel Noboa, su bancada plante\u00f3 un espacio de gobernabilidad no como un \u00abcheque en blanco\u00bb sino como una oportunidad para avanzar en proyectos comunes.<\/p>\n<p>Pero, a pesar de haber apoyado cuatro de los cinco proyectos econ\u00f3micos urgentes del gobierno, el Ejecutivo imcumpli\u00f3 con sus promesas de campa\u00f1a, especialmente en temas de seguridad y no polarizaci\u00f3n. \u00abEl gobierno ha decidido darle la espalda a la gente y actuar en contrav\u00eda de lo que prometi\u00f3 en campa\u00f1a,\u00bb afirm\u00f3 al justificar la declaratoria de oposici\u00f3n del corre\u00edsmo a Noboa.<\/p>\n<hr class=\"wp-block-separator has-alpha-channel-opacity\" \/>\n<p class=\"has-text-align-center has-vivid-cyan-blue-color has-text-color has-link-color has-medium-font-size wp-elements-f12329ff57f0602743f0b4671d0559e0\"><a href=\"https:\/\/ecuadorenvivo.com\/presentan-nueva-denuncia-contra-veronica-abad-en-el-tce\/\"><strong>Presentan nueva denuncia contra Ver\u00f3nica Abad en el TCE<\/strong><\/a><\/p>\n<hr class=\"wp-block-separator has-alpha-channel-opacity\" \/>\n<p>Garz\u00f3n afirm\u00f3 que seguir\u00e1n proponiendo y discerniendo con el gobierno en temas pertinentes. Destac\u00f3 que la postura de oposici\u00f3n no es visceral, sino basada en la necesidad de representar a la gente. Critic\u00f3 tambi\u00e9n los ataques desde el oficialismo hacia RC5, calific\u00e1ndolos de intentos preelectorales para mermar su capacidad pol\u00edtica.<\/p>\n<p>Adem\u00e1s, la legisladora expres\u00f3 su solidaridad con la<a href=\"https:\/\/ecuadorenvivo.com\/cancilleria-revoca-la-visa-ecuatoriana-a-la-activista-alondra-santiago\/\"><strong>\u00a0periodista Alondra Santiago<\/strong><\/a>\u00a0y conden\u00f3 lo que calific\u00f3 como un contexto \u00abmachista\u00bb en el gobierno de Noboa. Cuestion\u00f3 duramente la revocatoria de la visa de Santiago, describi\u00e9ndola como un atentado contra art\u00edculos fundamentales de la Constituci\u00f3n.<\/p>\n<p>Finalmente, habl\u00f3 sobre la necesidad de formar una amplia coalici\u00f3n de izquierdas que incluya al movimiento ind\u00edgena, ambientalistas, estudiantes y trabajadores.<\/p>\n<p>&nbsp;<\/p>\n<figure class=\"wp-block-embed is-type-video is-provider-vimeo wp-block-embed-vimeo wp-embed-aspect-16-9 wp-has-aspect-ratio\">\n<div class=\"wp-block-embed__wrapper\">\n<div class=\"fluid-width-video-wrapper\"><iframe title=\"EV - GISSELA GARZ\u00d3N\" src=\"https:\/\/player.vimeo.com\/video\/967848185?dnt=1&amp;app_id=122963\" name=\"fitvid0\" frameborder=\"0\" data-mce-fragment=\"1\"><\/iframe><\/div>\n<div><strong>Fuente: Ecuadorenvivo.<\/strong><\/div>\n<\/div>\n<\/figure>\n","protected":false},"excerpt":{"rendered":"<p>La asamble\u00edsta de la Revoluci\u00f3n Ciudadana (RC5) por Pichincha, Gissela Garz\u00f3n, record\u00f3 este martes que al inicio del mandato de Daniel Noboa, su bancada plante\u00f3 un espacio de gobernabilidad no como un \u00abcheque en blanco\u00bb sino como una oportunidad para avanzar en proyectos comunes. Pero, a pesar de haber apoyado cuatro de los cinco proyectos econ\u00f3micos urgentes del gobierno, el Ejecutivo imcumpli\u00f3 con sus promesas de campa\u00f1a, especialmente en temas de seguridad y no polarizaci\u00f3n. \u00abEl gobierno ha decidido darle la espalda a la gente y actuar en contrav\u00eda de lo que prometi\u00f3 en campa\u00f1a,\u00bb afirm\u00f3 al justificar la declaratoria de oposici\u00f3n del corre\u00edsmo a Noboa. Presentan nueva denuncia contra Ver\u00f3nica Abad en el TCE Garz\u00f3n afirm\u00f3 que seguir\u00e1n proponiendo y discerniendo con el gobierno en temas pertinentes. Destac\u00f3 que la postura de oposici\u00f3n no es visceral, sino basada en la necesidad de representar a la gente. Critic\u00f3 tambi\u00e9n los ataques desde el oficialismo hacia RC5, calific\u00e1ndolos de intentos preelectorales para mermar su capacidad pol\u00edtica. Adem\u00e1s, la legisladora expres\u00f3 su solidaridad con la\u00a0periodista Alondra Santiago\u00a0y conden\u00f3 lo que calific\u00f3 como un contexto \u00abmachista\u00bb en el gobierno de Noboa. Cuestion\u00f3 duramente la revocatoria de la visa de Santiago, describi\u00e9ndola como un atentado contra art\u00edculos fundamentales de la Constituci\u00f3n. Finalmente, habl\u00f3 sobre la necesidad de formar una amplia coalici\u00f3n de izquierdas que incluya al movimiento ind\u00edgena, ambientalistas, estudiantes y trabajadores. &nbsp; Fuente: Ecuadorenvivo.<\/p>\n","protected":false},"author":1,"featured_media":17059,"comment_status":"open","ping_status":"open","sticky":false,"template":"","format":"standard","meta":{"footnotes":""},"categories":[268],"tags":[],"class_list":["post-17058","post","type-post","status-publish","format-standard","has-post-thumbnail","hentry","category-nacionales"],"_links":{"self":[{"href":"https:\/\/www.elamazonico.com\/portal\/wp-json\/wp\/v2\/posts\/17058","targetHints":{"allow":["GET"]}}],"collection":[{"href":"https:\/\/www.elamazonico.com\/portal\/wp-json\/wp\/v2\/posts"}],"about":[{"href":"https:\/\/www.elamazonico.com\/portal\/wp-json\/wp\/v2\/types\/post"}],"author":[{"embeddable":true,"href":"https:\/\/www.elamazonico.com\/portal\/wp-json\/wp\/v2\/users\/1"}],"replies":[{"embeddable":true,"href":"https:\/\/www.elamazonico.com\/portal\/wp-json\/wp\/v2\/comments?post=17058"}],"version-history":[{"count":1,"href":"https:\/\/www.elamazonico.com\/portal\/wp-json\/wp\/v2\/posts\/17058\/revisions"}],"predecessor-version":[{"id":17060,"href":"https:\/\/www.elamazonico.com\/portal\/wp-json\/wp\/v2\/posts\/17058\/revisions\/17060"}],"wp:featuredmedia":[{"embeddable":true,"href":"https:\/\/www.elamazonico.com\/portal\/wp-json\/wp\/v2\/media\/17059"}],"wp:attachment":[{"href":"https:\/\/www.elamazonico.com\/portal\/wp-json\/wp\/v2\/media?parent=17058"}],"wp:term":[{"taxonomy":"category","embeddable":true,"href":"https:\/\/www.elamazonico.com\/portal\/wp-json\/wp\/v2\/categories?post=17058"},{"taxonomy":"post_tag","embeddable":true,"href":"https:\/\/www.elamazonico.com\/portal\/wp-json\/wp\/v2\/tags?post=17058"}],"curies":[{"name":"wp","href":"https:\/\/api.w.org\/{rel}","templated":true}]}}