{"id":17055,"date":"2024-06-25T09:38:35","date_gmt":"2024-06-25T14:38:35","guid":{"rendered":"https:\/\/www.elamazonico.com\/portal\/?p=17055"},"modified":"2024-06-25T09:38:35","modified_gmt":"2024-06-25T14:38:35","slug":"ecuador-y-canada-suscriben-convenio-de-seguridad-social-en-beneficio-de-migrantes","status":"publish","type":"post","link":"https:\/\/www.elamazonico.com\/portal\/ecuador-y-canada-suscriben-convenio-de-seguridad-social-en-beneficio-de-migrantes\/","title":{"rendered":"Ecuador y Canad\u00e1 suscriben convenio de seguridad social en beneficio de migrantes"},"content":{"rendered":"<p>Los ecuatorianos residentes en Canad\u00e1 podr\u00e1n mantener sus beneficios adquiridos en el Instituto Ecuatoriano de Seguridad Social (IESS), gracias al convenio firmado este lunes 24 de junio de 2024 en el Palacio de Najas, Quito, entre la canciller ecuatoriana Gabriela Sommerfeld, el titular del IESS, Eduardo Pe\u00f1a, y el embajador canadiense Stephen Potter.<\/p>\n<p>El beneficio tambi\u00e9n aplicar\u00e1 a la comunidad canadiense residente en Ecuador, para acogerse a beneficios como pensiones de vejez, exportaci\u00f3n de prestaciones y la posibilidad de mantener sus aportes mensuales en el pa\u00eds donde residan. Seg\u00fan cifras de la Canciller\u00eda, existen m\u00e1s de 25.000 ecuatorianos residentes en Canad\u00e1.<\/p>\n<p>Eduardo Pe\u00f1a, presidente del Consejo Directivo del IESS, explic\u00f3 que si una persona tiene 10 a\u00f1os de aportes en Ecuador y emigra a Canad\u00e1 para sumar otros 20 a\u00f1os a la seguridad social de ese pa\u00eds, podr\u00e1 acogerse a la jubilaci\u00f3n por la suma de las cuotas en los dos pa\u00edses. Este acuerdo tambi\u00e9n se extender\u00e1 a otros \u00e1mbitos como servicios funerarios, orfandad o viudez.<\/p>\n<hr class=\"wp-block-separator has-alpha-channel-opacity\" \/>\n<p class=\"has-text-align-center has-vivid-cyan-blue-color has-text-color has-link-color has-medium-font-size wp-elements-a6bd2c064df9c598d53361f7b278e146\"><a href=\"https:\/\/ecuadorenvivo.com\/gobierno-anuncia-intervencion-en-duran-para-combatir-grupos-terroristas\/\"><strong>Gobierno anuncia intervenci\u00f3n en Dur\u00e1n para combatir grupos terroristas<\/strong><\/a><\/p>\n<hr class=\"wp-block-separator has-alpha-channel-opacity\" \/>\n<p>\u00abLa firma y adopci\u00f3n de este Convenio beneficiar\u00e1 a la comunidad ecuatoriana residente en Canad\u00e1, que bordea las 25.000 personas, as\u00ed como a los ciudadanos canadienses que habitan en el Ecuador. Gracias a este esfuerzo conjunto entre el Instituto Ecuatoriano de Seguridad Social, la Embajada del Ecuador en Canad\u00e1, las Subsecretar\u00edas de esta Canciller\u00eda y el Departamento de Empleo, Desarrollo Social y la Canciller\u00eda canadiense, se hace realidad, a partir de hoy, el reconocimiento de los a\u00f1os de trabajo y de aportes de los ciudadanos de ambos pa\u00edses\u00bb, resalt\u00f3 la canciller Sommerfeld.<\/p>\n<p>El convenio no es nuevo para Ecuador. Estos beneficios en seguridad social est\u00e1n presentes en pa\u00edses como Argentina, Per\u00fa, Colombia, Chile, Espa\u00f1a, Rep\u00fablica Dominicana y Venezuela. De hecho, la Canciller\u00eda indic\u00f3 que se plantea este mismo acuerdo en otros pa\u00edses con gran n\u00famero de ecuatorianos residentes, como Italia.<\/p>\n<p>Estos son los beneficios que tendr\u00e1 la comunidad ecuatoriana aportante:<\/p>\n<ul>\n<li>Derecho a pensiones de vejez, invalidez o muerte.<\/li>\n<li>Derecho a la exportaci\u00f3n de prestaciones.<\/li>\n<li>Posibilidad de mantener sus aportes previsionales en el pa\u00eds de su residencia o en el pa\u00eds donde laboran.<\/li>\n<li>Totalizaci\u00f3n de aportes, sumando los per\u00edodos acumulados en ambos Estados Contratantes.<\/li>\n<\/ul>\n<p><strong>Fuente: Ecuadorenvivo<\/strong><\/p>\n","protected":false},"excerpt":{"rendered":"<p>Los ecuatorianos residentes en Canad\u00e1 podr\u00e1n mantener sus beneficios adquiridos en el Instituto Ecuatoriano de Seguridad Social (IESS), gracias al convenio firmado este lunes 24 de junio de 2024 en el Palacio de Najas, Quito, entre la canciller ecuatoriana Gabriela Sommerfeld, el titular del IESS, Eduardo Pe\u00f1a, y el embajador canadiense Stephen Potter. El beneficio tambi\u00e9n aplicar\u00e1 a la comunidad canadiense residente en Ecuador, para acogerse a beneficios como pensiones de vejez, exportaci\u00f3n de prestaciones y la posibilidad de mantener sus aportes mensuales en el pa\u00eds donde residan. Seg\u00fan cifras de la Canciller\u00eda, existen m\u00e1s de 25.000 ecuatorianos residentes en Canad\u00e1. Eduardo Pe\u00f1a, presidente del Consejo Directivo del IESS, explic\u00f3 que si una persona tiene 10 a\u00f1os de aportes en Ecuador y emigra a Canad\u00e1 para sumar otros 20 a\u00f1os a la seguridad social de ese pa\u00eds, podr\u00e1 acogerse a la jubilaci\u00f3n por la suma de las cuotas en los dos pa\u00edses. Este acuerdo tambi\u00e9n se extender\u00e1 a otros \u00e1mbitos como servicios funerarios, orfandad o viudez. Gobierno anuncia intervenci\u00f3n en Dur\u00e1n para combatir grupos terroristas \u00abLa firma y adopci\u00f3n de este Convenio beneficiar\u00e1 a la comunidad ecuatoriana residente en Canad\u00e1, que bordea las 25.000 personas, as\u00ed como a los ciudadanos canadienses que habitan en el Ecuador. Gracias a este esfuerzo conjunto entre el Instituto Ecuatoriano de Seguridad Social, la Embajada del Ecuador en Canad\u00e1, las Subsecretar\u00edas de esta Canciller\u00eda y el Departamento de Empleo, Desarrollo Social y la Canciller\u00eda canadiense, se hace realidad, a partir de hoy, el reconocimiento de los a\u00f1os de trabajo y de aportes de los ciudadanos de ambos pa\u00edses\u00bb, resalt\u00f3 la canciller Sommerfeld. El convenio no es nuevo para Ecuador. Estos beneficios en seguridad social est\u00e1n presentes en pa\u00edses como Argentina, Per\u00fa, Colombia, Chile, Espa\u00f1a, Rep\u00fablica Dominicana y Venezuela. De hecho, la Canciller\u00eda indic\u00f3 que se plantea este mismo acuerdo en otros pa\u00edses con gran n\u00famero de ecuatorianos residentes, como Italia. Estos son los beneficios que tendr\u00e1 la comunidad ecuatoriana aportante: Derecho a pensiones de vejez, invalidez o muerte. Derecho a la exportaci\u00f3n de prestaciones. Posibilidad de mantener sus aportes previsionales en el pa\u00eds de su residencia o en el pa\u00eds donde laboran. Totalizaci\u00f3n de aportes, sumando los per\u00edodos acumulados en ambos Estados Contratantes. Fuente: Ecuadorenvivo<\/p>\n","protected":false},"author":1,"featured_media":17056,"comment_status":"open","ping_status":"open","sticky":false,"template":"","format":"standard","meta":{"footnotes":""},"categories":[268],"tags":[],"class_list":["post-17055","post","type-post","status-publish","format-standard","has-post-thumbnail","hentry","category-nacionales"],"_links":{"self":[{"href":"https:\/\/www.elamazonico.com\/portal\/wp-json\/wp\/v2\/posts\/17055","targetHints":{"allow":["GET"]}}],"collection":[{"href":"https:\/\/www.elamazonico.com\/portal\/wp-json\/wp\/v2\/posts"}],"about":[{"href":"https:\/\/www.elamazonico.com\/portal\/wp-json\/wp\/v2\/types\/post"}],"author":[{"embeddable":true,"href":"https:\/\/www.elamazonico.com\/portal\/wp-json\/wp\/v2\/users\/1"}],"replies":[{"embeddable":true,"href":"https:\/\/www.elamazonico.com\/portal\/wp-json\/wp\/v2\/comments?post=17055"}],"version-history":[{"count":1,"href":"https:\/\/www.elamazonico.com\/portal\/wp-json\/wp\/v2\/posts\/17055\/revisions"}],"predecessor-version":[{"id":17057,"href":"https:\/\/www.elamazonico.com\/portal\/wp-json\/wp\/v2\/posts\/17055\/revisions\/17057"}],"wp:featuredmedia":[{"embeddable":true,"href":"https:\/\/www.elamazonico.com\/portal\/wp-json\/wp\/v2\/media\/17056"}],"wp:attachment":[{"href":"https:\/\/www.elamazonico.com\/portal\/wp-json\/wp\/v2\/media?parent=17055"}],"wp:term":[{"taxonomy":"category","embeddable":true,"href":"https:\/\/www.elamazonico.com\/portal\/wp-json\/wp\/v2\/categories?post=17055"},{"taxonomy":"post_tag","embeddable":true,"href":"https:\/\/www.elamazonico.com\/portal\/wp-json\/wp\/v2\/tags?post=17055"}],"curies":[{"name":"wp","href":"https:\/\/api.w.org\/{rel}","templated":true}]}}