{"id":17049,"date":"2024-06-25T09:17:16","date_gmt":"2024-06-25T14:17:16","guid":{"rendered":"https:\/\/www.elamazonico.com\/portal\/?p=17049"},"modified":"2024-06-25T09:17:16","modified_gmt":"2024-06-25T14:17:16","slug":"presentan-nueva-denuncia-contra-veronica-abad-en-el-tce","status":"publish","type":"post","link":"https:\/\/www.elamazonico.com\/portal\/presentan-nueva-denuncia-contra-veronica-abad-en-el-tce\/","title":{"rendered":"Presentan nueva denuncia contra Ver\u00f3nica Abad en el TCE"},"content":{"rendered":"<p>La ONG \u2018Corte de Justicia Ind\u00edgena\u2019 present\u00f3 una denuncia ante el Tribunal Contencioso Electoral (TCE) contra la vicepresidenta de Ecuador, Ver\u00f3nica Abad.<\/p>\n<p>Esto ocurri\u00f3 despu\u00e9s de que el Pleno de la Asamblea Nacional rechazara la solicitud de autorizaci\u00f3n de la Corte Nacional de Justicia para procesar a Abad por concusi\u00f3n en el caso Nene, el cual est\u00e1 siendo investigado por la Fiscal\u00eda.<\/p>\n<p>La denuncia fue asignada al juez electoral Joaqu\u00edn Viteri, quien emiti\u00f3 una providencia el pasado mi\u00e9rcoles 19 de junio de 2024, dando dos d\u00edas de plazo a Manuel de Jes\u00fas Pe\u00f1afiel, presidente de la oeneg\u00e9 denunciante, para aclarar y completar su escrito.<\/p>\n<p>Viteri solicit\u00f3 que se especifique claramente en qu\u00e9 causal prevista en el C\u00f3digo de la Democracia se basa la denuncia.<\/p>\n<hr class=\"wp-block-separator has-alpha-channel-opacity\" \/>\n<p class=\"has-text-align-center has-vivid-cyan-blue-color has-text-color has-link-color has-medium-font-size wp-elements-6d662cab50b5551de65f2d10762504df\"><a href=\"https:\/\/ecuadorenvivo.com\/correa-sobre-noboa-es-un-improvisado-y-mimado-que-esta-hundiendo-al-pais\/\"><strong>Correa sobre Noboa: \u2018Es un improvisado\u00a0y\u00a0mimado\u00a0que est\u00e1\u00a0hundiendo\u00a0al\u00a0pa\u00eds\u2019<\/strong><\/a><\/p>\n<hr class=\"wp-block-separator has-alpha-channel-opacity\" \/>\n<p>El portal Primicias destac\u00f3 parte del texto del magistrado, se\u00f1alando que, tras analizar el escrito, se observ\u00f3 que el denunciante menciona interponer un recurso subjetivo contencioso electoral y simult\u00e1neamente fundamenta su queja en el art\u00edculo correspondiente, alegando un delito de concusi\u00f3n cometido por la vicepresidenta Mar\u00eda Ver\u00f3nica Abad Rojas.<\/p>\n<p>El plazo de dos d\u00edas otorgado por Viteri venci\u00f3 el pasado viernes, y hasta este lunes 24 de junio el juez no hab\u00eda emitido una nueva resoluci\u00f3n.<\/p>\n<p>Esta es la segunda querella presentada contra la vicepresidenta Abad ante el TCE. La primera fue interpuesta por el consejero de Participaci\u00f3n Ciudadana, Esteban Guarderas, pero no prosper\u00f3 debido a acusaciones de falsificaci\u00f3n de firmas por parte del denunciante.<\/p>\n<p><strong>Fuente: Ecuadorenvivo.\u00a0<\/strong><\/p>\n","protected":false},"excerpt":{"rendered":"<p>La ONG \u2018Corte de Justicia Ind\u00edgena\u2019 present\u00f3 una denuncia ante el Tribunal Contencioso Electoral (TCE) contra la vicepresidenta de Ecuador, Ver\u00f3nica Abad. Esto ocurri\u00f3 despu\u00e9s de que el Pleno de la Asamblea Nacional rechazara la solicitud de autorizaci\u00f3n de la Corte Nacional de Justicia para procesar a Abad por concusi\u00f3n en el caso Nene, el cual est\u00e1 siendo investigado por la Fiscal\u00eda. La denuncia fue asignada al juez electoral Joaqu\u00edn Viteri, quien emiti\u00f3 una providencia el pasado mi\u00e9rcoles 19 de junio de 2024, dando dos d\u00edas de plazo a Manuel de Jes\u00fas Pe\u00f1afiel, presidente de la oeneg\u00e9 denunciante, para aclarar y completar su escrito. Viteri solicit\u00f3 que se especifique claramente en qu\u00e9 causal prevista en el C\u00f3digo de la Democracia se basa la denuncia. Correa sobre Noboa: \u2018Es un improvisado\u00a0y\u00a0mimado\u00a0que est\u00e1\u00a0hundiendo\u00a0al\u00a0pa\u00eds\u2019 El portal Primicias destac\u00f3 parte del texto del magistrado, se\u00f1alando que, tras analizar el escrito, se observ\u00f3 que el denunciante menciona interponer un recurso subjetivo contencioso electoral y simult\u00e1neamente fundamenta su queja en el art\u00edculo correspondiente, alegando un delito de concusi\u00f3n cometido por la vicepresidenta Mar\u00eda Ver\u00f3nica Abad Rojas. El plazo de dos d\u00edas otorgado por Viteri venci\u00f3 el pasado viernes, y hasta este lunes 24 de junio el juez no hab\u00eda emitido una nueva resoluci\u00f3n. Esta es la segunda querella presentada contra la vicepresidenta Abad ante el TCE. La primera fue interpuesta por el consejero de Participaci\u00f3n Ciudadana, Esteban Guarderas, pero no prosper\u00f3 debido a acusaciones de falsificaci\u00f3n de firmas por parte del denunciante. Fuente: Ecuadorenvivo.\u00a0<\/p>\n","protected":false},"author":1,"featured_media":17050,"comment_status":"open","ping_status":"open","sticky":false,"template":"","format":"standard","meta":{"footnotes":""},"categories":[268],"tags":[],"class_list":["post-17049","post","type-post","status-publish","format-standard","has-post-thumbnail","hentry","category-nacionales"],"_links":{"self":[{"href":"https:\/\/www.elamazonico.com\/portal\/wp-json\/wp\/v2\/posts\/17049","targetHints":{"allow":["GET"]}}],"collection":[{"href":"https:\/\/www.elamazonico.com\/portal\/wp-json\/wp\/v2\/posts"}],"about":[{"href":"https:\/\/www.elamazonico.com\/portal\/wp-json\/wp\/v2\/types\/post"}],"author":[{"embeddable":true,"href":"https:\/\/www.elamazonico.com\/portal\/wp-json\/wp\/v2\/users\/1"}],"replies":[{"embeddable":true,"href":"https:\/\/www.elamazonico.com\/portal\/wp-json\/wp\/v2\/comments?post=17049"}],"version-history":[{"count":1,"href":"https:\/\/www.elamazonico.com\/portal\/wp-json\/wp\/v2\/posts\/17049\/revisions"}],"predecessor-version":[{"id":17051,"href":"https:\/\/www.elamazonico.com\/portal\/wp-json\/wp\/v2\/posts\/17049\/revisions\/17051"}],"wp:featuredmedia":[{"embeddable":true,"href":"https:\/\/www.elamazonico.com\/portal\/wp-json\/wp\/v2\/media\/17050"}],"wp:attachment":[{"href":"https:\/\/www.elamazonico.com\/portal\/wp-json\/wp\/v2\/media?parent=17049"}],"wp:term":[{"taxonomy":"category","embeddable":true,"href":"https:\/\/www.elamazonico.com\/portal\/wp-json\/wp\/v2\/categories?post=17049"},{"taxonomy":"post_tag","embeddable":true,"href":"https:\/\/www.elamazonico.com\/portal\/wp-json\/wp\/v2\/tags?post=17049"}],"curies":[{"name":"wp","href":"https:\/\/api.w.org\/{rel}","templated":true}]}}