{"id":17034,"date":"2024-06-24T18:07:45","date_gmt":"2024-06-24T23:07:45","guid":{"rendered":"https:\/\/www.elamazonico.com\/portal\/?p=17034"},"modified":"2024-06-24T18:07:45","modified_gmt":"2024-06-24T23:07:45","slug":"rafael-correa-lanza-nombres-de-posibles-candidatos-de-la-revolucion-ciudadana-para-las-presidenciales-del-2025","status":"publish","type":"post","link":"https:\/\/www.elamazonico.com\/portal\/rafael-correa-lanza-nombres-de-posibles-candidatos-de-la-revolucion-ciudadana-para-las-presidenciales-del-2025\/","title":{"rendered":"Rafael Correa lanza nombres de posibles candidatos de la Revoluci\u00f3n Ciudadana para las presidenciales del 2025"},"content":{"rendered":"<div class=\"lead destacado\">Las arenas pol\u00edticas se siguen moviendo para las pr\u00f3ximas elecciones presidenciales del 2025. Esta vez, el expresidente Rafael Correa lanz\u00f3 nombres de posibles candidatos de la Revoluci\u00f3n Ciudadana. Adem\u00e1s, respondi\u00f3 al llamado de unidad de Leonidas Iza, a quien considera con \u201climitaciones y sesgos\u201d.<\/div>\n<div class=\"paragraph texto\">\n<p class=\"p_0\">La ma\u00f1ana de este lunes 24 de junio del 2024, el exmandatario concedi\u00f3 varias entrevistas a medios locales para hablar sobre la coyuntura pol\u00edtica del Ecuador.<\/p>\n<p class=\"p_1\">En el programa radial \u2018Otro Relato\u2019,\u00a0<a href=\"https:\/\/www.vistazo.com\/politica\/nacional\/veronica-abad-indultara-a-rafael-correa-si-llega-a-la-presidencia-FB7434236\">Correa<\/a>\u00a0afirm\u00f3 que a su partido pol\u00edtico\u00a0<b>\u201cle sobran nombres\u201d\u00a0<\/b>para candidatizarlos a la Presidencia.<\/p>\n<p class=\"p_2\">\u201cPor supuesto,\u00a0<b><a href=\"https:\/\/www.vistazo.com\/politica\/nacional\/luisa-gonzalez-no-descarta-alianza-con-leonidas-iza-para-las-elecciones-presidenciales-de-2025-XD7360275\">Luisa Gonz\u00e1lez\u00a0<\/a><\/b>y\u00a0<b><a href=\"https:\/\/www.vistazo.com\/politica\/nacional\/diana-salazar-revela-que-paola-pabon-busco-un-acercamiento-con-ella-en-el-contexto-de-las-protestas-de-octubre-del-2019-AY7472736\">Paola Pab\u00f3n<\/a><\/b>, grandes mujeres de la patria. Est\u00e1\u00a0<b>Augusto Verduga<\/b>, un joven brillante, est\u00e1\u00a0<b><a href=\"https:\/\/www.vistazo.com\/actualidad\/gustavo-jalkh-evaluacion-judicatura-estaba-anticipada-BFVI107006\">Gustavo Jalk<\/a><\/b>, un tipo con mucha experiencia, todo un estadista\u201d, revel\u00f3 el expresidente.<\/p>\n<p class=\"p_3\">Sin embargo, aclar\u00f3 que la elecci\u00f3n del candidato debe ser de manera participativa y t\u00e9cnica.\u00a0<b>\u201cNo se trata solo del m\u00e1s simp\u00e1tico, sino el que tenga m\u00e1s oportunidades de ganar\u201d<\/b>.<\/p>\n<p class=\"p_4\">\u201cTenemos que ver a qui\u00e9n vamos a enfrentar, c\u00f3mo est\u00e1 Noboa (Daniel), si est\u00e1 fuerte o d\u00e9bil o si a \u00faltima hora la derecha lo desecha y apuesta por\u00a0<b><a href=\"https:\/\/www.vistazo.com\/politica\/nacional\/jan-topic-lanzara-plataforma-de-cara-a-las-elecciones-2025-de-que-se-trata-transforma-FK6927326\">Topic<\/a><\/b>\u00a0(Jan), que yo creo que por ah\u00ed van los tiros\u201d, apunt\u00f3 el tambi\u00e9n sentenciado en el denominado Caso Sobornos 2012-2016.<\/p>\n<div class=\"html_text\">\n<h2>L\u00cdNEAS ROJAS DEL CORRE\u00cdSMO<\/h2>\n<h2><\/h2>\n<\/div>\n<div class=\"paragraph texto\">\n<p class=\"p_6\">Por otro lado, en Radio Sonorama, Correa respondi\u00f3 al llamado de unidad que hizo hace algunos d\u00edas el presidente de la Confederaci\u00f3n de Nacionalidades Ind\u00edgenas del Ecuador (Conaie),<b><a href=\"https:\/\/www.vistazo.com\/politica\/nacional\/leonidas-iza-precandidato-presidencia-en-2025-pachakutik-XE7457981\">\u00a0Leonidas Iza<\/a><\/b>, hacia los grupos pol\u00edticos de izquierda.<\/p>\n<p class=\"p_7\">El expresidente consider\u00f3 que la Revoluci\u00f3n Ciudadana podr\u00eda ganar sola la presidencia, pero dijo que las otras organizaciones pueden unirse.<\/p>\n<p class=\"p_8\">No obstante,\u00a0<b>hay l\u00edneas rojas que el movimiento corre\u00edsta no piensa cruzar<\/b>. De hecho, calific\u00f3 a Leonidas Iza como una persona con\u00a0<b>\u201climitaciones y sesgos\u201d<\/b>.<\/p>\n<p class=\"p_9\">\u201cPor ejemplo, \u00e9l ha hecho un llamado al partido socialista, dirigido por\u00a0<b>Ayala Mora<\/b>, que es un delincuente. \u00bfUsted cree que nos podr\u00edamos unir con esa gente, que es lo peor de la pol\u00edtica? Un\u00a0<b>Jorge Escala\u00a0<\/b>del MPD, que ha destrozado la educaci\u00f3n ecuatoriana, tambi\u00e9n se ha prestado para todo con Moreno\u201d, critic\u00f3 el expresidente.<\/p>\n<p class=\"p_10\">Recalc\u00f3 que no se juntar\u00e1n con cualquiera de izquierda. \u201c<b>Ser\u00eda una claudicaci\u00f3n moral.\u00a0<\/b>Yo prefiero perder miles veces, prefiero retirarme de la pol\u00edtica que a claudicar en mis principios\u201d, apunt\u00f3.<\/p>\n<p class=\"p_11\">Estas declaraciones fueron apoyadas por<b>\u00a0Luisa Gonz\u00e1lez<\/b>, excandidata a la Presidencia de la Revoluci\u00f3n Ciudadana, quien record\u00f3 en su cuenta de la red social X que hay una izquierda, \u201cque se ali\u00f3 con lo peor de la derecha o \u00bfya olvidamos a Llori, a Quishpe entre otros?\u201d.<\/p>\n<p class=\"p_12\">Por el momento, otros posibles candidatos para los pr\u00f3ximos comicios son: Andrea Gonz\u00e1lez, V\u00edctor Araus, Pedro Granja, Carlos Rabascall, etc.<\/p>\n<\/div>\n<blockquote class=\"twitter-tweet\" data-width=\"550\" data-dnt=\"true\">\n<p lang=\"es\" dir=\"ltr\"><a href=\"https:\/\/twitter.com\/hashtag\/LoM%C3%A1sLe%C3%ADdo?src=hash&amp;ref_src=twsrc%5Etfw\">#LoM\u00e1sLe\u00eddo<\/a> | Esta semana Leonidas <a href=\"https:\/\/twitter.com\/hashtag\/Iza?src=hash&amp;ref_src=twsrc%5Etfw\">#Iza<\/a> expres\u00f3 su cr\u00edtica a las contradicciones del expresidente Rafael <a href=\"https:\/\/twitter.com\/hashtag\/Correa?src=hash&amp;ref_src=twsrc%5Etfw\">#Correa<\/a>, tras llamado a la unidad de la presidenta del movimiento Revoluci\u00f3n Ciudadana, <a href=\"https:\/\/twitter.com\/hashtag\/LuisaGonz%C3%A1lez?src=hash&amp;ref_src=twsrc%5Etfw\">#LuisaGonz\u00e1lez<\/a>, en torno a una posible alianza: <a href=\"https:\/\/t.co\/olM6wCjGdX\">https:\/\/t.co\/olM6wCjGdX<\/a> <a href=\"https:\/\/t.co\/VMbvqzyOeQ\">pic.twitter.com\/VMbvqzyOeQ<\/a><\/p>\n<p>&mdash; Revista Vistazo (@revistavistazo) <a href=\"https:\/\/twitter.com\/revistavistazo\/status\/1796905431786266769?ref_src=twsrc%5Etfw\">June 1, 2024<\/a><\/p><\/blockquote>\n<p><script async src=\"https:\/\/platform.twitter.com\/widgets.js\" charset=\"utf-8\"><\/script><\/p>\n<\/div>\n","protected":false},"excerpt":{"rendered":"<p>Las arenas pol\u00edticas se siguen moviendo para las pr\u00f3ximas elecciones presidenciales del 2025. Esta vez, el expresidente Rafael Correa lanz\u00f3 nombres de posibles candidatos de la Revoluci\u00f3n Ciudadana. Adem\u00e1s, respondi\u00f3 al llamado de unidad de Leonidas Iza, a quien considera con \u201climitaciones y sesgos\u201d. La ma\u00f1ana de este lunes 24 de junio del 2024, el exmandatario concedi\u00f3 varias entrevistas a medios locales para hablar sobre la coyuntura pol\u00edtica del Ecuador. En el programa radial \u2018Otro Relato\u2019,\u00a0Correa\u00a0afirm\u00f3 que a su partido pol\u00edtico\u00a0\u201cle sobran nombres\u201d\u00a0para candidatizarlos a la Presidencia. \u201cPor supuesto,\u00a0Luisa Gonz\u00e1lez\u00a0y\u00a0Paola Pab\u00f3n, grandes mujeres de la patria. Est\u00e1\u00a0Augusto Verduga, un joven brillante, est\u00e1\u00a0Gustavo Jalk, un tipo con mucha experiencia, todo un estadista\u201d, revel\u00f3 el expresidente. Sin embargo, aclar\u00f3 que la elecci\u00f3n del candidato debe ser de manera participativa y t\u00e9cnica.\u00a0\u201cNo se trata solo del m\u00e1s simp\u00e1tico, sino el que tenga m\u00e1s oportunidades de ganar\u201d. \u201cTenemos que ver a qui\u00e9n vamos a enfrentar, c\u00f3mo est\u00e1 Noboa (Daniel), si est\u00e1 fuerte o d\u00e9bil o si a \u00faltima hora la derecha lo desecha y apuesta por\u00a0Topic\u00a0(Jan), que yo creo que por ah\u00ed van los tiros\u201d, apunt\u00f3 el tambi\u00e9n sentenciado en el denominado Caso Sobornos 2012-2016. L\u00cdNEAS ROJAS DEL CORRE\u00cdSMO Por otro lado, en Radio Sonorama, Correa respondi\u00f3 al llamado de unidad que hizo hace algunos d\u00edas el presidente de la Confederaci\u00f3n de Nacionalidades Ind\u00edgenas del Ecuador (Conaie),\u00a0Leonidas Iza, hacia los grupos pol\u00edticos de izquierda. El expresidente consider\u00f3 que la Revoluci\u00f3n Ciudadana podr\u00eda ganar sola la presidencia, pero dijo que las otras organizaciones pueden unirse. No obstante,\u00a0hay l\u00edneas rojas que el movimiento corre\u00edsta no piensa cruzar. De hecho, calific\u00f3 a Leonidas Iza como una persona con\u00a0\u201climitaciones y sesgos\u201d. \u201cPor ejemplo, \u00e9l ha hecho un llamado al partido socialista, dirigido por\u00a0Ayala Mora, que es un delincuente. \u00bfUsted cree que nos podr\u00edamos unir con esa gente, que es lo peor de la pol\u00edtica? Un\u00a0Jorge Escala\u00a0del MPD, que ha destrozado la educaci\u00f3n ecuatoriana, tambi\u00e9n se ha prestado para todo con Moreno\u201d, critic\u00f3 el expresidente. Recalc\u00f3 que no se juntar\u00e1n con cualquiera de izquierda. \u201cSer\u00eda una claudicaci\u00f3n moral.\u00a0Yo prefiero perder miles veces, prefiero retirarme de la pol\u00edtica que a claudicar en mis principios\u201d, apunt\u00f3. Estas declaraciones fueron apoyadas por\u00a0Luisa Gonz\u00e1lez, excandidata a la Presidencia de la Revoluci\u00f3n Ciudadana, quien record\u00f3 en su cuenta de la red social X que hay una izquierda, \u201cque se ali\u00f3 con lo peor de la derecha o \u00bfya olvidamos a Llori, a Quishpe entre otros?\u201d. Por el momento, otros posibles candidatos para los pr\u00f3ximos comicios son: Andrea Gonz\u00e1lez, V\u00edctor Araus, Pedro Granja, Carlos Rabascall, etc. #LoM\u00e1sLe\u00eddo | Esta semana Leonidas #Iza expres\u00f3 su cr\u00edtica a las contradicciones del expresidente Rafael #Correa, tras llamado a la unidad de la presidenta del movimiento Revoluci\u00f3n Ciudadana, #LuisaGonz\u00e1lez, en torno a una posible alianza: https:\/\/t.co\/olM6wCjGdX pic.twitter.com\/VMbvqzyOeQ &mdash; Revista Vistazo (@revistavistazo) June 1, 2024<\/p>\n","protected":false},"author":1,"featured_media":17035,"comment_status":"open","ping_status":"open","sticky":false,"template":"","format":"standard","meta":{"footnotes":""},"categories":[268],"tags":[],"class_list":["post-17034","post","type-post","status-publish","format-standard","has-post-thumbnail","hentry","category-nacionales"],"_links":{"self":[{"href":"https:\/\/www.elamazonico.com\/portal\/wp-json\/wp\/v2\/posts\/17034","targetHints":{"allow":["GET"]}}],"collection":[{"href":"https:\/\/www.elamazonico.com\/portal\/wp-json\/wp\/v2\/posts"}],"about":[{"href":"https:\/\/www.elamazonico.com\/portal\/wp-json\/wp\/v2\/types\/post"}],"author":[{"embeddable":true,"href":"https:\/\/www.elamazonico.com\/portal\/wp-json\/wp\/v2\/users\/1"}],"replies":[{"embeddable":true,"href":"https:\/\/www.elamazonico.com\/portal\/wp-json\/wp\/v2\/comments?post=17034"}],"version-history":[{"count":1,"href":"https:\/\/www.elamazonico.com\/portal\/wp-json\/wp\/v2\/posts\/17034\/revisions"}],"predecessor-version":[{"id":17036,"href":"https:\/\/www.elamazonico.com\/portal\/wp-json\/wp\/v2\/posts\/17034\/revisions\/17036"}],"wp:featuredmedia":[{"embeddable":true,"href":"https:\/\/www.elamazonico.com\/portal\/wp-json\/wp\/v2\/media\/17035"}],"wp:attachment":[{"href":"https:\/\/www.elamazonico.com\/portal\/wp-json\/wp\/v2\/media?parent=17034"}],"wp:term":[{"taxonomy":"category","embeddable":true,"href":"https:\/\/www.elamazonico.com\/portal\/wp-json\/wp\/v2\/categories?post=17034"},{"taxonomy":"post_tag","embeddable":true,"href":"https:\/\/www.elamazonico.com\/portal\/wp-json\/wp\/v2\/tags?post=17034"}],"curies":[{"name":"wp","href":"https:\/\/api.w.org\/{rel}","templated":true}]}}