{"id":17024,"date":"2024-06-24T12:25:00","date_gmt":"2024-06-24T17:25:00","guid":{"rendered":"https:\/\/www.elamazonico.com\/portal\/?p=17024"},"modified":"2024-06-24T12:25:00","modified_gmt":"2024-06-24T17:25:00","slug":"bukele-anuncia-decomiso-de-dos-toneladas-de-cocaina-y-captura-de-ecuatorianos-que-se-transportaban-en-una-lancha","status":"publish","type":"post","link":"https:\/\/www.elamazonico.com\/portal\/bukele-anuncia-decomiso-de-dos-toneladas-de-cocaina-y-captura-de-ecuatorianos-que-se-transportaban-en-una-lancha\/","title":{"rendered":"Bukele anuncia decomiso de dos toneladas de coca\u00edna y captura de ecuatorianos que se transportaban en una lancha"},"content":{"rendered":"<p class=\"p_0\">El presidente de El Salvador, Nayib\u00a0<b>Bukele<\/b>, anunci\u00f3 este lunes 24 de junio de 2024 un significativo decomiso de\u00a0<b>coca\u00edna<\/b>\u00a0y la detenci\u00f3n de dos\u00a0<b>ecuatorianos<\/b>\u00a0en aguas del oc\u00e9ano Pac\u00edfico.<\/p>\n<p class=\"p_1\">Seg\u00fan la informaci\u00f3n compartida por Bukele en la red social X, la Marina Nacional salvadore\u00f1a intercept\u00f3 una\u00a0<b>embarcaci\u00f3n<\/b>\u00a0de bajo perfil a 630 millas n\u00e1uticas al suroeste de la Bocana El Cordoncillo, Estero de Jaltepeque.<\/p>\n<p class=\"p_2\">La embarcaci\u00f3n, que transportaba tres tripulantes (un colombiano y dos ecuatorianos), fue arrestada con aproximadamente dos toneladas de coca\u00edna a bordo, valoradas en unos 50 millones de d\u00f3lares.<\/p>\n<p class=\"p_3\">\u00abEn las \u00faltimas 5 semanas, hemos realizado 4 grandes incautaciones de droga, valoradas en m\u00e1s de 140 millones de d\u00f3lares\u00bb, resalt\u00f3 el mandatario.<\/p>\n<p class=\"p_5\">Este decomiso se suma a una serie de importantes\u00a0<b>incautaciones<\/b>\u00a0realizadas por\u00a0<b>El Salvador<\/b>\u00a0en las \u00faltimas semanas.<\/p>\n<p class=\"p_6\">El 4 de junio, las autoridades interceptaron otra embarcaci\u00f3n con tres tripulantes ecuatorianos a bordo, transportando aproximadamente una tonelada de coca\u00edna valorada en 25 millones de d\u00f3lares.<\/p>\n<p class=\"p_7\">El 24 de mayo, otra lancha con dos ecuatorianos a bordo fue detenida con 1.4 toneladas de coca\u00edna, valoradas en 35 millones de d\u00f3lares. Durante este operativo, uno de los narcotraficantes falleci\u00f3 en un enfrentamiento con los marinos salvadore\u00f1os.<\/p>\n<p class=\"p_8\">Adem\u00e1s, el 19 de mayo se incaut\u00f3 otra embarcaci\u00f3n con tres tripulantes (uno ecuatoriano y dos colombianos), llevando 1.3 toneladas de coca\u00edna valoradas en 32.5 millones de d\u00f3lares.<\/p>\n<p class=\"p_9\">Estas acciones destacan la intensificaci\u00f3n de los esfuerzos de El Salvador en la lucha contra el narcotr\u00e1fico, en un contexto donde el 90% de la\u00a0<b>droga<\/b> que ingresa a Estados Unidos pasa por M\u00e9xico y Centroam\u00e9rica. <strong>Fuente: Vistazo<\/strong><\/p>\n","protected":false},"excerpt":{"rendered":"<p>El presidente de El Salvador, Nayib\u00a0Bukele, anunci\u00f3 este lunes 24 de junio de 2024 un significativo decomiso de\u00a0coca\u00edna\u00a0y la detenci\u00f3n de dos\u00a0ecuatorianos\u00a0en aguas del oc\u00e9ano Pac\u00edfico. Seg\u00fan la informaci\u00f3n compartida por Bukele en la red social X, la Marina Nacional salvadore\u00f1a intercept\u00f3 una\u00a0embarcaci\u00f3n\u00a0de bajo perfil a 630 millas n\u00e1uticas al suroeste de la Bocana El Cordoncillo, Estero de Jaltepeque. La embarcaci\u00f3n, que transportaba tres tripulantes (un colombiano y dos ecuatorianos), fue arrestada con aproximadamente dos toneladas de coca\u00edna a bordo, valoradas en unos 50 millones de d\u00f3lares. \u00abEn las \u00faltimas 5 semanas, hemos realizado 4 grandes incautaciones de droga, valoradas en m\u00e1s de 140 millones de d\u00f3lares\u00bb, resalt\u00f3 el mandatario. Este decomiso se suma a una serie de importantes\u00a0incautaciones\u00a0realizadas por\u00a0El Salvador\u00a0en las \u00faltimas semanas. El 4 de junio, las autoridades interceptaron otra embarcaci\u00f3n con tres tripulantes ecuatorianos a bordo, transportando aproximadamente una tonelada de coca\u00edna valorada en 25 millones de d\u00f3lares. El 24 de mayo, otra lancha con dos ecuatorianos a bordo fue detenida con 1.4 toneladas de coca\u00edna, valoradas en 35 millones de d\u00f3lares. Durante este operativo, uno de los narcotraficantes falleci\u00f3 en un enfrentamiento con los marinos salvadore\u00f1os. Adem\u00e1s, el 19 de mayo se incaut\u00f3 otra embarcaci\u00f3n con tres tripulantes (uno ecuatoriano y dos colombianos), llevando 1.3 toneladas de coca\u00edna valoradas en 32.5 millones de d\u00f3lares. Estas acciones destacan la intensificaci\u00f3n de los esfuerzos de El Salvador en la lucha contra el narcotr\u00e1fico, en un contexto donde el 90% de la\u00a0droga que ingresa a Estados Unidos pasa por M\u00e9xico y Centroam\u00e9rica. Fuente: Vistazo<\/p>\n","protected":false},"author":1,"featured_media":17026,"comment_status":"open","ping_status":"open","sticky":false,"template":"","format":"standard","meta":{"footnotes":""},"categories":[268],"tags":[],"class_list":["post-17024","post","type-post","status-publish","format-standard","has-post-thumbnail","hentry","category-nacionales"],"_links":{"self":[{"href":"https:\/\/www.elamazonico.com\/portal\/wp-json\/wp\/v2\/posts\/17024","targetHints":{"allow":["GET"]}}],"collection":[{"href":"https:\/\/www.elamazonico.com\/portal\/wp-json\/wp\/v2\/posts"}],"about":[{"href":"https:\/\/www.elamazonico.com\/portal\/wp-json\/wp\/v2\/types\/post"}],"author":[{"embeddable":true,"href":"https:\/\/www.elamazonico.com\/portal\/wp-json\/wp\/v2\/users\/1"}],"replies":[{"embeddable":true,"href":"https:\/\/www.elamazonico.com\/portal\/wp-json\/wp\/v2\/comments?post=17024"}],"version-history":[{"count":1,"href":"https:\/\/www.elamazonico.com\/portal\/wp-json\/wp\/v2\/posts\/17024\/revisions"}],"predecessor-version":[{"id":17027,"href":"https:\/\/www.elamazonico.com\/portal\/wp-json\/wp\/v2\/posts\/17024\/revisions\/17027"}],"wp:featuredmedia":[{"embeddable":true,"href":"https:\/\/www.elamazonico.com\/portal\/wp-json\/wp\/v2\/media\/17026"}],"wp:attachment":[{"href":"https:\/\/www.elamazonico.com\/portal\/wp-json\/wp\/v2\/media?parent=17024"}],"wp:term":[{"taxonomy":"category","embeddable":true,"href":"https:\/\/www.elamazonico.com\/portal\/wp-json\/wp\/v2\/categories?post=17024"},{"taxonomy":"post_tag","embeddable":true,"href":"https:\/\/www.elamazonico.com\/portal\/wp-json\/wp\/v2\/tags?post=17024"}],"curies":[{"name":"wp","href":"https:\/\/api.w.org\/{rel}","templated":true}]}}