{"id":17022,"date":"2024-06-24T12:20:45","date_gmt":"2024-06-24T17:20:45","guid":{"rendered":"https:\/\/www.elamazonico.com\/portal\/?p=17022"},"modified":"2024-06-24T12:20:45","modified_gmt":"2024-06-24T17:20:45","slug":"creo-prepara-un-regreso-politico-sin-lasso-en-agosto-anunciaran-el-binomio-presidencial","status":"publish","type":"post","link":"https:\/\/www.elamazonico.com\/portal\/creo-prepara-un-regreso-politico-sin-lasso-en-agosto-anunciaran-el-binomio-presidencial\/","title":{"rendered":"CREO prepara un regreso pol\u00edtico sin Lasso; en agosto anunciar\u00e1n el binomio presidencial"},"content":{"rendered":"<p>El presidente nacional del movimiento CREO, Juan Fernando Flores, anunci\u00f3 los planes del partido para las pr\u00f3ximas contiendas electorales de 2025 y 2027. Enfatizando que la organizaci\u00f3n pol\u00edtica ha estado trabajando intensamente en la reestructuraci\u00f3n de su organizaci\u00f3n a nivel nacional y en las circunscripciones del exterior.<\/p>\n<p>\u00abHemos iniciado una nueva etapa que constituye la reconstrucci\u00f3n de nuestra organizaci\u00f3n pol\u00edtica en todas las provincias del pa\u00eds a trav\u00e9s de la incorporaci\u00f3n de nuevos cuadros para que asuman los diferentes liderazgos\u00bb, mencion\u00f3 al indicar que el objetivo es presentar candidatos bien formados y capacitados, capaces de responder eficazmente a las necesidades de los ecuatorianos.<\/p>\n<p>Flores subray\u00f3 la importancia de abordar las principales preocupaciones de los ciudadanos: seguridad y econom\u00eda. \u00abLa pol\u00edtica tiene que dar respuestas en corto, mediano y largo plazo\u00bb, afirm\u00f3. Mientras que aprovech\u00f3 de resaltar los logros alcanzados durante el Gobierno de Guillermo Lasso y que hoy est\u00e1n siendo presentados por Daniel Noboa como la entrega de ambulancias a los hospitales, de chalecos a los polic\u00edas y la graduaci\u00f3n de ni\u00f1os que cumplieron 1.000 d\u00edas sin desnutrici\u00f3n cr\u00f3nica infantil.<\/p>\n<p>Respecto a las elecciones del 2025, indic\u00f3 que CREO est\u00e1 en conversaciones con otras organizaciones pol\u00edticas para formar alianzas estrat\u00e9gicas. Sin embargo, dej\u00f3 claro que el movimiento tiene l\u00edneas rojas, especialmente con grupos que no comparten sus principios democr\u00e1ticos. En agosto, durante la convenci\u00f3n nacional, anunciar\u00e1n los candidatos y las alianzas definitivas.<\/p>\n<blockquote class=\"wp-block-quote is-layout-flow wp-block-quote-is-layout-flow\"><p><em>\u00ab(Guillermo Lasso) no aspira a ser candidato ni en las elecciones de 2025 ni de 2027, por lo cual nuestro trabajo est\u00e1 enfocado en buscar nuevos liderazgos, crear oportunidades para ellos\u00bb, concluy\u00f3.<\/em><\/p><\/blockquote>\n","protected":false},"excerpt":{"rendered":"<p>El presidente nacional del movimiento CREO, Juan Fernando Flores, anunci\u00f3 los planes del partido para las pr\u00f3ximas contiendas electorales de 2025 y 2027. Enfatizando que la organizaci\u00f3n pol\u00edtica ha estado trabajando intensamente en la reestructuraci\u00f3n de su organizaci\u00f3n a nivel nacional y en las circunscripciones del exterior. \u00abHemos iniciado una nueva etapa que constituye la reconstrucci\u00f3n de nuestra organizaci\u00f3n pol\u00edtica en todas las provincias del pa\u00eds a trav\u00e9s de la incorporaci\u00f3n de nuevos cuadros para que asuman los diferentes liderazgos\u00bb, mencion\u00f3 al indicar que el objetivo es presentar candidatos bien formados y capacitados, capaces de responder eficazmente a las necesidades de los ecuatorianos. Flores subray\u00f3 la importancia de abordar las principales preocupaciones de los ciudadanos: seguridad y econom\u00eda. \u00abLa pol\u00edtica tiene que dar respuestas en corto, mediano y largo plazo\u00bb, afirm\u00f3. Mientras que aprovech\u00f3 de resaltar los logros alcanzados durante el Gobierno de Guillermo Lasso y que hoy est\u00e1n siendo presentados por Daniel Noboa como la entrega de ambulancias a los hospitales, de chalecos a los polic\u00edas y la graduaci\u00f3n de ni\u00f1os que cumplieron 1.000 d\u00edas sin desnutrici\u00f3n cr\u00f3nica infantil. Respecto a las elecciones del 2025, indic\u00f3 que CREO est\u00e1 en conversaciones con otras organizaciones pol\u00edticas para formar alianzas estrat\u00e9gicas. Sin embargo, dej\u00f3 claro que el movimiento tiene l\u00edneas rojas, especialmente con grupos que no comparten sus principios democr\u00e1ticos. En agosto, durante la convenci\u00f3n nacional, anunciar\u00e1n los candidatos y las alianzas definitivas. \u00ab(Guillermo Lasso) no aspira a ser candidato ni en las elecciones de 2025 ni de 2027, por lo cual nuestro trabajo est\u00e1 enfocado en buscar nuevos liderazgos, crear oportunidades para ellos\u00bb, concluy\u00f3.<\/p>\n","protected":false},"author":1,"featured_media":17023,"comment_status":"open","ping_status":"open","sticky":false,"template":"","format":"standard","meta":{"footnotes":""},"categories":[268],"tags":[],"class_list":["post-17022","post","type-post","status-publish","format-standard","has-post-thumbnail","hentry","category-nacionales"],"_links":{"self":[{"href":"https:\/\/www.elamazonico.com\/portal\/wp-json\/wp\/v2\/posts\/17022","targetHints":{"allow":["GET"]}}],"collection":[{"href":"https:\/\/www.elamazonico.com\/portal\/wp-json\/wp\/v2\/posts"}],"about":[{"href":"https:\/\/www.elamazonico.com\/portal\/wp-json\/wp\/v2\/types\/post"}],"author":[{"embeddable":true,"href":"https:\/\/www.elamazonico.com\/portal\/wp-json\/wp\/v2\/users\/1"}],"replies":[{"embeddable":true,"href":"https:\/\/www.elamazonico.com\/portal\/wp-json\/wp\/v2\/comments?post=17022"}],"version-history":[{"count":1,"href":"https:\/\/www.elamazonico.com\/portal\/wp-json\/wp\/v2\/posts\/17022\/revisions"}],"predecessor-version":[{"id":17025,"href":"https:\/\/www.elamazonico.com\/portal\/wp-json\/wp\/v2\/posts\/17022\/revisions\/17025"}],"wp:featuredmedia":[{"embeddable":true,"href":"https:\/\/www.elamazonico.com\/portal\/wp-json\/wp\/v2\/media\/17023"}],"wp:attachment":[{"href":"https:\/\/www.elamazonico.com\/portal\/wp-json\/wp\/v2\/media?parent=17022"}],"wp:term":[{"taxonomy":"category","embeddable":true,"href":"https:\/\/www.elamazonico.com\/portal\/wp-json\/wp\/v2\/categories?post=17022"},{"taxonomy":"post_tag","embeddable":true,"href":"https:\/\/www.elamazonico.com\/portal\/wp-json\/wp\/v2\/tags?post=17022"}],"curies":[{"name":"wp","href":"https:\/\/api.w.org\/{rel}","templated":true}]}}