{"id":17019,"date":"2024-06-24T11:27:22","date_gmt":"2024-06-24T16:27:22","guid":{"rendered":"https:\/\/www.elamazonico.com\/portal\/?p=17019"},"modified":"2024-06-24T11:27:22","modified_gmt":"2024-06-24T16:27:22","slug":"asi-sera-la-nueva-carcel-del-encuentro-en-santa-elena","status":"publish","type":"post","link":"https:\/\/www.elamazonico.com\/portal\/asi-sera-la-nueva-carcel-del-encuentro-en-santa-elena\/","title":{"rendered":"As\u00ed ser\u00e1 la nueva c\u00e1rcel del Encuentro en Santa Elena"},"content":{"rendered":"<p>16.2 hect\u00e1reas tendr\u00e1 la nueva c\u00e1rcel que se construye en Santa Elena. El centro penitenciario, denominado del Encuentro, fue inaugurado el viernes, 21 de junio de 2024.<\/p>\n<p>Luis Zaldumbide, director general del Servicio Nacional de Atenci\u00f3n Integral a Personas Adultas Privadas de la Libertad y a Adolescentes Infractores (SNAI), entreg\u00f3 m\u00e1s detalles de lo que ser\u00e1 el proyecto que albergar\u00e1 a 800 personas privadas de la libertad (PPL).<\/p>\n<p>En entrevista con Noticias 7 de Ecuador Tv, Zaldumbide detall\u00f3 que este centro penitenciario ser\u00e1 ocupado s\u00f3lo por personas privadas de la libertad de alta peligrosidad y quienes presentan un alto riesgo de fuga.<\/p>\n<p>La obra tiene un costo de USD 52 millones y se levanta en la comuna Juntas del Pac\u00edfico, de la parroquia Sim\u00f3n Bol\u00edvar, en Santa Elena.<\/p>\n<p>La empresa a cargo de la construcci\u00f3n es espa\u00f1ola y tiene experiencia en levantar c\u00e1rceles en varios pa\u00edses del mundo. Ha trabajado en El Salvador, M\u00e9xico y Estados Unidos.<\/p>\n<p>El funcionario detall\u00f3 que esta no es una megac\u00e1rcel sino una c\u00e1rcel de m\u00e1xima seguridad. \u201cS\u00ed, existen megac\u00e1rceles con capacidad para 5.000 o 6.000 personas privadas de libertad, pero eso es antit\u00e9cnico\u201d enfatiz\u00f3.<\/p>\n<p>Seg\u00fan el vocero del SNAI, realizan un censo para lograr la clasificaci\u00f3n de los privados de libertad. Los de mayor peligrosidad vivir\u00e1n de forma aislada y con un r\u00e9gimen especial; s\u00ed habr\u00e1 visitas. \u201cDe esta forma, el resto de PPL se acoger\u00e1n a un verdadero trabajo de rehabilitaci\u00f3n social\u201d, mencion\u00f3 el funcionario.<\/p>\n<p>Habr\u00e1 cinco pabellones con celdas individualizadas. Pueden estar de uno a tres presos en cada celda. Esto depender\u00e1 del comportamiento de los sentenciados.<\/p>\n<p>Los presos tendr\u00e1n de 30 minutos a tres horas de permanencia en el patio. Cada pabell\u00f3n tendr\u00e1 un patio cerrado.<\/p>\n<div class=\"google-auto-placed ap_container\"><ins class=\"adsbygoogle adsbygoogle-noablate\" data-ad-format=\"auto\" data-ad-client=\"ca-pub-4257119852434871\" data-adsbygoogle-status=\"done\" data-ad-status=\"filled\"><\/p>\n<div id=\"aswift_3_host\">El centro de privaci\u00f3n de libertad tendr\u00e1 varios cercos y un completo sistema de videovigilancia. Estar\u00e1 operativo 24\/7. Tendr\u00e1 grabaci\u00f3n continua y alertas centralizadas, bloqueadores de se\u00f1al celular y wifi, sensores para detectar extra\u00f1os, sistema de escaneo de veh\u00edculos, detectores de metales, arcos magn\u00e9ticos y m\u00e1quinas de rayos X.<\/div>\n<p><\/ins><\/div>\n<p>Gu\u00edas penitenciarios<\/p>\n<p>A la fecha se registran 2.800 gu\u00edas penitenciarios en todo el pa\u00eds. Estas personas ser\u00e1n capacitadas sobre los diferentes procedimientos que habr\u00e1 dentro de esta c\u00e1rcel. El SNAI determin\u00f3 que el contacto de los gu\u00edas con los privados de libertad debe ser el m\u00ednimo posible.<\/p>\n<p>Los controles continuar\u00e1n con las Fuerzas Armadas y la Polic\u00eda Nacional. El plan es aumentar el n\u00famero de gu\u00edas cada a\u00f1o hasta conseguir en un plazo no mayor a cinco a\u00f1os el n\u00famero de gu\u00edas necesarios.<\/p>\n<p>El SNAI prepara reglamentos y el plan para aumentar el n\u00famero de servidores penitenciarios y personal administrativo.<\/p>\n","protected":false},"excerpt":{"rendered":"<p>16.2 hect\u00e1reas tendr\u00e1 la nueva c\u00e1rcel que se construye en Santa Elena. El centro penitenciario, denominado del Encuentro, fue inaugurado el viernes, 21 de junio de 2024. Luis Zaldumbide, director general del Servicio Nacional de Atenci\u00f3n Integral a Personas Adultas Privadas de la Libertad y a Adolescentes Infractores (SNAI), entreg\u00f3 m\u00e1s detalles de lo que ser\u00e1 el proyecto que albergar\u00e1 a 800 personas privadas de la libertad (PPL). En entrevista con Noticias 7 de Ecuador Tv, Zaldumbide detall\u00f3 que este centro penitenciario ser\u00e1 ocupado s\u00f3lo por personas privadas de la libertad de alta peligrosidad y quienes presentan un alto riesgo de fuga. La obra tiene un costo de USD 52 millones y se levanta en la comuna Juntas del Pac\u00edfico, de la parroquia Sim\u00f3n Bol\u00edvar, en Santa Elena. La empresa a cargo de la construcci\u00f3n es espa\u00f1ola y tiene experiencia en levantar c\u00e1rceles en varios pa\u00edses del mundo. Ha trabajado en El Salvador, M\u00e9xico y Estados Unidos. El funcionario detall\u00f3 que esta no es una megac\u00e1rcel sino una c\u00e1rcel de m\u00e1xima seguridad. \u201cS\u00ed, existen megac\u00e1rceles con capacidad para 5.000 o 6.000 personas privadas de libertad, pero eso es antit\u00e9cnico\u201d enfatiz\u00f3. Seg\u00fan el vocero del SNAI, realizan un censo para lograr la clasificaci\u00f3n de los privados de libertad. Los de mayor peligrosidad vivir\u00e1n de forma aislada y con un r\u00e9gimen especial; s\u00ed habr\u00e1 visitas. \u201cDe esta forma, el resto de PPL se acoger\u00e1n a un verdadero trabajo de rehabilitaci\u00f3n social\u201d, mencion\u00f3 el funcionario. Habr\u00e1 cinco pabellones con celdas individualizadas. Pueden estar de uno a tres presos en cada celda. Esto depender\u00e1 del comportamiento de los sentenciados. Los presos tendr\u00e1n de 30 minutos a tres horas de permanencia en el patio. Cada pabell\u00f3n tendr\u00e1 un patio cerrado. El centro de privaci\u00f3n de libertad tendr\u00e1 varios cercos y un completo sistema de videovigilancia. Estar\u00e1 operativo 24\/7. Tendr\u00e1 grabaci\u00f3n continua y alertas centralizadas, bloqueadores de se\u00f1al celular y wifi, sensores para detectar extra\u00f1os, sistema de escaneo de veh\u00edculos, detectores de metales, arcos magn\u00e9ticos y m\u00e1quinas de rayos X. Gu\u00edas penitenciarios A la fecha se registran 2.800 gu\u00edas penitenciarios en todo el pa\u00eds. Estas personas ser\u00e1n capacitadas sobre los diferentes procedimientos que habr\u00e1 dentro de esta c\u00e1rcel. El SNAI determin\u00f3 que el contacto de los gu\u00edas con los privados de libertad debe ser el m\u00ednimo posible. Los controles continuar\u00e1n con las Fuerzas Armadas y la Polic\u00eda Nacional. El plan es aumentar el n\u00famero de gu\u00edas cada a\u00f1o hasta conseguir en un plazo no mayor a cinco a\u00f1os el n\u00famero de gu\u00edas necesarios. El SNAI prepara reglamentos y el plan para aumentar el n\u00famero de servidores penitenciarios y personal administrativo.<\/p>\n","protected":false},"author":1,"featured_media":17020,"comment_status":"open","ping_status":"open","sticky":false,"template":"","format":"standard","meta":{"footnotes":""},"categories":[268],"tags":[],"class_list":["post-17019","post","type-post","status-publish","format-standard","has-post-thumbnail","hentry","category-nacionales"],"_links":{"self":[{"href":"https:\/\/www.elamazonico.com\/portal\/wp-json\/wp\/v2\/posts\/17019","targetHints":{"allow":["GET"]}}],"collection":[{"href":"https:\/\/www.elamazonico.com\/portal\/wp-json\/wp\/v2\/posts"}],"about":[{"href":"https:\/\/www.elamazonico.com\/portal\/wp-json\/wp\/v2\/types\/post"}],"author":[{"embeddable":true,"href":"https:\/\/www.elamazonico.com\/portal\/wp-json\/wp\/v2\/users\/1"}],"replies":[{"embeddable":true,"href":"https:\/\/www.elamazonico.com\/portal\/wp-json\/wp\/v2\/comments?post=17019"}],"version-history":[{"count":1,"href":"https:\/\/www.elamazonico.com\/portal\/wp-json\/wp\/v2\/posts\/17019\/revisions"}],"predecessor-version":[{"id":17021,"href":"https:\/\/www.elamazonico.com\/portal\/wp-json\/wp\/v2\/posts\/17019\/revisions\/17021"}],"wp:featuredmedia":[{"embeddable":true,"href":"https:\/\/www.elamazonico.com\/portal\/wp-json\/wp\/v2\/media\/17020"}],"wp:attachment":[{"href":"https:\/\/www.elamazonico.com\/portal\/wp-json\/wp\/v2\/media?parent=17019"}],"wp:term":[{"taxonomy":"category","embeddable":true,"href":"https:\/\/www.elamazonico.com\/portal\/wp-json\/wp\/v2\/categories?post=17019"},{"taxonomy":"post_tag","embeddable":true,"href":"https:\/\/www.elamazonico.com\/portal\/wp-json\/wp\/v2\/tags?post=17019"}],"curies":[{"name":"wp","href":"https:\/\/api.w.org\/{rel}","templated":true}]}}