{"id":17016,"date":"2024-06-24T11:14:48","date_gmt":"2024-06-24T16:14:48","guid":{"rendered":"https:\/\/www.elamazonico.com\/portal\/?p=17016"},"modified":"2024-06-24T11:14:48","modified_gmt":"2024-06-24T16:14:48","slug":"finaliza-el-ano-escolar-en-el-ciclo-sierra-amazonia","status":"publish","type":"post","link":"https:\/\/www.elamazonico.com\/portal\/finaliza-el-ano-escolar-en-el-ciclo-sierra-amazonia\/","title":{"rendered":"Finaliza el a\u00f1o escolar en el ciclo Sierra \u2013 Amazon\u00eda"},"content":{"rendered":"<p>Este lunes, 24 de junio de 2024, concluye el a\u00f1o escolar 2023-2024 en la regi\u00f3n Sierra-Amazon\u00eda, seg\u00fan el calendario establecido por el Ministerio de Educaci\u00f3n.<\/p>\n<p>En total, cerca de 1.7 millones de estudiantes de instituciones fiscales, fiscomisionales, municipales y particulares comenzar\u00e1n su periodo de vacaciones.<\/p>\n<p>Desde la semana pasada, diversas instituciones educativas de la Sierra y Amazon\u00eda han llevado a cabo programas de clausura del a\u00f1o escolar, contando con la participaci\u00f3n de estudiantes, personal administrativo y padres de familia.<\/p>\n<p>Con el fin del ciclo lectivo, se promocionan actividades recreativas conocidas como colonias vacacionales, ofreciendo a los estudiantes opciones para disfrutar de su tiempo libre.<\/p>\n<p>&nbsp;<\/p>\n<p>Los estudiantes que necesiten rendir ex\u00e1menes supletorios podr\u00e1n hacerlo hasta el 11 de julio. Por su parte, los docentes disfrutar\u00e1n de un mes de vacaciones ininterrumpidas, desde el 12 de julio hasta el 10 de agosto. Ellos retornar\u00e1n el 12 de agosto de 2024 para preparar el nuevo a\u00f1o escolar 2024-2025, mientras que los estudiantes volver\u00e1n a las aulas de manera escalonada a partir del 2 de septiembre.<\/p>\n<p>Las instituciones educativas afectadas por las fuertes lluvias podr\u00e1n reprogramar las fechas de sus actividades seg\u00fan el cronograma escolar, teniendo en cuenta el descanso obligatorio y siguiendo el Plan de Continuidad Educativa ante amenazas de origen natural.<\/p>\n<p>A partir del martes 16 de julio de 2024, se iniciar\u00e1n los procesos de traslado de hermanos en el r\u00e9gimen fiscal. Las matr\u00edculas para nuevos estudiantes ser\u00e1n el 13 de agosto, disponibles a trav\u00e9s de la plataforma en l\u00ednea (https:\/\/juntos.educacion.gob.ec\/).<\/p>\n","protected":false},"excerpt":{"rendered":"<p>Este lunes, 24 de junio de 2024, concluye el a\u00f1o escolar 2023-2024 en la regi\u00f3n Sierra-Amazon\u00eda, seg\u00fan el calendario establecido por el Ministerio de Educaci\u00f3n. En total, cerca de 1.7 millones de estudiantes de instituciones fiscales, fiscomisionales, municipales y particulares comenzar\u00e1n su periodo de vacaciones. Desde la semana pasada, diversas instituciones educativas de la Sierra y Amazon\u00eda han llevado a cabo programas de clausura del a\u00f1o escolar, contando con la participaci\u00f3n de estudiantes, personal administrativo y padres de familia. Con el fin del ciclo lectivo, se promocionan actividades recreativas conocidas como colonias vacacionales, ofreciendo a los estudiantes opciones para disfrutar de su tiempo libre. &nbsp; Los estudiantes que necesiten rendir ex\u00e1menes supletorios podr\u00e1n hacerlo hasta el 11 de julio. Por su parte, los docentes disfrutar\u00e1n de un mes de vacaciones ininterrumpidas, desde el 12 de julio hasta el 10 de agosto. Ellos retornar\u00e1n el 12 de agosto de 2024 para preparar el nuevo a\u00f1o escolar 2024-2025, mientras que los estudiantes volver\u00e1n a las aulas de manera escalonada a partir del 2 de septiembre. Las instituciones educativas afectadas por las fuertes lluvias podr\u00e1n reprogramar las fechas de sus actividades seg\u00fan el cronograma escolar, teniendo en cuenta el descanso obligatorio y siguiendo el Plan de Continuidad Educativa ante amenazas de origen natural. A partir del martes 16 de julio de 2024, se iniciar\u00e1n los procesos de traslado de hermanos en el r\u00e9gimen fiscal. Las matr\u00edculas para nuevos estudiantes ser\u00e1n el 13 de agosto, disponibles a trav\u00e9s de la plataforma en l\u00ednea (https:\/\/juntos.educacion.gob.ec\/).<\/p>\n","protected":false},"author":1,"featured_media":17017,"comment_status":"open","ping_status":"open","sticky":false,"template":"","format":"standard","meta":{"footnotes":""},"categories":[268],"tags":[],"class_list":["post-17016","post","type-post","status-publish","format-standard","has-post-thumbnail","hentry","category-nacionales"],"_links":{"self":[{"href":"https:\/\/www.elamazonico.com\/portal\/wp-json\/wp\/v2\/posts\/17016","targetHints":{"allow":["GET"]}}],"collection":[{"href":"https:\/\/www.elamazonico.com\/portal\/wp-json\/wp\/v2\/posts"}],"about":[{"href":"https:\/\/www.elamazonico.com\/portal\/wp-json\/wp\/v2\/types\/post"}],"author":[{"embeddable":true,"href":"https:\/\/www.elamazonico.com\/portal\/wp-json\/wp\/v2\/users\/1"}],"replies":[{"embeddable":true,"href":"https:\/\/www.elamazonico.com\/portal\/wp-json\/wp\/v2\/comments?post=17016"}],"version-history":[{"count":1,"href":"https:\/\/www.elamazonico.com\/portal\/wp-json\/wp\/v2\/posts\/17016\/revisions"}],"predecessor-version":[{"id":17018,"href":"https:\/\/www.elamazonico.com\/portal\/wp-json\/wp\/v2\/posts\/17016\/revisions\/17018"}],"wp:featuredmedia":[{"embeddable":true,"href":"https:\/\/www.elamazonico.com\/portal\/wp-json\/wp\/v2\/media\/17017"}],"wp:attachment":[{"href":"https:\/\/www.elamazonico.com\/portal\/wp-json\/wp\/v2\/media?parent=17016"}],"wp:term":[{"taxonomy":"category","embeddable":true,"href":"https:\/\/www.elamazonico.com\/portal\/wp-json\/wp\/v2\/categories?post=17016"},{"taxonomy":"post_tag","embeddable":true,"href":"https:\/\/www.elamazonico.com\/portal\/wp-json\/wp\/v2\/tags?post=17016"}],"curies":[{"name":"wp","href":"https:\/\/api.w.org\/{rel}","templated":true}]}}