{"id":16905,"date":"2024-06-18T08:50:51","date_gmt":"2024-06-18T13:50:51","guid":{"rendered":"https:\/\/www.elamazonico.com\/portal\/?p=16905"},"modified":"2024-06-18T09:05:38","modified_gmt":"2024-06-18T14:05:38","slug":"ii-congreso-ecuatoriano-de-micologia-en-loja-fortalecera-la-educacion-con-biodiversidad-de-hongos","status":"publish","type":"post","link":"https:\/\/www.elamazonico.com\/portal\/ii-congreso-ecuatoriano-de-micologia-en-loja-fortalecera-la-educacion-con-biodiversidad-de-hongos\/","title":{"rendered":"II Congreso Ecuatoriano de Micolog\u00eda en Loja fortalecer\u00e1 la educaci\u00f3n con biodiversidad de hongos"},"content":{"rendered":"<p><strong>\u00a0<\/strong><\/p>\n<p><em>El congreso se llevar\u00e1 a cabo el 18 y 19 de julio en el campus de la UTPL y contar\u00e1 con varias l\u00edneas tem\u00e1ticas que reforzar\u00e1n los conocimientos de los participantes.<\/em><\/p>\n<p>La Universidad T\u00e9cnica Particular de Loja (UTPL), a trav\u00e9s de su carrera de Biolog\u00eda, desarrollar\u00e1 el<strong> II Congreso Ecuatoriano de Micolog\u00eda<\/strong>, con sede en Loja, cuyo objetivo es <strong>fortalecer los lazos entre investigadores relacionados con el estudio de hongos en Ecuador, en diversos \u00e1mbitos <\/strong>como el conservacionista, aplicativo, biotecnol\u00f3gico o meramente investigativo. Adem\u00e1s, busca <strong>fomentar la educaci\u00f3n y el intercambio de conocimientos entre los participantes<\/strong>, promoviendo un mayor entendimiento y colaboraci\u00f3n en este campo cient\u00edfico.<\/p>\n<p>Dar\u00edo Cruz Sarmiento, director de la carrera de Biolog\u00eda de la UTPL y coordinador principal del congreso, coment\u00f3 que habr\u00e1 dos cursos precongreso, te\u00f3ricos\u2013pr\u00e1cticos, los d\u00edas 16 y 17 de julio. El primero, bajo la tem\u00e1tica de \u201c<strong>Sistem\u00e1tica de hongos y su potencial biotecnol\u00f3gico<\/strong>\u201d, revisar\u00e1 el protocolo de colecci\u00f3n de hongos en campo, la caracterizaci\u00f3n morfol\u00f3gica, la ilustraci\u00f3n cient\u00edfica, y el potencial de los hongos para el cultivo y nivel industrial de los mismos.<\/p>\n<p>El segundo precongreso, destinado al campo m\u00e9dico, se enfocar\u00e1 en \u201c<strong>Micosis superficial<\/strong>\u201d, abordando temas como la dermatofitosis y las micosis cut\u00e1neas. Se destacar\u00e1n las caracter\u00edsticas de cuadros cl\u00ednicos, se realizar\u00e1n tomas de muestras y cultivos de los organismos y se clasificar\u00e1 para determinar los pat\u00f3genos.<\/p>\n<p>Carolina Kalinhoff Rojas, docente investigadora de la UTPL, agreg\u00f3 que el congreso \u201c<strong>es un espacio sumamente importante para el \u00e1mbito de la Micolog\u00eda, porque el Sur de Ecuador es un lugar muy especial en t\u00e9rminos de biodiversidad<\/strong>\u201d. Adem\u00e1s, coment\u00f3 que los cursos precongreso para estudiantes y profesionales interesados en la Micolog\u00eda, son importantes para tener un entendimiento integral del tema.<\/p>\n<p>Andrea Jaramillo Riofr\u00edo, docente investigadora de la UTPL, a\u00f1adi\u00f3 que los cursos precongreso <strong>tendr\u00e1n un valor de USD 60 para estudiantes y profesionales, y el congreso tendr\u00e1 un valor de USD 70 para estudiantes y USD 90 para profesionales.<\/strong><\/p>\n<p>El congreso, que se realizar\u00e1 de manera presencial en el campus de la UTPL, estar\u00e1 dirigido para estudiantes, docentes e investigadores interesados en el \u00e1rea. <strong>Los asistentes recibir\u00e1n un certificado que avala su participaci\u00f3n y cumplimiento de las 40 horas del congreso. <\/strong>Se entregar\u00e1n dos tipos de certificaciones: para asistentes y para ponentes, seg\u00fan como se inscriban en la p\u00e1gina oficial del congreso, que ser\u00e1 habilitada pr\u00f3ximamente y estar\u00e1 abierta hasta finales de junio.<\/p>\n<p>Los interesados en participar del Congreso de Micolog\u00eda pueden inscribirse en: <u><a href=\"http:\/\/www.utpl.edu.ec\/congreso-micologia\/\">www.utpl.edu.ec\/congreso-micologia\/<\/a><\/u><\/p>\n<p>&nbsp;<\/p>\n<p><strong>\u00a0<\/strong><\/p>\n","protected":false},"excerpt":{"rendered":"<p>\u00a0 El congreso se llevar\u00e1 a cabo el 18 y 19 de julio en el campus de la UTPL y contar\u00e1 con varias l\u00edneas tem\u00e1ticas que reforzar\u00e1n los conocimientos de los participantes. La Universidad T\u00e9cnica Particular de Loja (UTPL), a trav\u00e9s de su carrera de Biolog\u00eda, desarrollar\u00e1 el II Congreso Ecuatoriano de Micolog\u00eda, con sede en Loja, cuyo objetivo es fortalecer los lazos entre investigadores relacionados con el estudio de hongos en Ecuador, en diversos \u00e1mbitos como el conservacionista, aplicativo, biotecnol\u00f3gico o meramente investigativo. Adem\u00e1s, busca fomentar la educaci\u00f3n y el intercambio de conocimientos entre los participantes, promoviendo un mayor entendimiento y colaboraci\u00f3n en este campo cient\u00edfico. Dar\u00edo Cruz Sarmiento, director de la carrera de Biolog\u00eda de la UTPL y coordinador principal del congreso, coment\u00f3 que habr\u00e1 dos cursos precongreso, te\u00f3ricos\u2013pr\u00e1cticos, los d\u00edas 16 y 17 de julio. El primero, bajo la tem\u00e1tica de \u201cSistem\u00e1tica de hongos y su potencial biotecnol\u00f3gico\u201d, revisar\u00e1 el protocolo de colecci\u00f3n de hongos en campo, la caracterizaci\u00f3n morfol\u00f3gica, la ilustraci\u00f3n cient\u00edfica, y el potencial de los hongos para el cultivo y nivel industrial de los mismos. El segundo precongreso, destinado al campo m\u00e9dico, se enfocar\u00e1 en \u201cMicosis superficial\u201d, abordando temas como la dermatofitosis y las micosis cut\u00e1neas. Se destacar\u00e1n las caracter\u00edsticas de cuadros cl\u00ednicos, se realizar\u00e1n tomas de muestras y cultivos de los organismos y se clasificar\u00e1 para determinar los pat\u00f3genos. Carolina Kalinhoff Rojas, docente investigadora de la UTPL, agreg\u00f3 que el congreso \u201ces un espacio sumamente importante para el \u00e1mbito de la Micolog\u00eda, porque el Sur de Ecuador es un lugar muy especial en t\u00e9rminos de biodiversidad\u201d. Adem\u00e1s, coment\u00f3 que los cursos precongreso para estudiantes y profesionales interesados en la Micolog\u00eda, son importantes para tener un entendimiento integral del tema. Andrea Jaramillo Riofr\u00edo, docente investigadora de la UTPL, a\u00f1adi\u00f3 que los cursos precongreso tendr\u00e1n un valor de USD 60 para estudiantes y profesionales, y el congreso tendr\u00e1 un valor de USD 70 para estudiantes y USD 90 para profesionales. El congreso, que se realizar\u00e1 de manera presencial en el campus de la UTPL, estar\u00e1 dirigido para estudiantes, docentes e investigadores interesados en el \u00e1rea. Los asistentes recibir\u00e1n un certificado que avala su participaci\u00f3n y cumplimiento de las 40 horas del congreso. Se entregar\u00e1n dos tipos de certificaciones: para asistentes y para ponentes, seg\u00fan como se inscriban en la p\u00e1gina oficial del congreso, que ser\u00e1 habilitada pr\u00f3ximamente y estar\u00e1 abierta hasta finales de junio. Los interesados en participar del Congreso de Micolog\u00eda pueden inscribirse en: www.utpl.edu.ec\/congreso-micologia\/ &nbsp; \u00a0<\/p>\n","protected":false},"author":1,"featured_media":16906,"comment_status":"open","ping_status":"open","sticky":false,"template":"","format":"standard","meta":{"footnotes":""},"categories":[284],"tags":[],"class_list":["post-16905","post","type-post","status-publish","format-standard","has-post-thumbnail","hentry","category-noticias-loja"],"_links":{"self":[{"href":"https:\/\/www.elamazonico.com\/portal\/wp-json\/wp\/v2\/posts\/16905","targetHints":{"allow":["GET"]}}],"collection":[{"href":"https:\/\/www.elamazonico.com\/portal\/wp-json\/wp\/v2\/posts"}],"about":[{"href":"https:\/\/www.elamazonico.com\/portal\/wp-json\/wp\/v2\/types\/post"}],"author":[{"embeddable":true,"href":"https:\/\/www.elamazonico.com\/portal\/wp-json\/wp\/v2\/users\/1"}],"replies":[{"embeddable":true,"href":"https:\/\/www.elamazonico.com\/portal\/wp-json\/wp\/v2\/comments?post=16905"}],"version-history":[{"count":1,"href":"https:\/\/www.elamazonico.com\/portal\/wp-json\/wp\/v2\/posts\/16905\/revisions"}],"predecessor-version":[{"id":16907,"href":"https:\/\/www.elamazonico.com\/portal\/wp-json\/wp\/v2\/posts\/16905\/revisions\/16907"}],"wp:featuredmedia":[{"embeddable":true,"href":"https:\/\/www.elamazonico.com\/portal\/wp-json\/wp\/v2\/media\/16906"}],"wp:attachment":[{"href":"https:\/\/www.elamazonico.com\/portal\/wp-json\/wp\/v2\/media?parent=16905"}],"wp:term":[{"taxonomy":"category","embeddable":true,"href":"https:\/\/www.elamazonico.com\/portal\/wp-json\/wp\/v2\/categories?post=16905"},{"taxonomy":"post_tag","embeddable":true,"href":"https:\/\/www.elamazonico.com\/portal\/wp-json\/wp\/v2\/tags?post=16905"}],"curies":[{"name":"wp","href":"https:\/\/api.w.org\/{rel}","templated":true}]}}