{"id":16869,"date":"2024-06-17T10:14:02","date_gmt":"2024-06-17T15:14:02","guid":{"rendered":"https:\/\/www.elamazonico.com\/portal\/?p=16869"},"modified":"2024-06-17T10:14:02","modified_gmt":"2024-06-17T15:14:02","slug":"rector-de-la-utpl-realizo-gira-por-europa-en-busca-de-nuevas-oportunidades-para-la-comunidad-universitaria","status":"publish","type":"post","link":"https:\/\/www.elamazonico.com\/portal\/rector-de-la-utpl-realizo-gira-por-europa-en-busca-de-nuevas-oportunidades-para-la-comunidad-universitaria\/","title":{"rendered":"Rector de la UTPL realiz\u00f3 gira por Europa en busca de nuevas oportunidades para la comunidad universitaria"},"content":{"rendered":"<p><em>Esta visita tuvo el prop\u00f3sito de impulsar la innovaci\u00f3n educativa y fortalecer las capacidades institucionales de las universidades ecuatorianas en beneficio de la calidad en los procesos de ense\u00f1anza y la investigaci\u00f3n.<\/em><\/p>\n<p>Con el objetivo de consolidar y ampliar las relaciones internacionales y las capacidades de innovaci\u00f3n de las universidades ecuatorianas, el rector de la Universidad T\u00e9cnica Particular de Loja (UTPL), Santiago Acosta Aide, form\u00f3 parte de una destacada delegaci\u00f3n de la <strong>Comunidad de Rectores CEDIA (Corporaci\u00f3n Ecuatoriana para el Desarrollo de la Investigaci\u00f3n y la Academia) <\/strong>que realiz\u00f3 una gira por Europa.<\/p>\n<p>Este viaje se enmarc\u00f3 en el programa de Inmersi\u00f3n Ecosistema B\u00e9lgica, que busca <strong>establecer convenios y alianzas estrat\u00e9gicas con diversas instituciones y fomentar iniciativas dedicadas a la innovaci\u00f3n educativa y al desarrollo cient\u00edfico.<\/strong><\/p>\n<p>La gira se centr\u00f3 en la <strong>colaboraci\u00f3n entre actores y organizaciones de renombre,<\/strong> como la Comisi\u00f3n Europea y sus dependencias, encargadas de temas relacionados con la investigaci\u00f3n, innovaci\u00f3n, educaci\u00f3n, cultura y financiamiento. Durante la visita, los rectores recorrieron instituciones clave como la Organizaci\u00f3n Europea de Ciberseguridad (ECSO), que promueve la cooperaci\u00f3n en ciberseguridad entre empresas, pymes, startups y centros de investigaci\u00f3n; tambi\u00e9n, se reunieron con el Consejo Europeo de Investigaci\u00f3n (ERC), que impulsa la investigaci\u00f3n de excelencia mediante programas de subvenciones competitivas.<\/p>\n<p>Adem\u00e1s, el programa incluy\u00f3 reuniones con representantes de la Comisi\u00f3n Europea, espec\u00edficamente de la Direcci\u00f3n General de Investigaci\u00f3n e Innovaci\u00f3n (DG RTD) y la Direcci\u00f3n General de Educaci\u00f3n, Juventud, Deporte y Cultura (DG EAC). <strong>Estas reuniones permitieron conocer de cerca las pol\u00edticas y programas de apoyo a la investigaci\u00f3n y la educaci\u00f3n<\/strong>, como Horizonte Europa y Erasmus+. Los rectores tambi\u00e9n visitaron SOCIEUX+, una iniciativa europea dedicada a la protecci\u00f3n social, el trabajo y el empleo, que facilita el intercambio t\u00e9cnico y la cooperaci\u00f3n institucional.<\/p>\n<p>La visita a la prestigiosa Universidad KU Leuven, en B\u00e9lgica, permiti\u00f3 a la delegaci\u00f3n explorar diversas acciones y logros en investigaci\u00f3n, innovaci\u00f3n y sostenibilidad. <strong>Esta universidad es un referente en la integraci\u00f3n de la digitalizaci\u00f3n y la sostenibilidad en su modelo educativo.<\/strong><\/p>\n<p>Durante esta semana, el Rector se reuni\u00f3 con autoridades de la Universidad de Las Palmas de Gran Canaria, en donde dialog\u00f3 sobre <strong>cooperaci\u00f3n interinstitucional y las oportunidades de movilidad estudiantil para fortalecer nuestra proyecci\u00f3n internacional. <\/strong><\/p>\n<p>Para la UTPL, esta gira representa una oportunidad invaluable para impulsar sus capacidades institucionales, establecer alianzas estrat\u00e9gicas y mejorar la calidad educativa. La colaboraci\u00f3n con instituciones europeas de vanguardia permitir\u00e1 a la universidad incorporar nuevas tecnolog\u00edas, metodolog\u00edas y pr\u00e1cticas educativas que beneficiar\u00e1n directamente a sus estudiantes y a la comunidad acad\u00e9mica.<\/p>\n<p>&nbsp;<\/p>\n","protected":false},"excerpt":{"rendered":"<p>Esta visita tuvo el prop\u00f3sito de impulsar la innovaci\u00f3n educativa y fortalecer las capacidades institucionales de las universidades ecuatorianas en beneficio de la calidad en los procesos de ense\u00f1anza y la investigaci\u00f3n. Con el objetivo de consolidar y ampliar las relaciones internacionales y las capacidades de innovaci\u00f3n de las universidades ecuatorianas, el rector de la Universidad T\u00e9cnica Particular de Loja (UTPL), Santiago Acosta Aide, form\u00f3 parte de una destacada delegaci\u00f3n de la Comunidad de Rectores CEDIA (Corporaci\u00f3n Ecuatoriana para el Desarrollo de la Investigaci\u00f3n y la Academia) que realiz\u00f3 una gira por Europa. Este viaje se enmarc\u00f3 en el programa de Inmersi\u00f3n Ecosistema B\u00e9lgica, que busca establecer convenios y alianzas estrat\u00e9gicas con diversas instituciones y fomentar iniciativas dedicadas a la innovaci\u00f3n educativa y al desarrollo cient\u00edfico. La gira se centr\u00f3 en la colaboraci\u00f3n entre actores y organizaciones de renombre, como la Comisi\u00f3n Europea y sus dependencias, encargadas de temas relacionados con la investigaci\u00f3n, innovaci\u00f3n, educaci\u00f3n, cultura y financiamiento. Durante la visita, los rectores recorrieron instituciones clave como la Organizaci\u00f3n Europea de Ciberseguridad (ECSO), que promueve la cooperaci\u00f3n en ciberseguridad entre empresas, pymes, startups y centros de investigaci\u00f3n; tambi\u00e9n, se reunieron con el Consejo Europeo de Investigaci\u00f3n (ERC), que impulsa la investigaci\u00f3n de excelencia mediante programas de subvenciones competitivas. Adem\u00e1s, el programa incluy\u00f3 reuniones con representantes de la Comisi\u00f3n Europea, espec\u00edficamente de la Direcci\u00f3n General de Investigaci\u00f3n e Innovaci\u00f3n (DG RTD) y la Direcci\u00f3n General de Educaci\u00f3n, Juventud, Deporte y Cultura (DG EAC). Estas reuniones permitieron conocer de cerca las pol\u00edticas y programas de apoyo a la investigaci\u00f3n y la educaci\u00f3n, como Horizonte Europa y Erasmus+. Los rectores tambi\u00e9n visitaron SOCIEUX+, una iniciativa europea dedicada a la protecci\u00f3n social, el trabajo y el empleo, que facilita el intercambio t\u00e9cnico y la cooperaci\u00f3n institucional. La visita a la prestigiosa Universidad KU Leuven, en B\u00e9lgica, permiti\u00f3 a la delegaci\u00f3n explorar diversas acciones y logros en investigaci\u00f3n, innovaci\u00f3n y sostenibilidad. Esta universidad es un referente en la integraci\u00f3n de la digitalizaci\u00f3n y la sostenibilidad en su modelo educativo. Durante esta semana, el Rector se reuni\u00f3 con autoridades de la Universidad de Las Palmas de Gran Canaria, en donde dialog\u00f3 sobre cooperaci\u00f3n interinstitucional y las oportunidades de movilidad estudiantil para fortalecer nuestra proyecci\u00f3n internacional. Para la UTPL, esta gira representa una oportunidad invaluable para impulsar sus capacidades institucionales, establecer alianzas estrat\u00e9gicas y mejorar la calidad educativa. La colaboraci\u00f3n con instituciones europeas de vanguardia permitir\u00e1 a la universidad incorporar nuevas tecnolog\u00edas, metodolog\u00edas y pr\u00e1cticas educativas que beneficiar\u00e1n directamente a sus estudiantes y a la comunidad acad\u00e9mica. &nbsp;<\/p>\n","protected":false},"author":1,"featured_media":16870,"comment_status":"open","ping_status":"open","sticky":false,"template":"","format":"standard","meta":{"footnotes":""},"categories":[284],"tags":[],"class_list":["post-16869","post","type-post","status-publish","format-standard","has-post-thumbnail","hentry","category-noticias-loja"],"_links":{"self":[{"href":"https:\/\/www.elamazonico.com\/portal\/wp-json\/wp\/v2\/posts\/16869","targetHints":{"allow":["GET"]}}],"collection":[{"href":"https:\/\/www.elamazonico.com\/portal\/wp-json\/wp\/v2\/posts"}],"about":[{"href":"https:\/\/www.elamazonico.com\/portal\/wp-json\/wp\/v2\/types\/post"}],"author":[{"embeddable":true,"href":"https:\/\/www.elamazonico.com\/portal\/wp-json\/wp\/v2\/users\/1"}],"replies":[{"embeddable":true,"href":"https:\/\/www.elamazonico.com\/portal\/wp-json\/wp\/v2\/comments?post=16869"}],"version-history":[{"count":1,"href":"https:\/\/www.elamazonico.com\/portal\/wp-json\/wp\/v2\/posts\/16869\/revisions"}],"predecessor-version":[{"id":16871,"href":"https:\/\/www.elamazonico.com\/portal\/wp-json\/wp\/v2\/posts\/16869\/revisions\/16871"}],"wp:featuredmedia":[{"embeddable":true,"href":"https:\/\/www.elamazonico.com\/portal\/wp-json\/wp\/v2\/media\/16870"}],"wp:attachment":[{"href":"https:\/\/www.elamazonico.com\/portal\/wp-json\/wp\/v2\/media?parent=16869"}],"wp:term":[{"taxonomy":"category","embeddable":true,"href":"https:\/\/www.elamazonico.com\/portal\/wp-json\/wp\/v2\/categories?post=16869"},{"taxonomy":"post_tag","embeddable":true,"href":"https:\/\/www.elamazonico.com\/portal\/wp-json\/wp\/v2\/tags?post=16869"}],"curies":[{"name":"wp","href":"https:\/\/api.w.org\/{rel}","templated":true}]}}