{"id":16779,"date":"2024-06-12T10:44:30","date_gmt":"2024-06-12T15:44:30","guid":{"rendered":"https:\/\/www.elamazonico.com\/portal\/?p=16779"},"modified":"2024-06-12T10:45:22","modified_gmt":"2024-06-12T15:45:22","slug":"utpl-entrega-proyecto-arquitectonico-a-escuela-alonso-de-mercadillo","status":"publish","type":"post","link":"https:\/\/www.elamazonico.com\/portal\/utpl-entrega-proyecto-arquitectonico-a-escuela-alonso-de-mercadillo\/","title":{"rendered":"UTPL entrega proyecto arquitect\u00f3nico a escuela Alonso de Mercadillo"},"content":{"rendered":"<p><em>La carrera de Arquitectura dise\u00f1\u00f3 un Pabell\u00f3n Multiuso en la Escuela Alonso de Mercadillo como parte de un proyecto de innovaci\u00f3n y vinculaci\u00f3n docente. Esta iniciativa tuvo una duraci\u00f3n de un a\u00f1o y se desarroll\u00f3 con estudiantes del octavo y noveno ciclo.<\/em><\/p>\n<p>Con gran entusiasmo y orgullo, la Escuela de Educaci\u00f3n B\u00e1sica Alonso de Mercadillo inaugur\u00f3 su nuevo Pabell\u00f3n Multiuso, una obra que promueve espacios educativos y comunitarios innovadores. Con este proyecto, coordinado por Holger Cuadrado Torres, docente de la carrera de Arquitectura de la Universidad T\u00e9cnica Particular de Loja (UTPL), la academia fortalece su vinculaci\u00f3n con la sociedad.<\/p>\n<p>El pabell\u00f3n, construido con el apoyo de estudiantes de octavo y noveno ciclo de la carrera de Arquitectura, representa un esfuerzo conjunto en beneficio de la comunidad. <strong>Los estudiantes universitarios no solo aplicaron sus conocimientos te\u00f3ricos en un contexto pr\u00e1ctico, sino que tambi\u00e9n contribuyeron directamente al bienestar de los ni\u00f1os y j\u00f3venes de la escuela, precisa Cuadrado.<\/strong><\/p>\n<p>El coordinador del proyecto destac\u00f3 el proceso de estas iniciativas. \u00abEl<strong> Taller de Carpinter\u00eda: aprendiendo desde la pr\u00e1ctica, tuvo el objetivo de construir un proyecto a escala real<\/strong>, empezando desde la etapa inicial del dise\u00f1o arquitect\u00f3nico a partir de planos, maqueta, estudio del lugar hasta llegar al proyecto definitivo y producto a escala real\u00bb.<\/p>\n<p>Durante la ceremonia de inauguraci\u00f3n, autoridades de la UTPL, representantes de la unidad educativa, estudiantes y padres de familia se reunieron para celebrar este logro. El presidente del comit\u00e9 central, Braulio Chicaiza, expres\u00f3 su agradecimiento: \u00abestamos profundamente agradecidos por el apoyo de la universidad y la dedicaci\u00f3n de los estudiantes de Arquitectura. <strong>Este pabell\u00f3n ser\u00e1 un lugar donde nuestros ni\u00f1os puedan aprender, jugar y crecer en un entorno seguro y moderno<\/strong>\u00ab.<\/p>\n<p>La inauguraci\u00f3n del Pabell\u00f3n Multiuso marca el inicio de una nueva etapa para la escuela y su comunidad. Con este nuevo espacio, se espera fomentar un ambiente de aprendizaje m\u00e1s din\u00e1mico y participativo gracias al apoyo de la Universidad T\u00e9cnica Particular de Loja, culmin\u00f3 el coordinador.<\/p>\n<p>Este proyecto forma parte de las <strong>104 propuestas innovadoras que se realizan en la comunidad universitaria, a trav\u00e9s de las diferentes carreras de grado y posgrado<\/strong>, en el periodo abril \u2013 agosto 2024.<\/p>\n<p>&nbsp;<\/p>\n","protected":false},"excerpt":{"rendered":"<p>La carrera de Arquitectura dise\u00f1\u00f3 un Pabell\u00f3n Multiuso en la Escuela Alonso de Mercadillo como parte de un proyecto de innovaci\u00f3n y vinculaci\u00f3n docente. Esta iniciativa tuvo una duraci\u00f3n de un a\u00f1o y se desarroll\u00f3 con estudiantes del octavo y noveno ciclo. Con gran entusiasmo y orgullo, la Escuela de Educaci\u00f3n B\u00e1sica Alonso de Mercadillo inaugur\u00f3 su nuevo Pabell\u00f3n Multiuso, una obra que promueve espacios educativos y comunitarios innovadores. Con este proyecto, coordinado por Holger Cuadrado Torres, docente de la carrera de Arquitectura de la Universidad T\u00e9cnica Particular de Loja (UTPL), la academia fortalece su vinculaci\u00f3n con la sociedad. El pabell\u00f3n, construido con el apoyo de estudiantes de octavo y noveno ciclo de la carrera de Arquitectura, representa un esfuerzo conjunto en beneficio de la comunidad. Los estudiantes universitarios no solo aplicaron sus conocimientos te\u00f3ricos en un contexto pr\u00e1ctico, sino que tambi\u00e9n contribuyeron directamente al bienestar de los ni\u00f1os y j\u00f3venes de la escuela, precisa Cuadrado. El coordinador del proyecto destac\u00f3 el proceso de estas iniciativas. \u00abEl Taller de Carpinter\u00eda: aprendiendo desde la pr\u00e1ctica, tuvo el objetivo de construir un proyecto a escala real, empezando desde la etapa inicial del dise\u00f1o arquitect\u00f3nico a partir de planos, maqueta, estudio del lugar hasta llegar al proyecto definitivo y producto a escala real\u00bb. Durante la ceremonia de inauguraci\u00f3n, autoridades de la UTPL, representantes de la unidad educativa, estudiantes y padres de familia se reunieron para celebrar este logro. El presidente del comit\u00e9 central, Braulio Chicaiza, expres\u00f3 su agradecimiento: \u00abestamos profundamente agradecidos por el apoyo de la universidad y la dedicaci\u00f3n de los estudiantes de Arquitectura. Este pabell\u00f3n ser\u00e1 un lugar donde nuestros ni\u00f1os puedan aprender, jugar y crecer en un entorno seguro y moderno\u00ab. La inauguraci\u00f3n del Pabell\u00f3n Multiuso marca el inicio de una nueva etapa para la escuela y su comunidad. Con este nuevo espacio, se espera fomentar un ambiente de aprendizaje m\u00e1s din\u00e1mico y participativo gracias al apoyo de la Universidad T\u00e9cnica Particular de Loja, culmin\u00f3 el coordinador. Este proyecto forma parte de las 104 propuestas innovadoras que se realizan en la comunidad universitaria, a trav\u00e9s de las diferentes carreras de grado y posgrado, en el periodo abril \u2013 agosto 2024. &nbsp;<\/p>\n","protected":false},"author":1,"featured_media":16780,"comment_status":"open","ping_status":"open","sticky":false,"template":"","format":"standard","meta":{"footnotes":""},"categories":[284],"tags":[],"class_list":["post-16779","post","type-post","status-publish","format-standard","has-post-thumbnail","hentry","category-noticias-loja"],"_links":{"self":[{"href":"https:\/\/www.elamazonico.com\/portal\/wp-json\/wp\/v2\/posts\/16779","targetHints":{"allow":["GET"]}}],"collection":[{"href":"https:\/\/www.elamazonico.com\/portal\/wp-json\/wp\/v2\/posts"}],"about":[{"href":"https:\/\/www.elamazonico.com\/portal\/wp-json\/wp\/v2\/types\/post"}],"author":[{"embeddable":true,"href":"https:\/\/www.elamazonico.com\/portal\/wp-json\/wp\/v2\/users\/1"}],"replies":[{"embeddable":true,"href":"https:\/\/www.elamazonico.com\/portal\/wp-json\/wp\/v2\/comments?post=16779"}],"version-history":[{"count":1,"href":"https:\/\/www.elamazonico.com\/portal\/wp-json\/wp\/v2\/posts\/16779\/revisions"}],"predecessor-version":[{"id":16781,"href":"https:\/\/www.elamazonico.com\/portal\/wp-json\/wp\/v2\/posts\/16779\/revisions\/16781"}],"wp:featuredmedia":[{"embeddable":true,"href":"https:\/\/www.elamazonico.com\/portal\/wp-json\/wp\/v2\/media\/16780"}],"wp:attachment":[{"href":"https:\/\/www.elamazonico.com\/portal\/wp-json\/wp\/v2\/media?parent=16779"}],"wp:term":[{"taxonomy":"category","embeddable":true,"href":"https:\/\/www.elamazonico.com\/portal\/wp-json\/wp\/v2\/categories?post=16779"},{"taxonomy":"post_tag","embeddable":true,"href":"https:\/\/www.elamazonico.com\/portal\/wp-json\/wp\/v2\/tags?post=16779"}],"curies":[{"name":"wp","href":"https:\/\/api.w.org\/{rel}","templated":true}]}}