{"id":16546,"date":"2024-05-31T10:57:27","date_gmt":"2024-05-31T15:57:27","guid":{"rendered":"https:\/\/www.elamazonico.com\/portal\/?p=16546"},"modified":"2024-05-31T10:57:27","modified_gmt":"2024-05-31T15:57:27","slug":"karina-valarezo-recibio-reconocimiento-nacional-por-su-destacado-aporte-personal-y-profesional","status":"publish","type":"post","link":"https:\/\/www.elamazonico.com\/portal\/karina-valarezo-recibio-reconocimiento-nacional-por-su-destacado-aporte-personal-y-profesional\/","title":{"rendered":"Karina Valarezo recibi\u00f3 reconocimiento nacional por su destacado aporte personal y profesional"},"content":{"rendered":"<p><em>La directora de Comunicaci\u00f3n y Mercadeo y docente de la UTPL fue reconocida como \u2018Supermam\u00e1 2024\u2019 por su contribuci\u00f3n profesional y su inspirador rol como madre. El evento fue organizado por Revista Hogar y Revista Selecciones. <\/em><\/p>\n<p><em>\u00a0<\/em>En un emotivo evento celebrado en Guayaquil el 29 de mayo de 2024, Karina Valarezo Gonz\u00e1lez, directora de Comunicaci\u00f3n y Mercadeo de la Universidad T\u00e9cnica Particular de Loja (DIRCOM UTPL) y docente investigadora de esta misma instituci\u00f3n, recibi\u00f3 el reconocimiento de<strong> &#8216;Supermam\u00e1 2024&#8217; por su destacado aporte profesional y su inspirador rol como madre.<\/strong><\/p>\n<p>Organizado por Revista Hogar del Grupo Vistazo y Revista Selecciones de M\u00e9xico, <strong>el evento honr\u00f3 a ocho madres ejemplares de Ecuador que, con su liderazgo, pasi\u00f3n y compromiso, han contribuido significativamente a la sociedad en diversas \u00e1reas.<\/strong> Entre las galardonadas se encuentran figuras reconocidas en el pa\u00eds, como Estefani Esp\u00edn, Claudia Salem y Gaby D\u00edaz.<\/p>\n<p>En su discurso, Karina Valarezo expres\u00f3 su agradecimiento y felicidad por recibir este importante reconocimiento, que valora el esfuerzo diario de las mujeres, y destac\u00f3 su labor en el \u00e1mbito universitario como docente de grado y posgrado, investigadora y directora de Comunicaci\u00f3n y Mercadeo.<\/p>\n<p>\u201cMe apasiona mucho lo que hago. <strong>Considero que desde mi trabajo contribuyo a que muchas personas alcancen su sue\u00f1o de tener un t\u00edtulo universitario<\/strong>, lo cual puede cambiar sus vidas, la de sus familias e incluso su entorno. <strong>Combino esta faceta con mi rol de esposa y madre de dos hermosos hijos<\/strong>. A este n\u00facleo familiar se suma el <strong>apoyo de mis padres, dos personas extraordinarias<\/strong> que con su ejemplo y amor me han ayudado en muchos aspectos de mi vida. Mi familia es mi motor y a ellos les debo todo lo que he logrado ser\u201d, se\u00f1al\u00f3 Karina.<\/p>\n<p>Adem\u00e1s, <strong>motiv\u00f3 a las mujeres a no desanimarse y a luchar por conseguir espacios en la vida profesional<\/strong>, afirmando que tienen toda la capacidad para desempe\u00f1arse en diferentes \u00e1mbitos con responsabilidad, optimismo y eficacia.<\/p>\n<p>Para concluir, la catedr\u00e1tica manifest\u00f3 que <strong>Dios puso a las mujeres en el mundo con una misi\u00f3n muy importante<\/strong>, y enfatiz\u00f3 en la necesidad de reconocer las competencias y vocaciones propias para, desde all\u00ed, contribuir a la sociedad y ser fuente de inspiraci\u00f3n para las nuevas generaciones.<\/p>\n<p><strong>Dato <\/strong><\/p>\n<p>A nivel acad\u00e9mico, Karina Valarezo es licenciada en Relaciones P\u00fablicas por la Universidad Tecnol\u00f3gica Equinoccial; cuenta con un Diploma Superior de Estudios Avanzados en Comunicaci\u00f3n y Periodismo; y es Doctora en Comunicaci\u00f3n y Periodismo por la Universidad Santiago de Compostela de Espa\u00f1a. Es docente investigadora de grado y posgrado en la UTPL.<\/p>\n<p>&nbsp;<\/p>\n<p>&nbsp;<\/p>\n<p>&nbsp;<\/p>\n","protected":false},"excerpt":{"rendered":"<p>La directora de Comunicaci\u00f3n y Mercadeo y docente de la UTPL fue reconocida como \u2018Supermam\u00e1 2024\u2019 por su contribuci\u00f3n profesional y su inspirador rol como madre. El evento fue organizado por Revista Hogar y Revista Selecciones. \u00a0En un emotivo evento celebrado en Guayaquil el 29 de mayo de 2024, Karina Valarezo Gonz\u00e1lez, directora de Comunicaci\u00f3n y Mercadeo de la Universidad T\u00e9cnica Particular de Loja (DIRCOM UTPL) y docente investigadora de esta misma instituci\u00f3n, recibi\u00f3 el reconocimiento de &#8216;Supermam\u00e1 2024&#8217; por su destacado aporte profesional y su inspirador rol como madre. Organizado por Revista Hogar del Grupo Vistazo y Revista Selecciones de M\u00e9xico, el evento honr\u00f3 a ocho madres ejemplares de Ecuador que, con su liderazgo, pasi\u00f3n y compromiso, han contribuido significativamente a la sociedad en diversas \u00e1reas. Entre las galardonadas se encuentran figuras reconocidas en el pa\u00eds, como Estefani Esp\u00edn, Claudia Salem y Gaby D\u00edaz. En su discurso, Karina Valarezo expres\u00f3 su agradecimiento y felicidad por recibir este importante reconocimiento, que valora el esfuerzo diario de las mujeres, y destac\u00f3 su labor en el \u00e1mbito universitario como docente de grado y posgrado, investigadora y directora de Comunicaci\u00f3n y Mercadeo. \u201cMe apasiona mucho lo que hago. Considero que desde mi trabajo contribuyo a que muchas personas alcancen su sue\u00f1o de tener un t\u00edtulo universitario, lo cual puede cambiar sus vidas, la de sus familias e incluso su entorno. Combino esta faceta con mi rol de esposa y madre de dos hermosos hijos. A este n\u00facleo familiar se suma el apoyo de mis padres, dos personas extraordinarias que con su ejemplo y amor me han ayudado en muchos aspectos de mi vida. Mi familia es mi motor y a ellos les debo todo lo que he logrado ser\u201d, se\u00f1al\u00f3 Karina. Adem\u00e1s, motiv\u00f3 a las mujeres a no desanimarse y a luchar por conseguir espacios en la vida profesional, afirmando que tienen toda la capacidad para desempe\u00f1arse en diferentes \u00e1mbitos con responsabilidad, optimismo y eficacia. Para concluir, la catedr\u00e1tica manifest\u00f3 que Dios puso a las mujeres en el mundo con una misi\u00f3n muy importante, y enfatiz\u00f3 en la necesidad de reconocer las competencias y vocaciones propias para, desde all\u00ed, contribuir a la sociedad y ser fuente de inspiraci\u00f3n para las nuevas generaciones. Dato A nivel acad\u00e9mico, Karina Valarezo es licenciada en Relaciones P\u00fablicas por la Universidad Tecnol\u00f3gica Equinoccial; cuenta con un Diploma Superior de Estudios Avanzados en Comunicaci\u00f3n y Periodismo; y es Doctora en Comunicaci\u00f3n y Periodismo por la Universidad Santiago de Compostela de Espa\u00f1a. Es docente investigadora de grado y posgrado en la UTPL. &nbsp; &nbsp; &nbsp;<\/p>\n","protected":false},"author":1,"featured_media":16547,"comment_status":"open","ping_status":"open","sticky":false,"template":"","format":"standard","meta":{"footnotes":""},"categories":[284],"tags":[],"class_list":["post-16546","post","type-post","status-publish","format-standard","has-post-thumbnail","hentry","category-noticias-loja"],"_links":{"self":[{"href":"https:\/\/www.elamazonico.com\/portal\/wp-json\/wp\/v2\/posts\/16546","targetHints":{"allow":["GET"]}}],"collection":[{"href":"https:\/\/www.elamazonico.com\/portal\/wp-json\/wp\/v2\/posts"}],"about":[{"href":"https:\/\/www.elamazonico.com\/portal\/wp-json\/wp\/v2\/types\/post"}],"author":[{"embeddable":true,"href":"https:\/\/www.elamazonico.com\/portal\/wp-json\/wp\/v2\/users\/1"}],"replies":[{"embeddable":true,"href":"https:\/\/www.elamazonico.com\/portal\/wp-json\/wp\/v2\/comments?post=16546"}],"version-history":[{"count":1,"href":"https:\/\/www.elamazonico.com\/portal\/wp-json\/wp\/v2\/posts\/16546\/revisions"}],"predecessor-version":[{"id":16548,"href":"https:\/\/www.elamazonico.com\/portal\/wp-json\/wp\/v2\/posts\/16546\/revisions\/16548"}],"wp:featuredmedia":[{"embeddable":true,"href":"https:\/\/www.elamazonico.com\/portal\/wp-json\/wp\/v2\/media\/16547"}],"wp:attachment":[{"href":"https:\/\/www.elamazonico.com\/portal\/wp-json\/wp\/v2\/media?parent=16546"}],"wp:term":[{"taxonomy":"category","embeddable":true,"href":"https:\/\/www.elamazonico.com\/portal\/wp-json\/wp\/v2\/categories?post=16546"},{"taxonomy":"post_tag","embeddable":true,"href":"https:\/\/www.elamazonico.com\/portal\/wp-json\/wp\/v2\/tags?post=16546"}],"curies":[{"name":"wp","href":"https:\/\/api.w.org\/{rel}","templated":true}]}}