{"id":16498,"date":"2024-05-29T11:27:08","date_gmt":"2024-05-29T16:27:08","guid":{"rendered":"https:\/\/www.elamazonico.comportal\/?p=16498"},"modified":"2024-05-29T11:27:08","modified_gmt":"2024-05-29T16:27:08","slug":"utpl-impulsa-encuentros-sostenibles-a-traves-de-sus-catedras-unesco","status":"publish","type":"post","link":"https:\/\/www.elamazonico.com\/portal\/utpl-impulsa-encuentros-sostenibles-a-traves-de-sus-catedras-unesco\/","title":{"rendered":"UTPL impulsa encuentros sostenibles a trav\u00e9s de sus C\u00e1tedras Unesco"},"content":{"rendered":"<p><em>Estos espacios de di\u00e1logo se realizan una vez al mes y est\u00e1n dise\u00f1ados para abordar y debatir diversas tem\u00e1ticas de inter\u00e9s social, promoviendo un intercambio constructivo entre la sociedad.<\/em><\/p>\n<p>La Universidad T\u00e9cnica Particular de Loja (UTPL), a trav\u00e9s de sus tres C\u00e1tedras Unesco, Cultura y Educaci\u00f3n para la Paz; \u00c9tica y Sociedad de la Educaci\u00f3n Superior y Desarrollo Sostenible, lleva a cabo encuentros sostenibles donde se da apertura al<strong> di\u00e1logo informal entre diferentes actores acad\u00e9micos, tomadores de decisiones, estudiantes, sociedad civil, entre otros.<\/strong><\/p>\n<p>Estos espacios est\u00e1n planificados para realizarse una vez al mes hasta el final del 2024 y pretenden concienciar y formar a la ciudadan\u00eda en tem\u00e1ticas abordadas en la discusi\u00f3n social.<\/p>\n<p>En mayo se realiz\u00f3 el primer encuentro sostenible, desde la C\u00e1tedra Unesco Cultura y Educaci\u00f3n para la Paz, donde el tema central fue: \u201c<strong>El derecho a una vida libre de violencia como mecanismo para fomentar una cultura de paz<\/strong>\u201d. Este evento se realiz\u00f3 en conjunto con la Defensor\u00eda del Pueblo y se discutieron razones y mecanismos para que la violencia, en sus diferentes tipos, disminuya en la sociedad.<\/p>\n<p>Santiago P\u00e9rez Samaniego, coordinador de Gesti\u00f3n de las C\u00e1tedras Unesco de la UTPL, comenta que estos encuentros tienen la particularidad de <strong>informar y discutir informalmente, en espacios amenos y abiertos, los temas centrales de las C\u00e1tedras Unesco, como la paz, la \u00e9tica, el desarrollo sostenible <\/strong>y otros temas de coyuntura que se encuentren dentro de la discusi\u00f3n p\u00fablica.<\/p>\n<p>\u201cLos temas centrales que tocamos en estos encuentros son los de la agenda tem\u00e1tica de las c\u00e1tedras y buscamos que participen todas las personas que est\u00e9n interesadas. Incluso lo hacen estudiantes de colegio. <strong>Desde la universidad se impulsa una estrategia para que nuevos estudiantes conozcan que dentro de la UTPL existen estas oficinas que realizan este tipo de encuentros<\/strong>\u201d, expresa P\u00e9rez.<\/p>\n<p>Por su parte, Catalina Mier Sanmart\u00edn, miembro de la C\u00e1tedra Unesco de Cultura y Educaci\u00f3n para la Paz, comenta que el pr\u00f3ximo encuentro, que se va a <strong>desarrollar el 6 de junio de 2024, est\u00e1 relacionado con la C\u00e1tedra de \u00c9tica y Sociedad de la Educaci\u00f3n Superior, con el tema \u00c9tica Jur\u00eddica e Inteligencia Artificial.<\/strong><\/p>\n<p>\u201cAdem\u00e1s, a lo largo del a\u00f1o, habr\u00e1 m\u00e1s encuentros, como el que impulsa la C\u00e1tedra Desarrollo Sostenible, con el tema Retos de la Bioeconom\u00eda hacia la Sostenibilidad, y la C\u00e1tedra de Cultura y Educaci\u00f3n para la Paz con el tema Comunicaci\u00f3n para la Paz. Adicionalmente, <strong>en los meses finales del 2024, se realizar\u00e1 un conversatorio sobre racismo, xenofobia y discriminaci\u00f3n. Las personas que tenemos planificado invitar a todos los eventos seguramente enriquecer\u00e1n los debates desde su experiencia<\/strong>\u201d, se\u00f1ala Mier.<\/p>\n<p>Finalmente, P\u00e9rez y Mier coinciden en que, gracias a estas iniciativas, la universidad transfiriere el conocimiento hacia la ciudadan\u00eda y se tratan temas de relevancia que en algunos casos se desconocen y que son abordados por los expertos invitados para cada espacio de intercambio durante este a\u00f1o.<\/p>\n<p><strong>\u00a0<\/strong><\/p>\n","protected":false},"excerpt":{"rendered":"<p>Estos espacios de di\u00e1logo se realizan una vez al mes y est\u00e1n dise\u00f1ados para abordar y debatir diversas tem\u00e1ticas de inter\u00e9s social, promoviendo un intercambio constructivo entre la sociedad. La Universidad T\u00e9cnica Particular de Loja (UTPL), a trav\u00e9s de sus tres C\u00e1tedras Unesco, Cultura y Educaci\u00f3n para la Paz; \u00c9tica y Sociedad de la Educaci\u00f3n Superior y Desarrollo Sostenible, lleva a cabo encuentros sostenibles donde se da apertura al di\u00e1logo informal entre diferentes actores acad\u00e9micos, tomadores de decisiones, estudiantes, sociedad civil, entre otros. Estos espacios est\u00e1n planificados para realizarse una vez al mes hasta el final del 2024 y pretenden concienciar y formar a la ciudadan\u00eda en tem\u00e1ticas abordadas en la discusi\u00f3n social. En mayo se realiz\u00f3 el primer encuentro sostenible, desde la C\u00e1tedra Unesco Cultura y Educaci\u00f3n para la Paz, donde el tema central fue: \u201cEl derecho a una vida libre de violencia como mecanismo para fomentar una cultura de paz\u201d. Este evento se realiz\u00f3 en conjunto con la Defensor\u00eda del Pueblo y se discutieron razones y mecanismos para que la violencia, en sus diferentes tipos, disminuya en la sociedad. Santiago P\u00e9rez Samaniego, coordinador de Gesti\u00f3n de las C\u00e1tedras Unesco de la UTPL, comenta que estos encuentros tienen la particularidad de informar y discutir informalmente, en espacios amenos y abiertos, los temas centrales de las C\u00e1tedras Unesco, como la paz, la \u00e9tica, el desarrollo sostenible y otros temas de coyuntura que se encuentren dentro de la discusi\u00f3n p\u00fablica. \u201cLos temas centrales que tocamos en estos encuentros son los de la agenda tem\u00e1tica de las c\u00e1tedras y buscamos que participen todas las personas que est\u00e9n interesadas. Incluso lo hacen estudiantes de colegio. Desde la universidad se impulsa una estrategia para que nuevos estudiantes conozcan que dentro de la UTPL existen estas oficinas que realizan este tipo de encuentros\u201d, expresa P\u00e9rez. Por su parte, Catalina Mier Sanmart\u00edn, miembro de la C\u00e1tedra Unesco de Cultura y Educaci\u00f3n para la Paz, comenta que el pr\u00f3ximo encuentro, que se va a desarrollar el 6 de junio de 2024, est\u00e1 relacionado con la C\u00e1tedra de \u00c9tica y Sociedad de la Educaci\u00f3n Superior, con el tema \u00c9tica Jur\u00eddica e Inteligencia Artificial. \u201cAdem\u00e1s, a lo largo del a\u00f1o, habr\u00e1 m\u00e1s encuentros, como el que impulsa la C\u00e1tedra Desarrollo Sostenible, con el tema Retos de la Bioeconom\u00eda hacia la Sostenibilidad, y la C\u00e1tedra de Cultura y Educaci\u00f3n para la Paz con el tema Comunicaci\u00f3n para la Paz. Adicionalmente, en los meses finales del 2024, se realizar\u00e1 un conversatorio sobre racismo, xenofobia y discriminaci\u00f3n. Las personas que tenemos planificado invitar a todos los eventos seguramente enriquecer\u00e1n los debates desde su experiencia\u201d, se\u00f1ala Mier. Finalmente, P\u00e9rez y Mier coinciden en que, gracias a estas iniciativas, la universidad transfiriere el conocimiento hacia la ciudadan\u00eda y se tratan temas de relevancia que en algunos casos se desconocen y que son abordados por los expertos invitados para cada espacio de intercambio durante este a\u00f1o. \u00a0<\/p>\n","protected":false},"author":1,"featured_media":16499,"comment_status":"open","ping_status":"open","sticky":false,"template":"","format":"standard","meta":{"footnotes":""},"categories":[284],"tags":[],"class_list":["post-16498","post","type-post","status-publish","format-standard","has-post-thumbnail","hentry","category-noticias-loja"],"_links":{"self":[{"href":"https:\/\/www.elamazonico.com\/portal\/wp-json\/wp\/v2\/posts\/16498","targetHints":{"allow":["GET"]}}],"collection":[{"href":"https:\/\/www.elamazonico.com\/portal\/wp-json\/wp\/v2\/posts"}],"about":[{"href":"https:\/\/www.elamazonico.com\/portal\/wp-json\/wp\/v2\/types\/post"}],"author":[{"embeddable":true,"href":"https:\/\/www.elamazonico.com\/portal\/wp-json\/wp\/v2\/users\/1"}],"replies":[{"embeddable":true,"href":"https:\/\/www.elamazonico.com\/portal\/wp-json\/wp\/v2\/comments?post=16498"}],"version-history":[{"count":1,"href":"https:\/\/www.elamazonico.com\/portal\/wp-json\/wp\/v2\/posts\/16498\/revisions"}],"predecessor-version":[{"id":16500,"href":"https:\/\/www.elamazonico.com\/portal\/wp-json\/wp\/v2\/posts\/16498\/revisions\/16500"}],"wp:featuredmedia":[{"embeddable":true,"href":"https:\/\/www.elamazonico.com\/portal\/wp-json\/wp\/v2\/media\/16499"}],"wp:attachment":[{"href":"https:\/\/www.elamazonico.com\/portal\/wp-json\/wp\/v2\/media?parent=16498"}],"wp:term":[{"taxonomy":"category","embeddable":true,"href":"https:\/\/www.elamazonico.com\/portal\/wp-json\/wp\/v2\/categories?post=16498"},{"taxonomy":"post_tag","embeddable":true,"href":"https:\/\/www.elamazonico.com\/portal\/wp-json\/wp\/v2\/tags?post=16498"}],"curies":[{"name":"wp","href":"https:\/\/api.w.org\/{rel}","templated":true}]}}