{"id":16417,"date":"2024-05-26T13:09:45","date_gmt":"2024-05-26T18:09:45","guid":{"rendered":"https:\/\/www.elamazonico.com\/portal\/?p=16417"},"modified":"2024-05-26T13:09:45","modified_gmt":"2024-05-26T18:09:45","slug":"utpl-desarrollo-conversatorio-sobre-investigacion-aplicada-en-bioeconomia","status":"publish","type":"post","link":"https:\/\/www.elamazonico.com\/portal\/utpl-desarrollo-conversatorio-sobre-investigacion-aplicada-en-bioeconomia\/","title":{"rendered":"UTPL desarroll\u00f3 conversatorio sobre Investigaci\u00f3n Aplicada en Bioeconom\u00eda"},"content":{"rendered":"<p><em>La actividad fue parte de la amplia agenda de celebraci\u00f3n que tiene la instituci\u00f3n por el Mes de la Biodiversidad, con el \u00e1nimo de fortalecer el trabajo de sensibilizaci\u00f3n y cuidado de los recursos naturales.<\/em><\/p>\n<p>La Universidad T\u00e9cnica Particular de Loja (UTPL), a trav\u00e9s de la Facultad de Ciencias Exactas y Naturales, organiz\u00f3 un conversatorio en el marco del Mes de la Biodiversidad, centrado en la tem\u00e1tica de la \u201c<strong>Investigaci\u00f3n Aplicada en Bioeconom\u00eda\u201d<\/strong>. Este evento se llev\u00f3 a cabo en la Sala de Ideaci\u00f3n de Prendho del campus de la UTPL y cont\u00f3 con una amplia participaci\u00f3n de representantes de los medios de comunicaci\u00f3n.<\/p>\n<p><strong>El objetivo principal del conversatorio fue fortalecer la sensibilizaci\u00f3n y el cuidado de los recursos naturales, presentando los diversos proyectos e investigaciones que la UTPL est\u00e1 llevando a cabo en este \u00e1mbito.<\/strong> La asistencia de los periodistas permiti\u00f3 una difusi\u00f3n m\u00e1s amplia de las acciones emprendidas por la universidad hacia la comunidad. Omar Malag\u00f3n Avil\u00e9s, director del Doctorado en Qu\u00edmica de la UTPL, abord\u00f3 el contexto nacional y resalt\u00f3 el valor de los recursos biol\u00f3gicos ecuatorianos, mencionando que la biodiversidad es una de las mayores riquezas del pa\u00eds.<\/p>\n<p>\u201c<strong>Ecuador es reconocido como uno de los 17 pa\u00edses megadiversos del mundo y el segundo con mayor biodiversidad biol\u00f3gica por metro cuadrado, gracias a sus diversos ecosistemas selv\u00e1ticos, andinos, costeros e insulares.<\/strong> El Podocarpus es uno de los principales proveedores de servicios ecosist\u00e9micos para el bienestar de la poblaci\u00f3n\u201d, sostuvo.<\/p>\n<p>Por su parte, Dar\u00edo Javier Cruz, director de la carrera de Biolog\u00eda de la UTPL, coment\u00f3 sobre las investigaciones que ha realizado la universidad en materia de bioemprendimientos, potenciando la bioeconom\u00eda. Por ejemplo, <strong>Loja ha sido reconocida por el valor de su caf\u00e9, mencionando las propiedades de su levadura.<\/strong><\/p>\n<p>\u201cEstamos generando informaci\u00f3n base que ya puede ser transferida al campo biotecnol\u00f3gico y aplicada al sector empresarial. Espec\u00edficamente con el caf\u00e9, actualmente estamos probando estas muestras en el laboratorio para mejorar las propiedades de esta planta\u201d, explic\u00f3.<\/p>\n<p>Adem\u00e1s, Cruz destac\u00f3 el descubrimiento de una nueva especie de hongo en el Parque Nacional Podocarpus, la cual ha sido <strong>testada con bacterias de inter\u00e9s cl\u00ednico, mostrando su potencial aplicabilidad en el sector empresarial.<\/strong><\/p>\n<p>Juan Manuel Garc\u00eda, director de Evaluaci\u00f3n Institucional y Calidad de la UTPL, mencion\u00f3 la <strong>adopci\u00f3n del concepto de bioeconom\u00eda en Ecuador tras un aporte de la universidad a trav\u00e9s de la entrega de un Libro Blanco de Bioeconom\u00eda <\/strong>al Ministerio de Ambiente, Agua y Transici\u00f3n Ecol\u00f3gica (MAATE) y al Ministerio de Producci\u00f3n, Comercio Exterior, Inversiones y Pesca (MPCEIP).<\/p>\n<p>\u00abEste nuevo concepto de bioeconom\u00eda toma en cuenta la primera riqueza que tiene el pa\u00eds, la cual es su capital humano, para aplicar tecnolog\u00eda y bioeconom\u00eda a la econom\u00eda, y Loja tiene eso. Loja puede romper la econom\u00eda tradicional de depender de los recursos naturales y ser una provincia autosustentable\u201d.<\/p>\n<p>Los expertos coincidieron en <strong>implementar pol\u00edticas p\u00fablicas enfocadas en bioeconom\u00eda, econom\u00eda circular y en la mejora del sector agr\u00edcola, que fomente el uso sostenible de los recursos biol\u00f3gicos, la minimizaci\u00f3n de residuos y la creaci\u00f3n de valor. <\/strong>Adem\u00e1s, destacaron que la educaci\u00f3n ambiental desde una edad temprana es fundamental para formar una generaci\u00f3n comprometida con la conservaci\u00f3n de nuestra biodiversidad y la adopci\u00f3n de pr\u00e1cticas sostenibles.<\/p>\n<p>A trav\u00e9s de iniciativas como este conversatorio, la UTPL demuestra su compromiso con la investigaci\u00f3n y promoci\u00f3n de pr\u00e1cticas sostenibles para los desaf\u00edos ambientales y econ\u00f3micos actuales.<\/p>\n<p>&nbsp;<\/p>\n","protected":false},"excerpt":{"rendered":"<p>La actividad fue parte de la amplia agenda de celebraci\u00f3n que tiene la instituci\u00f3n por el Mes de la Biodiversidad, con el \u00e1nimo de fortalecer el trabajo de sensibilizaci\u00f3n y cuidado de los recursos naturales. La Universidad T\u00e9cnica Particular de Loja (UTPL), a trav\u00e9s de la Facultad de Ciencias Exactas y Naturales, organiz\u00f3 un conversatorio en el marco del Mes de la Biodiversidad, centrado en la tem\u00e1tica de la \u201cInvestigaci\u00f3n Aplicada en Bioeconom\u00eda\u201d. Este evento se llev\u00f3 a cabo en la Sala de Ideaci\u00f3n de Prendho del campus de la UTPL y cont\u00f3 con una amplia participaci\u00f3n de representantes de los medios de comunicaci\u00f3n. El objetivo principal del conversatorio fue fortalecer la sensibilizaci\u00f3n y el cuidado de los recursos naturales, presentando los diversos proyectos e investigaciones que la UTPL est\u00e1 llevando a cabo en este \u00e1mbito. La asistencia de los periodistas permiti\u00f3 una difusi\u00f3n m\u00e1s amplia de las acciones emprendidas por la universidad hacia la comunidad. Omar Malag\u00f3n Avil\u00e9s, director del Doctorado en Qu\u00edmica de la UTPL, abord\u00f3 el contexto nacional y resalt\u00f3 el valor de los recursos biol\u00f3gicos ecuatorianos, mencionando que la biodiversidad es una de las mayores riquezas del pa\u00eds. \u201cEcuador es reconocido como uno de los 17 pa\u00edses megadiversos del mundo y el segundo con mayor biodiversidad biol\u00f3gica por metro cuadrado, gracias a sus diversos ecosistemas selv\u00e1ticos, andinos, costeros e insulares. El Podocarpus es uno de los principales proveedores de servicios ecosist\u00e9micos para el bienestar de la poblaci\u00f3n\u201d, sostuvo. Por su parte, Dar\u00edo Javier Cruz, director de la carrera de Biolog\u00eda de la UTPL, coment\u00f3 sobre las investigaciones que ha realizado la universidad en materia de bioemprendimientos, potenciando la bioeconom\u00eda. Por ejemplo, Loja ha sido reconocida por el valor de su caf\u00e9, mencionando las propiedades de su levadura. \u201cEstamos generando informaci\u00f3n base que ya puede ser transferida al campo biotecnol\u00f3gico y aplicada al sector empresarial. Espec\u00edficamente con el caf\u00e9, actualmente estamos probando estas muestras en el laboratorio para mejorar las propiedades de esta planta\u201d, explic\u00f3. Adem\u00e1s, Cruz destac\u00f3 el descubrimiento de una nueva especie de hongo en el Parque Nacional Podocarpus, la cual ha sido testada con bacterias de inter\u00e9s cl\u00ednico, mostrando su potencial aplicabilidad en el sector empresarial. Juan Manuel Garc\u00eda, director de Evaluaci\u00f3n Institucional y Calidad de la UTPL, mencion\u00f3 la adopci\u00f3n del concepto de bioeconom\u00eda en Ecuador tras un aporte de la universidad a trav\u00e9s de la entrega de un Libro Blanco de Bioeconom\u00eda al Ministerio de Ambiente, Agua y Transici\u00f3n Ecol\u00f3gica (MAATE) y al Ministerio de Producci\u00f3n, Comercio Exterior, Inversiones y Pesca (MPCEIP). \u00abEste nuevo concepto de bioeconom\u00eda toma en cuenta la primera riqueza que tiene el pa\u00eds, la cual es su capital humano, para aplicar tecnolog\u00eda y bioeconom\u00eda a la econom\u00eda, y Loja tiene eso. Loja puede romper la econom\u00eda tradicional de depender de los recursos naturales y ser una provincia autosustentable\u201d. Los expertos coincidieron en implementar pol\u00edticas p\u00fablicas enfocadas en bioeconom\u00eda, econom\u00eda circular y en la mejora del sector agr\u00edcola, que fomente el uso sostenible de los recursos biol\u00f3gicos, la minimizaci\u00f3n de residuos y la creaci\u00f3n de valor. Adem\u00e1s, destacaron que la educaci\u00f3n ambiental desde una edad temprana es fundamental para formar una generaci\u00f3n comprometida con la conservaci\u00f3n de nuestra biodiversidad y la adopci\u00f3n de pr\u00e1cticas sostenibles. A trav\u00e9s de iniciativas como este conversatorio, la UTPL demuestra su compromiso con la investigaci\u00f3n y promoci\u00f3n de pr\u00e1cticas sostenibles para los desaf\u00edos ambientales y econ\u00f3micos actuales. &nbsp;<\/p>\n","protected":false},"author":1,"featured_media":16418,"comment_status":"open","ping_status":"open","sticky":false,"template":"","format":"standard","meta":{"footnotes":""},"categories":[284],"tags":[],"class_list":["post-16417","post","type-post","status-publish","format-standard","has-post-thumbnail","hentry","category-noticias-loja"],"_links":{"self":[{"href":"https:\/\/www.elamazonico.com\/portal\/wp-json\/wp\/v2\/posts\/16417","targetHints":{"allow":["GET"]}}],"collection":[{"href":"https:\/\/www.elamazonico.com\/portal\/wp-json\/wp\/v2\/posts"}],"about":[{"href":"https:\/\/www.elamazonico.com\/portal\/wp-json\/wp\/v2\/types\/post"}],"author":[{"embeddable":true,"href":"https:\/\/www.elamazonico.com\/portal\/wp-json\/wp\/v2\/users\/1"}],"replies":[{"embeddable":true,"href":"https:\/\/www.elamazonico.com\/portal\/wp-json\/wp\/v2\/comments?post=16417"}],"version-history":[{"count":1,"href":"https:\/\/www.elamazonico.com\/portal\/wp-json\/wp\/v2\/posts\/16417\/revisions"}],"predecessor-version":[{"id":16419,"href":"https:\/\/www.elamazonico.com\/portal\/wp-json\/wp\/v2\/posts\/16417\/revisions\/16419"}],"wp:featuredmedia":[{"embeddable":true,"href":"https:\/\/www.elamazonico.com\/portal\/wp-json\/wp\/v2\/media\/16418"}],"wp:attachment":[{"href":"https:\/\/www.elamazonico.com\/portal\/wp-json\/wp\/v2\/media?parent=16417"}],"wp:term":[{"taxonomy":"category","embeddable":true,"href":"https:\/\/www.elamazonico.com\/portal\/wp-json\/wp\/v2\/categories?post=16417"},{"taxonomy":"post_tag","embeddable":true,"href":"https:\/\/www.elamazonico.com\/portal\/wp-json\/wp\/v2\/tags?post=16417"}],"curies":[{"name":"wp","href":"https:\/\/api.w.org\/{rel}","templated":true}]}}