{"id":16389,"date":"2024-05-24T10:43:49","date_gmt":"2024-05-24T15:43:49","guid":{"rendered":"https:\/\/www.elamazonico.comportal\/?p=16389"},"modified":"2024-05-24T10:43:49","modified_gmt":"2024-05-24T15:43:49","slug":"el-presidente-daniel-noboa-acudio-a-la-ceremonia-militar-en-el-templo-de-la-patria","status":"publish","type":"post","link":"https:\/\/www.elamazonico.com\/portal\/el-presidente-daniel-noboa-acudio-a-la-ceremonia-militar-en-el-templo-de-la-patria\/","title":{"rendered":"El presidente Daniel Noboa acudi\u00f3 a la ceremonia militar en el Templo de la Patria"},"content":{"rendered":"<p>El presidente de la Rep\u00fablica,\u00a0<strong>Daniel Noboa<\/strong>, inici\u00f3 sus actividades por los 202 a\u00f1os de la Batalla de Pichincha en el Templo de la Patria (Cima de la Libertad), este viernes 24 de mayo de 2024.<\/p>\n<p>El primer evento fue la ceremonia militar, desde las 8:00. Luciendo la banda presidencial, el primer mandatario estuvo acompa\u00f1ado por su esposa,\u00a0<strong>Lavinia Valbonesi<\/strong>; el presidente de la Asamblea Nacional, Henry Kronfle; el ministro de Defensa, Gian Carlo Loffredo; el presidente de la Judicatura, \u00c1lvaro Rom\u00e1n; el contralor general del Estado, Xavier Mauricio Torres; embajadores, representantes del alto mando militar y miembros del Comando Conjunto de las Fuerzas Armadas.<\/p>\n<div class=\"google-auto-placed ap_container\"><ins class=\"adsbygoogle adsbygoogle-noablate\" data-ad-format=\"auto\" data-ad-client=\"ca-pub-4257119852434871\" data-adsbygoogle-status=\"done\" data-ad-status=\"unfilled\"><\/p>\n<div id=\"aswift_2_host\"><iframe id=\"aswift_2\" tabindex=\"0\" title=\"Advertisement\" src=\"https:\/\/googleads.g.doubleclick.net\/pagead\/ads?gdpr=0&amp;client=ca-pub-4257119852434871&amp;output=html&amp;h=280&amp;adk=162714423&amp;adf=3290523148&amp;pi=t.aa~a.1088686301~i.3~rp.4&amp;w=856&amp;abgtt=6&amp;fwrn=4&amp;fwrnh=100&amp;lmt=1716565017&amp;num_ads=1&amp;rafmt=1&amp;armr=3&amp;sem=mc&amp;pwprc=2102549152&amp;ad_type=text_image&amp;format=856x280&amp;url=https%3A%2F%2Fwww.eltelegrafo.com.ec%2Fnoticias%2Fnacionales%2F44%2Fel-presidente-daniel-noboa-acudio-a-la-ceremonia-militar-en-el-templo-de-la-patria&amp;fwr=0&amp;pra=3&amp;rh=200&amp;rw=855&amp;rpe=1&amp;resp_fmts=3&amp;wgl=1&amp;fa=27&amp;uach=WyJXaW5kb3dzIiwiMTAuMC4wIiwieDg2IiwiIiwiMTI1LjAuNjQyMi43NyIsbnVsbCwwLG51bGwsIjY0IixbWyJHb29nbGUgQ2hyb21lIiwiMTI1LjAuNjQyMi43NyJdLFsiQ2hyb21pdW0iLCIxMjUuMC42NDIyLjc3Il0sWyJOb3QuQS9CcmFuZCIsIjI0LjAuMC4wIl1dLDBd&amp;dt=1716565015865&amp;bpp=1&amp;bdt=1304&amp;idt=-M&amp;shv=r20240522&amp;mjsv=m202405220101&amp;ptt=9&amp;saldr=aa&amp;abxe=1&amp;cookie=ID%3D465c2541baf687a4%3AT%3D1699840113%3ART%3D1716565015%3AS%3DALNI_Ma8J3-ISjkQWbkwF4QK33swfyNVlA&amp;gpic=UID%3D00000da17ea21195%3AT%3D1699840113%3ART%3D1716565015%3AS%3DALNI_MbOBheOVo1yYc5GwEp6KpuqxEH-ZQ&amp;eo_id_str=ID%3Df6c0999a13c08c53%3AT%3D1705610660%3ART%3D1716565015%3AS%3DAA-AfjYoR4_Puu7LHamHTPYWFYxJ&amp;prev_fmts=0x0%2C1200x280&amp;nras=3&amp;correlator=6321679811727&amp;frm=20&amp;pv=1&amp;ga_vid=180629986.1699840112&amp;ga_sid=1716565015&amp;ga_hid=1783460791&amp;ga_fc=1&amp;u_tz=-300&amp;u_his=3&amp;u_h=768&amp;u_w=1366&amp;u_ah=728&amp;u_aw=1366&amp;u_cd=24&amp;u_sd=0.667&amp;dmc=8&amp;adx=376&amp;ady=1555&amp;biw=2023&amp;bih=961&amp;scr_x=0&amp;scr_y=300&amp;eid=44759875%2C44759926%2C44759842%2C31083637%2C31083868%2C42532524%2C44798934%2C95331983%2C31083940%2C95330887%2C95331711%2C31078663%2C31078665%2C31078668%2C31078670&amp;oid=2&amp;pvsid=387525243649417&amp;tmod=1376356544&amp;uas=3&amp;nvt=1&amp;ref=https%3A%2F%2Fwww.eltelegrafo.com.ec%2F&amp;fc=1408&amp;brdim=0%2C0%2C0%2C0%2C1366%2C0%2C1366%2C728%2C2049%2C961&amp;vis=1&amp;rsz=%7C%7Cs%7C&amp;abl=NS&amp;fu=128&amp;bc=31&amp;bz=0.67&amp;td=1&amp;psd=W251bGwsbnVsbCxudWxsLDNd&amp;nt=1&amp;ifi=3&amp;uci=a!3&amp;btvi=1&amp;fsb=1&amp;dtd=2039\" name=\"aswift_2\" width=\"856\" height=\"0\" frameborder=\"0\" marginwidth=\"0\" marginheight=\"0\" scrolling=\"no\" sandbox=\"allow-forms allow-popups allow-popups-to-escape-sandbox allow-same-origin allow-scripts allow-top-navigation-by-user-activation\" data-google-container-id=\"a!3\" aria-label=\"Advertisement\" data-google-query-id=\"CKijhoHPpoYDFaYNTwgd1-4MJQ\" data-load-complete=\"true\" data-mce-fragment=\"1\"><\/iframe><\/div>\n<p><\/ins><\/div>\n<p>Antes del discurso de Noboa, en la ceremonia se realizaron algunos eventos como el cambio de guardia y la entrega de\u00a0<strong>ofrendas florales.<\/strong><\/p>\n<p>El evento se est\u00e1 realizando bajo un fuerte\u00a0<strong>resguardo<\/strong>\u00a0policial.<\/p>\n<p>La agenda de Noboa prev\u00e9 la ceremonia de colocaci\u00f3n de una ofrenda floral en el mausoleo del mariscal\u00a0<strong>Antonio Jos\u00e9 de Sucre.<\/strong>\u00a0Y, a las 11:00, ser\u00e1 la sesi\u00f3n solemne del informe a la naci\u00f3n en la Asamblea Nacional.<\/p>\n<p>&nbsp;<\/p>\n<p>Noticia en desarrollo&#8230;<\/p>\n<p><strong>Fuente: El Tel\u00e9grafo.<\/strong><\/p>\n","protected":false},"excerpt":{"rendered":"<p>El presidente de la Rep\u00fablica,\u00a0Daniel Noboa, inici\u00f3 sus actividades por los 202 a\u00f1os de la Batalla de Pichincha en el Templo de la Patria (Cima de la Libertad), este viernes 24 de mayo de 2024. El primer evento fue la ceremonia militar, desde las 8:00. Luciendo la banda presidencial, el primer mandatario estuvo acompa\u00f1ado por su esposa,\u00a0Lavinia Valbonesi; el presidente de la Asamblea Nacional, Henry Kronfle; el ministro de Defensa, Gian Carlo Loffredo; el presidente de la Judicatura, \u00c1lvaro Rom\u00e1n; el contralor general del Estado, Xavier Mauricio Torres; embajadores, representantes del alto mando militar y miembros del Comando Conjunto de las Fuerzas Armadas. Antes del discurso de Noboa, en la ceremonia se realizaron algunos eventos como el cambio de guardia y la entrega de\u00a0ofrendas florales. El evento se est\u00e1 realizando bajo un fuerte\u00a0resguardo\u00a0policial. La agenda de Noboa prev\u00e9 la ceremonia de colocaci\u00f3n de una ofrenda floral en el mausoleo del mariscal\u00a0Antonio Jos\u00e9 de Sucre.\u00a0Y, a las 11:00, ser\u00e1 la sesi\u00f3n solemne del informe a la naci\u00f3n en la Asamblea Nacional. &nbsp; Noticia en desarrollo&#8230; Fuente: El Tel\u00e9grafo.<\/p>\n","protected":false},"author":1,"featured_media":16390,"comment_status":"open","ping_status":"open","sticky":false,"template":"","format":"standard","meta":{"footnotes":""},"categories":[268],"tags":[],"class_list":["post-16389","post","type-post","status-publish","format-standard","has-post-thumbnail","hentry","category-nacionales"],"_links":{"self":[{"href":"https:\/\/www.elamazonico.com\/portal\/wp-json\/wp\/v2\/posts\/16389","targetHints":{"allow":["GET"]}}],"collection":[{"href":"https:\/\/www.elamazonico.com\/portal\/wp-json\/wp\/v2\/posts"}],"about":[{"href":"https:\/\/www.elamazonico.com\/portal\/wp-json\/wp\/v2\/types\/post"}],"author":[{"embeddable":true,"href":"https:\/\/www.elamazonico.com\/portal\/wp-json\/wp\/v2\/users\/1"}],"replies":[{"embeddable":true,"href":"https:\/\/www.elamazonico.com\/portal\/wp-json\/wp\/v2\/comments?post=16389"}],"version-history":[{"count":1,"href":"https:\/\/www.elamazonico.com\/portal\/wp-json\/wp\/v2\/posts\/16389\/revisions"}],"predecessor-version":[{"id":16391,"href":"https:\/\/www.elamazonico.com\/portal\/wp-json\/wp\/v2\/posts\/16389\/revisions\/16391"}],"wp:featuredmedia":[{"embeddable":true,"href":"https:\/\/www.elamazonico.com\/portal\/wp-json\/wp\/v2\/media\/16390"}],"wp:attachment":[{"href":"https:\/\/www.elamazonico.com\/portal\/wp-json\/wp\/v2\/media?parent=16389"}],"wp:term":[{"taxonomy":"category","embeddable":true,"href":"https:\/\/www.elamazonico.com\/portal\/wp-json\/wp\/v2\/categories?post=16389"},{"taxonomy":"post_tag","embeddable":true,"href":"https:\/\/www.elamazonico.com\/portal\/wp-json\/wp\/v2\/tags?post=16389"}],"curies":[{"name":"wp","href":"https:\/\/api.w.org\/{rel}","templated":true}]}}