{"id":16386,"date":"2024-05-24T10:35:29","date_gmt":"2024-05-24T15:35:29","guid":{"rendered":"https:\/\/www.elamazonico.comportal\/?p=16386"},"modified":"2024-05-24T10:35:29","modified_gmt":"2024-05-24T15:35:29","slug":"veronica-abad-llamada-a-rendir-su-version-en-el-caso-nene-esto-se-conoce-sobre-la-diligencia","status":"publish","type":"post","link":"https:\/\/www.elamazonico.com\/portal\/veronica-abad-llamada-a-rendir-su-version-en-el-caso-nene-esto-se-conoce-sobre-la-diligencia\/","title":{"rendered":"Ver\u00f3nica Abad llamada a rendir su versi\u00f3n en el caso Nene: esto se conoce sobre la diligencia"},"content":{"rendered":"<div class=\"lead destacado\">La vicepresidenta de la Rep\u00fablica, Ver\u00f3nica Abad, fue convocada a rendir su versi\u00f3n en el caso Nene, en el que se investiga un presunto delito de tr\u00e1fico de influencias en contra de su hijo.<\/div>\n<div class=\"paragraph texto\">\n<p class=\"p_0\">La Fiscal\u00eda General del Estado (FGE) ha dispuesto que la diligencia se realice el\u00a0<b>pr\u00f3ximo martes 28 de mayo del 2024<\/b>, a las 16:00. Adem\u00e1s, autoriz\u00f3 que Abad cuente con un abogado para su versi\u00f3n libre, voluntaria y sin juramento.<\/p>\n<p class=\"p_1\">La convocatoria se efectuar\u00e1 en la\u00a0<b>Fiscal\u00eda Nacional de Transparencia y Lucha Contra la Corrupci\u00f3n n\u00famero 2 de Quito<\/b>. Sin embargo, la vicepresidenta trabaja en Israel como embajadora por la paz, por lo cual se desconoce c\u00f3mo se presentar\u00e1 al llamado del Ministerio P\u00fablico.<\/p>\n<p class=\"p_2\">Este viernes 24 de mayo tambi\u00e9n se ha empezado a difundir en redes sociales un<b>\u00a0presunto audio\u00a0<\/b>que confirmar\u00eda la versi\u00f3n del denunciante en el caso Nene.<\/p>\n<p class=\"p_3\">En el material, que aparentemente fue judicializado, se escucha al hijo de la funcionaria,\u00a0<b>Francisco Barreiro<\/b>, y a\u00a0<b>Rommel P.\u00a0<\/b>hablar sobre pagos acordados para obtener un cargo p\u00fablico.<\/p>\n<div class=\"html_text\">\n<h2>\u00bfDE QU\u00c9 TRATA EL CASO NENE?<\/h2>\n<h2><\/h2>\n<\/div>\n<div class=\"paragraph texto\">\n<p class=\"p_5\">La Fiscal\u00eda detalla que la investigaci\u00f3n, a cargo de la Unidad de Transparencia y Lucha Contra la Corrupci\u00f3n, inici\u00f3 tras una denuncia ciudadana. Seg\u00fan el relato de Rommel P., que consta en el expediente,\u00a0<b>\u00e9l habr\u00eda ingresado a trabajar como funcionario p\u00fablico en la Vicepresidencia de la Rep\u00fablica<\/b>, en diciembre de 2023.<\/p>\n<p class=\"p_6\">La noche del 08 de diciembre de 2023, el perjudicado se habr\u00eda reunido con Francisco Barreiro y otra persona, en un hotel de Quito. Ambas personas presuntamente\u00a0<b>le ofrecieron un puesto de trabajo (Coordinador General) dentro del servicio p\u00fablico<\/b>, con un sueldo de 3.200 d\u00f3lares. No obstante, la v\u00edctima\u00a0<b>deb\u00eda entregar aproximadamente 2.000 d\u00f3lares\u00a0<\/b>al hijo de Abad.<\/p>\n<p class=\"p_7\">Tras negociar, acordaron la entrega de cerca de 1.700 d\u00f3lares al procesado, mientras que la v\u00edctima se quedar\u00eda con el resto. Para garantizar este pago, convencieron al perjudicado de\u00a0<b>firmar una letra de cambio por 30.600 d\u00f3lares<\/b>, que ser\u00eda utilizado como respaldo del monto total que deb\u00eda ser cancelado en el periodo de un a\u00f1o.<\/p>\n<p class=\"p_8\">Luego de obtener el cargo ofertado, la v\u00edctima no pudo realizar el primer pago acordado y por esa raz\u00f3n se habr\u00eda coordinado la entrega, personalmente a Francisco Barreiro, el valor de<b>\u00a03.400 d\u00f3lares en febrero de 2024<\/b>.<\/p>\n<p class=\"p_9\">Actualmente,\u00a0<a href=\"https:\/\/www.vistazo.com\/politica\/nacional\/el-hijo-de-la-vicepresidenta-veronica-abad-saldra-de-la-roca-una-jueza-giro-la-boleta-de-excarcelacion-EG7282116\">el hijo de Ver\u00f3nica Abad se encuentra en Cuenca con medidas sustitutivas<\/a>\u00a0como prohibici\u00f3n de salida del pa\u00eds y presentaciones peri\u00f3dicas tras conseguir la libertad a trav\u00e9s del\u00a0<b>pago de una cauci\u00f3n de 20.000 d\u00f3lares<\/b>.<\/p>\n<p class=\"p_10\">No obstante, tanto Barreiro como su madre han negado las acusaciones y han dado a entender que todo se tratar\u00eda de una maniobra pol\u00edtica.<\/p>\n<p><strong>Fuente: Vistazo.<\/strong><\/p>\n<\/div>\n<\/div>\n","protected":false},"excerpt":{"rendered":"<p>La vicepresidenta de la Rep\u00fablica, Ver\u00f3nica Abad, fue convocada a rendir su versi\u00f3n en el caso Nene, en el que se investiga un presunto delito de tr\u00e1fico de influencias en contra de su hijo. La Fiscal\u00eda General del Estado (FGE) ha dispuesto que la diligencia se realice el\u00a0pr\u00f3ximo martes 28 de mayo del 2024, a las 16:00. Adem\u00e1s, autoriz\u00f3 que Abad cuente con un abogado para su versi\u00f3n libre, voluntaria y sin juramento. La convocatoria se efectuar\u00e1 en la\u00a0Fiscal\u00eda Nacional de Transparencia y Lucha Contra la Corrupci\u00f3n n\u00famero 2 de Quito. Sin embargo, la vicepresidenta trabaja en Israel como embajadora por la paz, por lo cual se desconoce c\u00f3mo se presentar\u00e1 al llamado del Ministerio P\u00fablico. Este viernes 24 de mayo tambi\u00e9n se ha empezado a difundir en redes sociales un\u00a0presunto audio\u00a0que confirmar\u00eda la versi\u00f3n del denunciante en el caso Nene. En el material, que aparentemente fue judicializado, se escucha al hijo de la funcionaria,\u00a0Francisco Barreiro, y a\u00a0Rommel P.\u00a0hablar sobre pagos acordados para obtener un cargo p\u00fablico. \u00bfDE QU\u00c9 TRATA EL CASO NENE? La Fiscal\u00eda detalla que la investigaci\u00f3n, a cargo de la Unidad de Transparencia y Lucha Contra la Corrupci\u00f3n, inici\u00f3 tras una denuncia ciudadana. Seg\u00fan el relato de Rommel P., que consta en el expediente,\u00a0\u00e9l habr\u00eda ingresado a trabajar como funcionario p\u00fablico en la Vicepresidencia de la Rep\u00fablica, en diciembre de 2023. La noche del 08 de diciembre de 2023, el perjudicado se habr\u00eda reunido con Francisco Barreiro y otra persona, en un hotel de Quito. Ambas personas presuntamente\u00a0le ofrecieron un puesto de trabajo (Coordinador General) dentro del servicio p\u00fablico, con un sueldo de 3.200 d\u00f3lares. No obstante, la v\u00edctima\u00a0deb\u00eda entregar aproximadamente 2.000 d\u00f3lares\u00a0al hijo de Abad. Tras negociar, acordaron la entrega de cerca de 1.700 d\u00f3lares al procesado, mientras que la v\u00edctima se quedar\u00eda con el resto. Para garantizar este pago, convencieron al perjudicado de\u00a0firmar una letra de cambio por 30.600 d\u00f3lares, que ser\u00eda utilizado como respaldo del monto total que deb\u00eda ser cancelado en el periodo de un a\u00f1o. Luego de obtener el cargo ofertado, la v\u00edctima no pudo realizar el primer pago acordado y por esa raz\u00f3n se habr\u00eda coordinado la entrega, personalmente a Francisco Barreiro, el valor de\u00a03.400 d\u00f3lares en febrero de 2024. Actualmente,\u00a0el hijo de Ver\u00f3nica Abad se encuentra en Cuenca con medidas sustitutivas\u00a0como prohibici\u00f3n de salida del pa\u00eds y presentaciones peri\u00f3dicas tras conseguir la libertad a trav\u00e9s del\u00a0pago de una cauci\u00f3n de 20.000 d\u00f3lares. No obstante, tanto Barreiro como su madre han negado las acusaciones y han dado a entender que todo se tratar\u00eda de una maniobra pol\u00edtica. Fuente: Vistazo.<\/p>\n","protected":false},"author":1,"featured_media":16387,"comment_status":"open","ping_status":"open","sticky":false,"template":"","format":"standard","meta":{"footnotes":""},"categories":[268],"tags":[],"class_list":["post-16386","post","type-post","status-publish","format-standard","has-post-thumbnail","hentry","category-nacionales"],"_links":{"self":[{"href":"https:\/\/www.elamazonico.com\/portal\/wp-json\/wp\/v2\/posts\/16386","targetHints":{"allow":["GET"]}}],"collection":[{"href":"https:\/\/www.elamazonico.com\/portal\/wp-json\/wp\/v2\/posts"}],"about":[{"href":"https:\/\/www.elamazonico.com\/portal\/wp-json\/wp\/v2\/types\/post"}],"author":[{"embeddable":true,"href":"https:\/\/www.elamazonico.com\/portal\/wp-json\/wp\/v2\/users\/1"}],"replies":[{"embeddable":true,"href":"https:\/\/www.elamazonico.com\/portal\/wp-json\/wp\/v2\/comments?post=16386"}],"version-history":[{"count":1,"href":"https:\/\/www.elamazonico.com\/portal\/wp-json\/wp\/v2\/posts\/16386\/revisions"}],"predecessor-version":[{"id":16388,"href":"https:\/\/www.elamazonico.com\/portal\/wp-json\/wp\/v2\/posts\/16386\/revisions\/16388"}],"wp:featuredmedia":[{"embeddable":true,"href":"https:\/\/www.elamazonico.com\/portal\/wp-json\/wp\/v2\/media\/16387"}],"wp:attachment":[{"href":"https:\/\/www.elamazonico.com\/portal\/wp-json\/wp\/v2\/media?parent=16386"}],"wp:term":[{"taxonomy":"category","embeddable":true,"href":"https:\/\/www.elamazonico.com\/portal\/wp-json\/wp\/v2\/categories?post=16386"},{"taxonomy":"post_tag","embeddable":true,"href":"https:\/\/www.elamazonico.com\/portal\/wp-json\/wp\/v2\/tags?post=16386"}],"curies":[{"name":"wp","href":"https:\/\/api.w.org\/{rel}","templated":true}]}}