{"id":16382,"date":"2024-05-24T06:34:01","date_gmt":"2024-05-24T11:34:01","guid":{"rendered":"https:\/\/www.elamazonico.com\/portal\/?p=16382"},"modified":"2024-05-24T06:34:01","modified_gmt":"2024-05-24T11:34:01","slug":"como-surgieron-los-pepes-esto-revelo-la-policia-sobre-el-nuevo-grupo-terrorista-que-causa-temor-en-manabi","status":"publish","type":"post","link":"https:\/\/www.elamazonico.com\/portal\/como-surgieron-los-pepes-esto-revelo-la-policia-sobre-el-nuevo-grupo-terrorista-que-causa-temor-en-manabi\/","title":{"rendered":"\u00bfC\u00f3mo surgieron Los Pepes? Esto revel\u00f3 la Polic\u00eda sobre el nuevo grupo terrorista que causa temor en Manab\u00ed"},"content":{"rendered":"<div class=\"lead destacado\">La Polic\u00eda Nacional conform\u00f3 un bloque investigativo para Manab\u00ed con el objetivo de desarticular a la nueva banda terrorista \u2018Los Pepes\u2019, responsables de al menos cuatro masacres ocurridas en las \u00faltimas semanas en aquella provincia. Adem\u00e1s, la instituci\u00f3n revel\u00f3 c\u00f3mo surgi\u00f3 este equipo delincuencial.<\/div>\n<div class=\"paragraph texto\">\n<p class=\"p_0\">El general\u00a0<b>Freddy Sarzosa<\/b>, director general de investigaci\u00f3n, coment\u00f3 que el mando policial dispuso la intervenci\u00f3n de Manab\u00ed a trav\u00e9s de un grupo que identificar\u00e1 y capturar\u00e1 a criminales, que est\u00e1n detr\u00e1s de asesinatos en Manta, Montecristi y otros cantones.<\/p>\n<p class=\"p_1\">Agreg\u00f3 que \u2018Los Pepes\u2019 han surgido por el\u00a0<b>\u201cdebilitamiento de las diferentes estructuras criminales que se encuentran operando en la provincia de Manab\u00ed\u201d<\/b>.<\/p>\n<p>Esto ha provocado la uni\u00f3n de varios grupos terroristas,\u00a0<b>\u201ccon la finalidad de causar temor y terror\u201d<\/b>, acot\u00f3 Sarzosa, quien aclar\u00f3 que estos antisociales ya ven\u00edan operando en\u00a0<b>Huaquillas<\/b>, provincia de El Oro.<\/p>\n<p class=\"p_3\">Su motivaci\u00f3n principal para acaparar el poder en Manab\u00ed ser\u00eda el tr\u00e1fico de drogas para el consumo interno y externo.<\/p>\n<p class=\"p_4\">Si bien el general no nombr\u00f3 las organizaciones que se estar\u00edan debilitando, se conoce que en aquella localidad operan bandas terroristas como<b>\u00a0\u2018Los Choneros\u2019 y \u2018Los Lobos\u2019<\/b>. De hecho, en los panfletos dejados tras cometer cr\u00edmenes, \u2018Los Pepes\u2019 dicen estar en contra de los \u2018Los Choneros\u2019.<\/p>\n<p class=\"p_5\">Desde el pasado lunes 13 de mayo, la provincia de Manab\u00ed, especialmente la ciudad de Manta, est\u00e1 en zozobra debido al incremento de asesinatos m\u00faltiples. Uno de los m\u00e1s impactantes fue llevado a cabo dentro de la\u00a0<b>Agencia Municipal de Tr\u00e1nsito<\/b>, donde \u2018Los Pepes\u2019 dispararon a un agente.<\/p>\n<div class=\"paragraph texto\">\n<p class=\"p_6\">Por ello, la Polic\u00eda inform\u00f3 que ya se encuentran todas sus unidades en Manta para frenar el avance del nuevo grupo criminal.<\/p>\n<p class=\"p_7\"><b>Lea tambi\u00e9n:\u00a0<a href=\"https:\/\/www.vistazo.com\/actualidad\/nacional\/que-se-conoce-sobre-los-pepes-misterioso-grupo-criminal-habria-perpetrado-las-ultimas-masacres-en-manabi-YF7362436\">\u00bfQu\u00e9 se conoce sobre &#8216;Los Pepes&#8217;? Misterioso grupo criminal habr\u00eda perpetrado las \u00faltimas masacres en Manab\u00ed<\/a><\/b><\/p>\n<div id=\"Center2\" class=\"centervist\" data-google-query-id=\"CJ2P29WVpoYDFcSagwgd8koILA\">\n<div id=\"google_ads_iframe_\/21839199781\/Vistazo\/Vistazo_Center2_0__container__\"><iframe id=\"google_ads_iframe_\/21839199781\/Vistazo\/Vistazo_Center2_0\" tabindex=\"0\" title=\"3rd party ad content\" name=\"google_ads_iframe_\/21839199781\/Vistazo\/Vistazo_Center2_0\" width=\"728\" height=\"90\" frameborder=\"0\" marginwidth=\"0\" marginheight=\"0\" scrolling=\"no\" aria-label=\"Advertisement\" data-google-container-id=\"3\" data-load-complete=\"true\" data-mce-fragment=\"1\"><\/iframe><\/div>\n<\/div>\n<\/div>\n<div class=\"multimediaMacroWrapper img lateral\">\n<figure class=\"contentMedia art-img\">\n<div><img fetchpriority=\"high\" decoding=\"async\" class=\" lazyloaded\" title=\"\u00bfC\u00f3mo surgieron Los Pepes? Esto revel\u00f3 la Polic\u00eda sobre el nuevo grupo terrorista que causa temor en Manab\u00ed\" src=\"https:\/\/www.vistazo.com\/placeholder\/svg\/viewbox\/768x432\" sizes=\"100vw\" srcset=\"\/\/www.vistazo.com\/binrepository\/768x432\/0c0\/0d0\/none\/12727\/LJIS\/heriberto-4-1539448-20240521134800_1545236_20240523185610.jpg 768w,\/\/www.vistazo.com\/binrepository\/640x360\/0c0\/0d0\/none\/12727\/LJIE\/heriberto-4-1539448-20240521134800_1545236_20240523185610.jpg 640w,\/\/www.vistazo.com\/binrepository\/512x288\/0c0\/0d0\/none\/12727\/LJIB\/heriberto-4-1539448-20240521134800_1545236_20240523185610.jpg 512w,\/\/www.vistazo.com\/binrepository\/384x216\/0c0\/0d0\/none\/12727\/LJIQ\/heriberto-4-1539448-20240521134800_1545236_20240523185610.jpg 384w,\/\/www.vistazo.com\/binrepository\/300x169\/0c0\/0d0\/none\/12727\/LJIT\/heriberto-4-1539448-20240521134800_1545236_20240523185610.jpg 300w\" alt=\"$!\u00bfC\u00f3mo surgieron Los Pepes? Esto revel\u00f3 la Polic\u00eda sobre el nuevo grupo terrorista que causa temor en Manab\u00ed\" width=\"768\" height=\"432\" data-srcset=\"\/\/www.vistazo.com\/binrepository\/768x432\/0c0\/0d0\/none\/12727\/LJIS\/heriberto-4-1539448-20240521134800_1545236_20240523185610.jpg 768w,\/\/www.vistazo.com\/binrepository\/640x360\/0c0\/0d0\/none\/12727\/LJIE\/heriberto-4-1539448-20240521134800_1545236_20240523185610.jpg 640w,\/\/www.vistazo.com\/binrepository\/512x288\/0c0\/0d0\/none\/12727\/LJIB\/heriberto-4-1539448-20240521134800_1545236_20240523185610.jpg 512w,\/\/www.vistazo.com\/binrepository\/384x216\/0c0\/0d0\/none\/12727\/LJIQ\/heriberto-4-1539448-20240521134800_1545236_20240523185610.jpg 384w,\/\/www.vistazo.com\/binrepository\/300x169\/0c0\/0d0\/none\/12727\/LJIT\/heriberto-4-1539448-20240521134800_1545236_20240523185610.jpg 300w\" \/><\/div>\n<\/figure>\n<\/div>\n<div class=\"html_text\">\n<h2>OPERATIVO CERO IMPUNIDAD DOS<\/h2>\n<h2><span style=\"font-size: 16px;\">Este jueves 23 de mayo del 2024,<\/span><a style=\"font-size: 16px;\" href=\"https:\/\/www.vistazo.com\/actualidad\/nacional\/integrantes-de-los-choneros-y-mafia-18-entre-los-54-detenidos-en-operativo-simultaneo-IA7376596\">\u00a0la Polic\u00eda ejecut\u00f3 el operativo \u2018Cero Impunidad 2\u2019\u00a0<\/a><span style=\"font-size: 16px;\">en las provincias del Guayas, El Oro, Esmeraldas, Manab\u00ed, Los R\u00edos y Santa Elena.<\/span><\/h2>\n<\/div>\n<div class=\"paragraph texto\">\n<p class=\"p_9\">Como resultado, de los 47 allanamientos, se logr\u00f3 aprehender a\u00a0<b>54 personas que est\u00e1n implicadas en varios delitos<\/b>: 17 por tr\u00e1fico de armas, 20 por tr\u00e1fico de drogas, 12 por el robo de veh\u00edculos y 5 por asesinato.<\/p>\n<p class=\"p_10\">Aparte, la Polic\u00eda captur\u00f3 a ocho ciudadanos m\u00e1s, que ten\u00edan boletas de detenci\u00f3n relacionadas con\u00a0<b>delitos contra la vida<\/b>: cinco est\u00e1n acusados por asesinato, uno por tr\u00e1fico de drogas, otro por tr\u00e1fico de armas y el \u00faltimo por el hurto de motocicletas.<\/p>\n<p class=\"p_11\"><b>En total fueron 62 detenidos<\/b>. De este n\u00famero, 15 personas pertenecen a grupos terroristas: cinco son parte de Los Choneros, cuatro de Los Tiguerones, tres de Los Lagartos, dos de Las \u00c1guilas y uno de Los Lobos.<\/p>\n<p class=\"p_12\">Las autoridades tambi\u00e9n decomisaron 604 tacos de dinamita, dos granadas, 20 armas de fuego, 610 cartuchos de diferentes calibres,\u00a0<b>24.2 kilos de droga<\/b>,\u00a0<b>30 mil d\u00f3lares en efectivo<\/b>, entre otros indicios. <strong>Fuente: Primicias<\/strong><\/p>\n<p>https:\/\/www.facebook.com\/watch\/?v=810697993964865<\/p>\n<\/div>\n<\/div>\n","protected":false},"excerpt":{"rendered":"<p>La Polic\u00eda Nacional conform\u00f3 un bloque investigativo para Manab\u00ed con el objetivo de desarticular a la nueva banda terrorista \u2018Los Pepes\u2019, responsables de al menos cuatro masacres ocurridas en las \u00faltimas semanas en aquella provincia. Adem\u00e1s, la instituci\u00f3n revel\u00f3 c\u00f3mo surgi\u00f3 este equipo delincuencial. El general\u00a0Freddy Sarzosa, director general de investigaci\u00f3n, coment\u00f3 que el mando policial dispuso la intervenci\u00f3n de Manab\u00ed a trav\u00e9s de un grupo que identificar\u00e1 y capturar\u00e1 a criminales, que est\u00e1n detr\u00e1s de asesinatos en Manta, Montecristi y otros cantones. Agreg\u00f3 que \u2018Los Pepes\u2019 han surgido por el\u00a0\u201cdebilitamiento de las diferentes estructuras criminales que se encuentran operando en la provincia de Manab\u00ed\u201d. Esto ha provocado la uni\u00f3n de varios grupos terroristas,\u00a0\u201ccon la finalidad de causar temor y terror\u201d, acot\u00f3 Sarzosa, quien aclar\u00f3 que estos antisociales ya ven\u00edan operando en\u00a0Huaquillas, provincia de El Oro. Su motivaci\u00f3n principal para acaparar el poder en Manab\u00ed ser\u00eda el tr\u00e1fico de drogas para el consumo interno y externo. Si bien el general no nombr\u00f3 las organizaciones que se estar\u00edan debilitando, se conoce que en aquella localidad operan bandas terroristas como\u00a0\u2018Los Choneros\u2019 y \u2018Los Lobos\u2019. De hecho, en los panfletos dejados tras cometer cr\u00edmenes, \u2018Los Pepes\u2019 dicen estar en contra de los \u2018Los Choneros\u2019. Desde el pasado lunes 13 de mayo, la provincia de Manab\u00ed, especialmente la ciudad de Manta, est\u00e1 en zozobra debido al incremento de asesinatos m\u00faltiples. Uno de los m\u00e1s impactantes fue llevado a cabo dentro de la\u00a0Agencia Municipal de Tr\u00e1nsito, donde \u2018Los Pepes\u2019 dispararon a un agente. Por ello, la Polic\u00eda inform\u00f3 que ya se encuentran todas sus unidades en Manta para frenar el avance del nuevo grupo criminal. Lea tambi\u00e9n:\u00a0\u00bfQu\u00e9 se conoce sobre &#8216;Los Pepes&#8217;? Misterioso grupo criminal habr\u00eda perpetrado las \u00faltimas masacres en Manab\u00ed OPERATIVO CERO IMPUNIDAD DOS Este jueves 23 de mayo del 2024,\u00a0la Polic\u00eda ejecut\u00f3 el operativo \u2018Cero Impunidad 2\u2019\u00a0en las provincias del Guayas, El Oro, Esmeraldas, Manab\u00ed, Los R\u00edos y Santa Elena. Como resultado, de los 47 allanamientos, se logr\u00f3 aprehender a\u00a054 personas que est\u00e1n implicadas en varios delitos: 17 por tr\u00e1fico de armas, 20 por tr\u00e1fico de drogas, 12 por el robo de veh\u00edculos y 5 por asesinato. Aparte, la Polic\u00eda captur\u00f3 a ocho ciudadanos m\u00e1s, que ten\u00edan boletas de detenci\u00f3n relacionadas con\u00a0delitos contra la vida: cinco est\u00e1n acusados por asesinato, uno por tr\u00e1fico de drogas, otro por tr\u00e1fico de armas y el \u00faltimo por el hurto de motocicletas. En total fueron 62 detenidos. De este n\u00famero, 15 personas pertenecen a grupos terroristas: cinco son parte de Los Choneros, cuatro de Los Tiguerones, tres de Los Lagartos, dos de Las \u00c1guilas y uno de Los Lobos. Las autoridades tambi\u00e9n decomisaron 604 tacos de dinamita, dos granadas, 20 armas de fuego, 610 cartuchos de diferentes calibres,\u00a024.2 kilos de droga,\u00a030 mil d\u00f3lares en efectivo, entre otros indicios. Fuente: Primicias https:\/\/www.facebook.com\/watch\/?v=810697993964865<\/p>\n","protected":false},"author":1,"featured_media":16383,"comment_status":"open","ping_status":"open","sticky":false,"template":"","format":"standard","meta":{"footnotes":""},"categories":[268],"tags":[],"class_list":["post-16382","post","type-post","status-publish","format-standard","has-post-thumbnail","hentry","category-nacionales"],"_links":{"self":[{"href":"https:\/\/www.elamazonico.com\/portal\/wp-json\/wp\/v2\/posts\/16382","targetHints":{"allow":["GET"]}}],"collection":[{"href":"https:\/\/www.elamazonico.com\/portal\/wp-json\/wp\/v2\/posts"}],"about":[{"href":"https:\/\/www.elamazonico.com\/portal\/wp-json\/wp\/v2\/types\/post"}],"author":[{"embeddable":true,"href":"https:\/\/www.elamazonico.com\/portal\/wp-json\/wp\/v2\/users\/1"}],"replies":[{"embeddable":true,"href":"https:\/\/www.elamazonico.com\/portal\/wp-json\/wp\/v2\/comments?post=16382"}],"version-history":[{"count":1,"href":"https:\/\/www.elamazonico.com\/portal\/wp-json\/wp\/v2\/posts\/16382\/revisions"}],"predecessor-version":[{"id":16384,"href":"https:\/\/www.elamazonico.com\/portal\/wp-json\/wp\/v2\/posts\/16382\/revisions\/16384"}],"wp:featuredmedia":[{"embeddable":true,"href":"https:\/\/www.elamazonico.com\/portal\/wp-json\/wp\/v2\/media\/16383"}],"wp:attachment":[{"href":"https:\/\/www.elamazonico.com\/portal\/wp-json\/wp\/v2\/media?parent=16382"}],"wp:term":[{"taxonomy":"category","embeddable":true,"href":"https:\/\/www.elamazonico.com\/portal\/wp-json\/wp\/v2\/categories?post=16382"},{"taxonomy":"post_tag","embeddable":true,"href":"https:\/\/www.elamazonico.com\/portal\/wp-json\/wp\/v2\/tags?post=16382"}],"curies":[{"name":"wp","href":"https:\/\/api.w.org\/{rel}","templated":true}]}}