{"id":16348,"date":"2024-05-23T09:26:41","date_gmt":"2024-05-23T14:26:41","guid":{"rendered":"https:\/\/www.elamazonico.comportal\/?p=16348"},"modified":"2024-05-23T09:26:41","modified_gmt":"2024-05-23T14:26:41","slug":"la-salida-de-coca-codo-sinclair-no-traera-cortes-del-servicio-de-energia","status":"publish","type":"post","link":"https:\/\/www.elamazonico.com\/portal\/la-salida-de-coca-codo-sinclair-no-traera-cortes-del-servicio-de-energia\/","title":{"rendered":"La salida de Coca Codo Sinclair no traer\u00e1 cortes del servicio de energ\u00eda"},"content":{"rendered":"<p>La\u00a0<strong>salida de operaci\u00f3n de la central hidroel\u00e9ctrica Coca Codo Sinclair,<\/strong>\u00a0la m\u00e1s grande del pa\u00eds,\u00a0<strong>no afectar\u00e1 la provisi\u00f3n del servicio de energ\u00eda el\u00e9ctrica.<\/strong>\u00a0As\u00ed lo inform\u00f3 el 22 de mayo de 2023, por la noche, el Ministerio de Energ\u00eda y Minas en sus redes sociales.<\/p>\n<p><strong>Roberto Luque, ministro (e) de Energ\u00eda y Minas,\u00a0<\/strong>mencion\u00f3 que despu\u00e9s de realizar el an\u00e1lisis del d\u00e9ficit, considerando la demanda actual y con la incorporaci\u00f3n del parque de generaci\u00f3n de energ\u00eda t\u00e9rmica, se \u201ccomunica que, a<strong>\u00a0pesar de la salida de operaci\u00f3n de la central Coca Codo Sinclair, no habr\u00e1 cortes de energ\u00eda\u201d.<\/strong><\/p>\n<p>Coca Codo Sinclair sali\u00f3 de operaci\u00f3n debido a un\u00a0<strong>\u201cabrupto y repentino\u201d aumento en los residuos (sedimentos)<\/strong>\u00a0en la zona donde se almacena agua\u00a0<strong>(obras de captaci\u00f3n)<\/strong>\u00a0para la central Coca Codo Sinclair. Por esto, se cerraron las compuertas y se decidi\u00f3 activar todo el parque t\u00e9rmico y solicitar la importaci\u00f3n adicional de energ\u00eda desde Colombia, precis\u00f3 esta cartera de Estado.<\/p>\n<p>39 minutos m\u00e1s tarde, el ministro Luque expres\u00f3 que la presencia de residuos (sedimentos)\u00a0<strong>registraba ahora una repentina disminuci\u00f3n.<\/strong><\/p>\n<p>Por esta raz\u00f3n, el Ministerio de Energ\u00eda y Minas se\u00f1al\u00f3 que\u00a0<strong>en las pr\u00f3ximas horas se puede volver a operar la Coca Codo Sinclair<\/strong>. Esta hidroel\u00e9ctrica aporta con alrededor del 30% de energ\u00eda que se demanda en el pa\u00eds.<\/p>\n<p>Hasta las 8:14 de este 23 de mayo de 2024, la\u00a0<strong>producci\u00f3n de Coca Codo Sinclair representaba el 1%<\/strong>\u00a0de la generaci\u00f3n hidr\u00e1ulica (que emplea agua), seg\u00fan el reporte del Operador Nacional de Energ\u00eda (Cenace).<\/p>\n<p><strong>Fuente: El Tel\u00e9grafo.<\/strong><\/p>\n","protected":false},"excerpt":{"rendered":"<p>La\u00a0salida de operaci\u00f3n de la central hidroel\u00e9ctrica Coca Codo Sinclair,\u00a0la m\u00e1s grande del pa\u00eds,\u00a0no afectar\u00e1 la provisi\u00f3n del servicio de energ\u00eda el\u00e9ctrica.\u00a0As\u00ed lo inform\u00f3 el 22 de mayo de 2023, por la noche, el Ministerio de Energ\u00eda y Minas en sus redes sociales. Roberto Luque, ministro (e) de Energ\u00eda y Minas,\u00a0mencion\u00f3 que despu\u00e9s de realizar el an\u00e1lisis del d\u00e9ficit, considerando la demanda actual y con la incorporaci\u00f3n del parque de generaci\u00f3n de energ\u00eda t\u00e9rmica, se \u201ccomunica que, a\u00a0pesar de la salida de operaci\u00f3n de la central Coca Codo Sinclair, no habr\u00e1 cortes de energ\u00eda\u201d. Coca Codo Sinclair sali\u00f3 de operaci\u00f3n debido a un\u00a0\u201cabrupto y repentino\u201d aumento en los residuos (sedimentos)\u00a0en la zona donde se almacena agua\u00a0(obras de captaci\u00f3n)\u00a0para la central Coca Codo Sinclair. Por esto, se cerraron las compuertas y se decidi\u00f3 activar todo el parque t\u00e9rmico y solicitar la importaci\u00f3n adicional de energ\u00eda desde Colombia, precis\u00f3 esta cartera de Estado. 39 minutos m\u00e1s tarde, el ministro Luque expres\u00f3 que la presencia de residuos (sedimentos)\u00a0registraba ahora una repentina disminuci\u00f3n. Por esta raz\u00f3n, el Ministerio de Energ\u00eda y Minas se\u00f1al\u00f3 que\u00a0en las pr\u00f3ximas horas se puede volver a operar la Coca Codo Sinclair. Esta hidroel\u00e9ctrica aporta con alrededor del 30% de energ\u00eda que se demanda en el pa\u00eds. Hasta las 8:14 de este 23 de mayo de 2024, la\u00a0producci\u00f3n de Coca Codo Sinclair representaba el 1%\u00a0de la generaci\u00f3n hidr\u00e1ulica (que emplea agua), seg\u00fan el reporte del Operador Nacional de Energ\u00eda (Cenace). Fuente: El Tel\u00e9grafo.<\/p>\n","protected":false},"author":1,"featured_media":16349,"comment_status":"open","ping_status":"open","sticky":false,"template":"","format":"standard","meta":{"footnotes":""},"categories":[268],"tags":[],"class_list":["post-16348","post","type-post","status-publish","format-standard","has-post-thumbnail","hentry","category-nacionales"],"_links":{"self":[{"href":"https:\/\/www.elamazonico.com\/portal\/wp-json\/wp\/v2\/posts\/16348","targetHints":{"allow":["GET"]}}],"collection":[{"href":"https:\/\/www.elamazonico.com\/portal\/wp-json\/wp\/v2\/posts"}],"about":[{"href":"https:\/\/www.elamazonico.com\/portal\/wp-json\/wp\/v2\/types\/post"}],"author":[{"embeddable":true,"href":"https:\/\/www.elamazonico.com\/portal\/wp-json\/wp\/v2\/users\/1"}],"replies":[{"embeddable":true,"href":"https:\/\/www.elamazonico.com\/portal\/wp-json\/wp\/v2\/comments?post=16348"}],"version-history":[{"count":1,"href":"https:\/\/www.elamazonico.com\/portal\/wp-json\/wp\/v2\/posts\/16348\/revisions"}],"predecessor-version":[{"id":16350,"href":"https:\/\/www.elamazonico.com\/portal\/wp-json\/wp\/v2\/posts\/16348\/revisions\/16350"}],"wp:featuredmedia":[{"embeddable":true,"href":"https:\/\/www.elamazonico.com\/portal\/wp-json\/wp\/v2\/media\/16349"}],"wp:attachment":[{"href":"https:\/\/www.elamazonico.com\/portal\/wp-json\/wp\/v2\/media?parent=16348"}],"wp:term":[{"taxonomy":"category","embeddable":true,"href":"https:\/\/www.elamazonico.com\/portal\/wp-json\/wp\/v2\/categories?post=16348"},{"taxonomy":"post_tag","embeddable":true,"href":"https:\/\/www.elamazonico.com\/portal\/wp-json\/wp\/v2\/tags?post=16348"}],"curies":[{"name":"wp","href":"https:\/\/api.w.org\/{rel}","templated":true}]}}