{"id":16337,"date":"2024-05-22T10:55:02","date_gmt":"2024-05-22T15:55:02","guid":{"rendered":"https:\/\/www.elamazonico.comportal\/?p=16337"},"modified":"2024-05-22T11:00:59","modified_gmt":"2024-05-22T16:00:59","slug":"plan-de-recompensas-activado-por-ataques-armados-en-manabi","status":"publish","type":"post","link":"https:\/\/www.elamazonico.com\/portal\/plan-de-recompensas-activado-por-ataques-armados-en-manabi\/","title":{"rendered":"Plan de Recompensas activado por ataques armados en Manab\u00ed"},"content":{"rendered":"<p>Las autoridades van tras la pista de los cabecillas y miembros de los grupos armados organizados en Manab\u00ed. Las Fuerzas Armadas y la Polic\u00eda Nacional, a trav\u00e9s del 131 Plan de Recompensas, piden a la ciudadan\u00eda informaci\u00f3n sobre los grupos terroristas responsables de los ataques armados registrados en Manta y Portoviejo.<\/p>\n<p>La informaci\u00f3n se difundi\u00f3 el martes, 21 de mayo de 2024, a trav\u00e9s de la cuenta de X del Plan de Recompensas.<\/p>\n<p>Los operativos de seguridad en Manab\u00ed se intensificaron en las \u00faltimas semanas para dar con los l\u00edderes de estos grupos narcodelictivos armados.<\/p>\n<p>Quienes tengan informaci\u00f3n sobre la ubicaci\u00f3n, modo de operaci\u00f3n y m\u00e1s detalles de estos grupos organizados instalados en Manab\u00ed y Portoviejo pueden llamar al 131 o enviar un correo a\u00a0informa@recompensas131.org.<\/p>\n<p>Las autoridades detallan que la recompensa se dar\u00e1 de acuerdo a la informaci\u00f3n proporcionada.<\/p>\n<div class=\"twitter-tweet twitter-tweet-rendered\"><iframe id=\"twitter-widget-1\" class=\"\" title=\"X Post\" src=\"https:\/\/platform.twitter.com\/embed\/Tweet.html?creatorScreenName=el_telegrafo&amp;dnt=false&amp;embedId=twitter-widget-1&amp;features=eyJ0ZndfdGltZWxpbmVfbGlzdCI6eyJidWNrZXQiOltdLCJ2ZXJzaW9uIjpudWxsfSwidGZ3X2ZvbGxvd2VyX2NvdW50X3N1bnNldCI6eyJidWNrZXQiOnRydWUsInZlcnNpb24iOm51bGx9LCJ0ZndfdHdlZXRfZWRpdF9iYWNrZW5kIjp7ImJ1Y2tldCI6Im9uIiwidmVyc2lvbiI6bnVsbH0sInRmd19yZWZzcmNfc2Vzc2lvbiI6eyJidWNrZXQiOiJvbiIsInZlcnNpb24iOm51bGx9LCJ0ZndfZm9zbnJfc29mdF9pbnRlcnZlbnRpb25zX2VuYWJsZWQiOnsiYnVja2V0Ijoib24iLCJ2ZXJzaW9uIjpudWxsfSwidGZ3X21peGVkX21lZGlhXzE1ODk3Ijp7ImJ1Y2tldCI6InRyZWF0bWVudCIsInZlcnNpb24iOm51bGx9LCJ0ZndfZXhwZXJpbWVudHNfY29va2llX2V4cGlyYXRpb24iOnsiYnVja2V0IjoxMjA5NjAwLCJ2ZXJzaW9uIjpudWxsfSwidGZ3X3Nob3dfYmlyZHdhdGNoX3Bpdm90c19lbmFibGVkIjp7ImJ1Y2tldCI6Im9uIiwidmVyc2lvbiI6bnVsbH0sInRmd19kdXBsaWNhdGVfc2NyaWJlc190b19zZXR0aW5ncyI6eyJidWNrZXQiOiJvbiIsInZlcnNpb24iOm51bGx9LCJ0ZndfdXNlX3Byb2ZpbGVfaW1hZ2Vfc2hhcGVfZW5hYmxlZCI6eyJidWNrZXQiOiJvbiIsInZlcnNpb24iOm51bGx9LCJ0ZndfdmlkZW9faGxzX2R5bmFtaWNfbWFuaWZlc3RzXzE1MDgyIjp7ImJ1Y2tldCI6InRydWVfYml0cmF0ZSIsInZlcnNpb24iOm51bGx9LCJ0ZndfbGVnYWN5X3RpbWVsaW5lX3N1bnNldCI6eyJidWNrZXQiOnRydWUsInZlcnNpb24iOm51bGx9LCJ0ZndfdHdlZXRfZWRpdF9mcm9udGVuZCI6eyJidWNrZXQiOiJvbiIsInZlcnNpb24iOm51bGx9fQ%3D%3D&amp;frame=false&amp;hideCard=false&amp;hideThread=false&amp;id=1793078727758516696&amp;lang=es&amp;origin=https%3A%2F%2Fwww.eltelegrafo.com.ec%2Fnacionales%2Fnacionales%2F44%2Fplan-de-recompensas-activado-por-ataques-armados-en-manabi&amp;sessionId=73541eca6e40a9c0df3829564003c3fd58479061&amp;siteScreenName=el_telegrafo&amp;theme=light&amp;widgetsVersion=2615f7e52b7e0%3A1702314776716&amp;width=550px\" frameborder=\"0\" scrolling=\"no\" allowfullscreen=\"allowfullscreen\" data-tweet-id=\"1793078727758516696\" data-mce-fragment=\"1\"><\/iframe><\/div>\n<blockquote class=\"twitter-tweet\" data-twitter-extracted-i1716389442808812476=\"true\"><p><strong>Lea tambi\u00e9n:<\/strong><\/p><\/blockquote>\n<div class=\"twitter-tweet twitter-tweet-rendered\"><iframe id=\"twitter-widget-2\" class=\"\" title=\"X Post\" src=\"https:\/\/platform.twitter.com\/embed\/Tweet.html?creatorScreenName=el_telegrafo&amp;dnt=false&amp;embedId=twitter-widget-2&amp;features=eyJ0ZndfdGltZWxpbmVfbGlzdCI6eyJidWNrZXQiOltdLCJ2ZXJzaW9uIjpudWxsfSwidGZ3X2ZvbGxvd2VyX2NvdW50X3N1bnNldCI6eyJidWNrZXQiOnRydWUsInZlcnNpb24iOm51bGx9LCJ0ZndfdHdlZXRfZWRpdF9iYWNrZW5kIjp7ImJ1Y2tldCI6Im9uIiwidmVyc2lvbiI6bnVsbH0sInRmd19yZWZzcmNfc2Vzc2lvbiI6eyJidWNrZXQiOiJvbiIsInZlcnNpb24iOm51bGx9LCJ0ZndfZm9zbnJfc29mdF9pbnRlcnZlbnRpb25zX2VuYWJsZWQiOnsiYnVja2V0Ijoib24iLCJ2ZXJzaW9uIjpudWxsfSwidGZ3X21peGVkX21lZGlhXzE1ODk3Ijp7ImJ1Y2tldCI6InRyZWF0bWVudCIsInZlcnNpb24iOm51bGx9LCJ0ZndfZXhwZXJpbWVudHNfY29va2llX2V4cGlyYXRpb24iOnsiYnVja2V0IjoxMjA5NjAwLCJ2ZXJzaW9uIjpudWxsfSwidGZ3X3Nob3dfYmlyZHdhdGNoX3Bpdm90c19lbmFibGVkIjp7ImJ1Y2tldCI6Im9uIiwidmVyc2lvbiI6bnVsbH0sInRmd19kdXBsaWNhdGVfc2NyaWJlc190b19zZXR0aW5ncyI6eyJidWNrZXQiOiJvbiIsInZlcnNpb24iOm51bGx9LCJ0ZndfdXNlX3Byb2ZpbGVfaW1hZ2Vfc2hhcGVfZW5hYmxlZCI6eyJidWNrZXQiOiJvbiIsInZlcnNpb24iOm51bGx9LCJ0ZndfdmlkZW9faGxzX2R5bmFtaWNfbWFuaWZlc3RzXzE1MDgyIjp7ImJ1Y2tldCI6InRydWVfYml0cmF0ZSIsInZlcnNpb24iOm51bGx9LCJ0ZndfbGVnYWN5X3RpbWVsaW5lX3N1bnNldCI6eyJidWNrZXQiOnRydWUsInZlcnNpb24iOm51bGx9LCJ0ZndfdHdlZXRfZWRpdF9mcm9udGVuZCI6eyJidWNrZXQiOiJvbiIsInZlcnNpb24iOm51bGx9fQ%3D%3D&amp;frame=false&amp;hideCard=false&amp;hideThread=false&amp;id=1792752435242615009&amp;lang=es&amp;origin=https%3A%2F%2Fwww.eltelegrafo.com.ec%2Fnacionales%2Fnacionales%2F44%2Fplan-de-recompensas-activado-por-ataques-armados-en-manabi&amp;sessionId=73541eca6e40a9c0df3829564003c3fd58479061&amp;siteScreenName=el_telegrafo&amp;theme=light&amp;widgetsVersion=2615f7e52b7e0%3A1702314776716&amp;width=550px\" frameborder=\"0\" scrolling=\"no\" allowfullscreen=\"allowfullscreen\" data-tweet-id=\"1792752435242615009\" data-mce-fragment=\"1\"><\/iframe><\/div>\n<div><strong>Fuente: El Tel\u00e9grafo.<\/strong><\/div>\n","protected":false},"excerpt":{"rendered":"<p>Las autoridades van tras la pista de los cabecillas y miembros de los grupos armados organizados en Manab\u00ed. Las Fuerzas Armadas y la Polic\u00eda Nacional, a trav\u00e9s del 131 Plan de Recompensas, piden a la ciudadan\u00eda informaci\u00f3n sobre los grupos terroristas responsables de los ataques armados registrados en Manta y Portoviejo. La informaci\u00f3n se difundi\u00f3 el martes, 21 de mayo de 2024, a trav\u00e9s de la cuenta de X del Plan de Recompensas. Los operativos de seguridad en Manab\u00ed se intensificaron en las \u00faltimas semanas para dar con los l\u00edderes de estos grupos narcodelictivos armados. Quienes tengan informaci\u00f3n sobre la ubicaci\u00f3n, modo de operaci\u00f3n y m\u00e1s detalles de estos grupos organizados instalados en Manab\u00ed y Portoviejo pueden llamar al 131 o enviar un correo a\u00a0informa@recompensas131.org. Las autoridades detallan que la recompensa se dar\u00e1 de acuerdo a la informaci\u00f3n proporcionada. Lea tambi\u00e9n: Fuente: El Tel\u00e9grafo.<\/p>\n","protected":false},"author":1,"featured_media":16338,"comment_status":"open","ping_status":"open","sticky":false,"template":"","format":"standard","meta":{"footnotes":""},"categories":[268],"tags":[],"class_list":["post-16337","post","type-post","status-publish","format-standard","has-post-thumbnail","hentry","category-nacionales"],"_links":{"self":[{"href":"https:\/\/www.elamazonico.com\/portal\/wp-json\/wp\/v2\/posts\/16337","targetHints":{"allow":["GET"]}}],"collection":[{"href":"https:\/\/www.elamazonico.com\/portal\/wp-json\/wp\/v2\/posts"}],"about":[{"href":"https:\/\/www.elamazonico.com\/portal\/wp-json\/wp\/v2\/types\/post"}],"author":[{"embeddable":true,"href":"https:\/\/www.elamazonico.com\/portal\/wp-json\/wp\/v2\/users\/1"}],"replies":[{"embeddable":true,"href":"https:\/\/www.elamazonico.com\/portal\/wp-json\/wp\/v2\/comments?post=16337"}],"version-history":[{"count":2,"href":"https:\/\/www.elamazonico.com\/portal\/wp-json\/wp\/v2\/posts\/16337\/revisions"}],"predecessor-version":[{"id":16340,"href":"https:\/\/www.elamazonico.com\/portal\/wp-json\/wp\/v2\/posts\/16337\/revisions\/16340"}],"wp:featuredmedia":[{"embeddable":true,"href":"https:\/\/www.elamazonico.com\/portal\/wp-json\/wp\/v2\/media\/16338"}],"wp:attachment":[{"href":"https:\/\/www.elamazonico.com\/portal\/wp-json\/wp\/v2\/media?parent=16337"}],"wp:term":[{"taxonomy":"category","embeddable":true,"href":"https:\/\/www.elamazonico.com\/portal\/wp-json\/wp\/v2\/categories?post=16337"},{"taxonomy":"post_tag","embeddable":true,"href":"https:\/\/www.elamazonico.com\/portal\/wp-json\/wp\/v2\/tags?post=16337"}],"curies":[{"name":"wp","href":"https:\/\/api.w.org\/{rel}","templated":true}]}}