{"id":16334,"date":"2024-05-22T09:39:47","date_gmt":"2024-05-22T14:39:47","guid":{"rendered":"https:\/\/www.elamazonico.comportal\/?p=16334"},"modified":"2024-05-22T09:39:47","modified_gmt":"2024-05-22T14:39:47","slug":"tres-fallecidos-y-varios-heridos-deja-un-accidente-de-transito-en-la-via-a-chone","status":"publish","type":"post","link":"https:\/\/www.elamazonico.com\/portal\/tres-fallecidos-y-varios-heridos-deja-un-accidente-de-transito-en-la-via-a-chone\/","title":{"rendered":"Tres fallecidos y varios heridos deja un accidente de tr\u00e1nsito en la v\u00eda a Chone"},"content":{"rendered":"<p><strong>Tres fallecidos y varios heridos deja un accidente de tr\u00e1nsito<\/strong>\u00a0que se produjo este 22 de mayo de 2024 en la\u00a0<strong>v\u00eda a Chone<\/strong>, en la provincia de Manab\u00ed, reportan medios locales.<\/p>\n<div class=\"google-auto-placed ap_container\">\n<p>El\u00a0<strong>Servicio Integrado de Seguridad ECU 911<\/strong>\u00a0confirm\u00f3 que el Centro Zonal ECU 911 de Portoviejo recibi\u00f3 aproximadamente a las 3:00 de este 22 de mayo una llamada alertando sobre\u00a0<strong>un accidente de tr\u00e1nsito en la v\u00eda a Chone, en el sector de Flavio Alfaro.<\/strong><\/p>\n<p>El ECU 911 coordin\u00f3 la movilizaci\u00f3n de personal y recursos t\u00e9cnicos del\u00a0<strong>Cuerpo de Bomberos y de la Polic\u00eda Nacional<\/strong>\u00a0para atender este siniestro.<\/p>\n<p>En las im\u00e1genes compartidas se puede apreciar\u00a0<strong>un bus volcado en un costado de la v\u00eda.<\/strong>\u00a0La unidad, que qued\u00f3 en posici\u00f3n inclinada, ocupa un carril de esta v\u00eda, que es bidireccional.<\/p>\n<p>El medio local Oromar inform\u00f3 en sus redes sociales que la unidad implicada en este accidente pertenece a la cooperativa Reina del Camino. El\u00a0<strong>conductor<\/strong>\u00a0que\u00a0<strong>\u201ccubr\u00eda la ruta entre ambas ciudades, se habr\u00eda chocado con un \u00e1rbol y luego volcado\u201d.<\/strong><\/p>\n<p>Las autoridades competentes<strong>\u00a0investigar\u00e1n las causas<\/strong>\u00a0del accidente para determinar las responsabilidades.<\/p>\n<p><strong>Fuente: Vistazo.<\/strong><\/p>\n<\/div>\n","protected":false},"excerpt":{"rendered":"<p>Tres fallecidos y varios heridos deja un accidente de tr\u00e1nsito\u00a0que se produjo este 22 de mayo de 2024 en la\u00a0v\u00eda a Chone, en la provincia de Manab\u00ed, reportan medios locales. El\u00a0Servicio Integrado de Seguridad ECU 911\u00a0confirm\u00f3 que el Centro Zonal ECU 911 de Portoviejo recibi\u00f3 aproximadamente a las 3:00 de este 22 de mayo una llamada alertando sobre\u00a0un accidente de tr\u00e1nsito en la v\u00eda a Chone, en el sector de Flavio Alfaro. El ECU 911 coordin\u00f3 la movilizaci\u00f3n de personal y recursos t\u00e9cnicos del\u00a0Cuerpo de Bomberos y de la Polic\u00eda Nacional\u00a0para atender este siniestro. En las im\u00e1genes compartidas se puede apreciar\u00a0un bus volcado en un costado de la v\u00eda.\u00a0La unidad, que qued\u00f3 en posici\u00f3n inclinada, ocupa un carril de esta v\u00eda, que es bidireccional. El medio local Oromar inform\u00f3 en sus redes sociales que la unidad implicada en este accidente pertenece a la cooperativa Reina del Camino. El\u00a0conductor\u00a0que\u00a0\u201ccubr\u00eda la ruta entre ambas ciudades, se habr\u00eda chocado con un \u00e1rbol y luego volcado\u201d. Las autoridades competentes\u00a0investigar\u00e1n las causas\u00a0del accidente para determinar las responsabilidades. Fuente: Vistazo.<\/p>\n","protected":false},"author":1,"featured_media":16335,"comment_status":"open","ping_status":"open","sticky":false,"template":"","format":"standard","meta":{"footnotes":""},"categories":[268],"tags":[],"class_list":["post-16334","post","type-post","status-publish","format-standard","has-post-thumbnail","hentry","category-nacionales"],"_links":{"self":[{"href":"https:\/\/www.elamazonico.com\/portal\/wp-json\/wp\/v2\/posts\/16334","targetHints":{"allow":["GET"]}}],"collection":[{"href":"https:\/\/www.elamazonico.com\/portal\/wp-json\/wp\/v2\/posts"}],"about":[{"href":"https:\/\/www.elamazonico.com\/portal\/wp-json\/wp\/v2\/types\/post"}],"author":[{"embeddable":true,"href":"https:\/\/www.elamazonico.com\/portal\/wp-json\/wp\/v2\/users\/1"}],"replies":[{"embeddable":true,"href":"https:\/\/www.elamazonico.com\/portal\/wp-json\/wp\/v2\/comments?post=16334"}],"version-history":[{"count":1,"href":"https:\/\/www.elamazonico.com\/portal\/wp-json\/wp\/v2\/posts\/16334\/revisions"}],"predecessor-version":[{"id":16336,"href":"https:\/\/www.elamazonico.com\/portal\/wp-json\/wp\/v2\/posts\/16334\/revisions\/16336"}],"wp:featuredmedia":[{"embeddable":true,"href":"https:\/\/www.elamazonico.com\/portal\/wp-json\/wp\/v2\/media\/16335"}],"wp:attachment":[{"href":"https:\/\/www.elamazonico.com\/portal\/wp-json\/wp\/v2\/media?parent=16334"}],"wp:term":[{"taxonomy":"category","embeddable":true,"href":"https:\/\/www.elamazonico.com\/portal\/wp-json\/wp\/v2\/categories?post=16334"},{"taxonomy":"post_tag","embeddable":true,"href":"https:\/\/www.elamazonico.com\/portal\/wp-json\/wp\/v2\/tags?post=16334"}],"curies":[{"name":"wp","href":"https:\/\/api.w.org\/{rel}","templated":true}]}}