{"id":16331,"date":"2024-05-22T09:11:08","date_gmt":"2024-05-22T14:11:08","guid":{"rendered":"https:\/\/www.elamazonico.comportal\/?p=16331"},"modified":"2024-05-22T09:11:08","modified_gmt":"2024-05-22T14:11:08","slug":"autoridades-de-educacion-eliminan-acuerdo-sobre-perdida-de-ano-de-estudiantes-de-segundo-a-septimo-de-basica","status":"publish","type":"post","link":"https:\/\/www.elamazonico.com\/portal\/autoridades-de-educacion-eliminan-acuerdo-sobre-perdida-de-ano-de-estudiantes-de-segundo-a-septimo-de-basica\/","title":{"rendered":"Autoridades de Educaci\u00f3n eliminan acuerdo sobre p\u00e9rdida de a\u00f1o de estudiantes de segundo a s\u00e9ptimo de b\u00e1sica"},"content":{"rendered":"<p>Las autoridades de Educaci\u00f3n derogan el acuerdo 063-A con el que un estudiante de educaci\u00f3n media podr\u00eda perder el a\u00f1o escolar por calificaciones. El anuncio lo hizo la ministra de Educaci\u00f3n, Alegr\u00eda Crespo, la noche del martes, 21 de abril de 2024.<\/p>\n<div class=\"google-auto-placed ap_container\">\n<p>Crespo explic\u00f3 que el objetivo de esta decisi\u00f3n es el de \u00abfomentar el proyecto de vida continua y evitar el abandono escolar\u00bb.<\/p>\n<p>\u201cRepetir el a\u00f1o afecta emocionalmente al estudiante y a su familia\u201d, detall\u00f3 la autoridad a trav\u00e9s de un v\u00eddeo subido en la cuenta oficial del Ministerio de Educaci\u00f3n. La derogatoria de este acuerdo se concret\u00f3 el lunes, 20 de mayo de 2024.<\/p>\n<p>La decisi\u00f3n aplica desde el a\u00f1o lectivo vigente en la Sierra &#8211; Amazon\u00eda (2023 &#8211; 2024) y en Costa &#8211; Gal\u00e1pagos (2024-2025).<\/p>\n<p><strong>Secundaria<\/strong><\/p>\n<p>Desde octavo de b\u00e1sica hasta el bachillerato se mantiene el examen supletorio, acot\u00f3 la ministra Alegr\u00eda Crespo. \u201cRepetir el a\u00f1o es una decisi\u00f3n que se toma en consenso a trav\u00e9s de la junta acad\u00e9mica del curso, los padres de familia y directivos de la instituci\u00f3n\u201d.<\/p>\n<p>La autoridad de educaci\u00f3n anim\u00f3 a los estudiantes a ganarse su a\u00f1o lectivo desde el primer d\u00eda y con dedicaci\u00f3n.<\/p>\n<div class=\"twitter-tweet twitter-tweet-rendered\"><iframe id=\"twitter-widget-1\" class=\"\" title=\"X Post\" src=\"https:\/\/platform.twitter.com\/embed\/Tweet.html?creatorScreenName=el_telegrafo&amp;dnt=false&amp;embedId=twitter-widget-1&amp;features=eyJ0ZndfdGltZWxpbmVfbGlzdCI6eyJidWNrZXQiOltdLCJ2ZXJzaW9uIjpudWxsfSwidGZ3X2ZvbGxvd2VyX2NvdW50X3N1bnNldCI6eyJidWNrZXQiOnRydWUsInZlcnNpb24iOm51bGx9LCJ0ZndfdHdlZXRfZWRpdF9iYWNrZW5kIjp7ImJ1Y2tldCI6Im9uIiwidmVyc2lvbiI6bnVsbH0sInRmd19yZWZzcmNfc2Vzc2lvbiI6eyJidWNrZXQiOiJvbiIsInZlcnNpb24iOm51bGx9LCJ0ZndfZm9zbnJfc29mdF9pbnRlcnZlbnRpb25zX2VuYWJsZWQiOnsiYnVja2V0Ijoib24iLCJ2ZXJzaW9uIjpudWxsfSwidGZ3X21peGVkX21lZGlhXzE1ODk3Ijp7ImJ1Y2tldCI6InRyZWF0bWVudCIsInZlcnNpb24iOm51bGx9LCJ0ZndfZXhwZXJpbWVudHNfY29va2llX2V4cGlyYXRpb24iOnsiYnVja2V0IjoxMjA5NjAwLCJ2ZXJzaW9uIjpudWxsfSwidGZ3X3Nob3dfYmlyZHdhdGNoX3Bpdm90c19lbmFibGVkIjp7ImJ1Y2tldCI6Im9uIiwidmVyc2lvbiI6bnVsbH0sInRmd19kdXBsaWNhdGVfc2NyaWJlc190b19zZXR0aW5ncyI6eyJidWNrZXQiOiJvbiIsInZlcnNpb24iOm51bGx9LCJ0ZndfdXNlX3Byb2ZpbGVfaW1hZ2Vfc2hhcGVfZW5hYmxlZCI6eyJidWNrZXQiOiJvbiIsInZlcnNpb24iOm51bGx9LCJ0ZndfdmlkZW9faGxzX2R5bmFtaWNfbWFuaWZlc3RzXzE1MDgyIjp7ImJ1Y2tldCI6InRydWVfYml0cmF0ZSIsInZlcnNpb24iOm51bGx9LCJ0ZndfbGVnYWN5X3RpbWVsaW5lX3N1bnNldCI6eyJidWNrZXQiOnRydWUsInZlcnNpb24iOm51bGx9LCJ0ZndfdHdlZXRfZWRpdF9mcm9udGVuZCI6eyJidWNrZXQiOiJvbiIsInZlcnNpb24iOm51bGx9fQ%3D%3D&amp;frame=false&amp;hideCard=false&amp;hideThread=false&amp;id=1793130228019012061&amp;lang=es&amp;maxWidth=560px&amp;origin=https%3A%2F%2Fwww.eltelegrafo.com.ec%2Feducacion%2Feducacion%2F6%2Fautoridades-educacion-eliminan-acuerdo-dejaba-ano-estudiantes-segundo-septimo-basica&amp;sessionId=8beb0fb53d429933374200907e3e655f92ed8c76&amp;siteScreenName=el_telegrafo&amp;theme=light&amp;widgetsVersion=2615f7e52b7e0%3A1702314776716&amp;width=550px\" frameborder=\"0\" scrolling=\"no\" allowfullscreen=\"allowfullscreen\" data-tweet-id=\"1793130228019012061\"><\/iframe><\/div>\n<div><strong>Fuente: Vistazo.<\/strong><\/div>\n<\/div>\n","protected":false},"excerpt":{"rendered":"<p>Las autoridades de Educaci\u00f3n derogan el acuerdo 063-A con el que un estudiante de educaci\u00f3n media podr\u00eda perder el a\u00f1o escolar por calificaciones. El anuncio lo hizo la ministra de Educaci\u00f3n, Alegr\u00eda Crespo, la noche del martes, 21 de abril de 2024. Crespo explic\u00f3 que el objetivo de esta decisi\u00f3n es el de \u00abfomentar el proyecto de vida continua y evitar el abandono escolar\u00bb. \u201cRepetir el a\u00f1o afecta emocionalmente al estudiante y a su familia\u201d, detall\u00f3 la autoridad a trav\u00e9s de un v\u00eddeo subido en la cuenta oficial del Ministerio de Educaci\u00f3n. La derogatoria de este acuerdo se concret\u00f3 el lunes, 20 de mayo de 2024. La decisi\u00f3n aplica desde el a\u00f1o lectivo vigente en la Sierra &#8211; Amazon\u00eda (2023 &#8211; 2024) y en Costa &#8211; Gal\u00e1pagos (2024-2025). Secundaria Desde octavo de b\u00e1sica hasta el bachillerato se mantiene el examen supletorio, acot\u00f3 la ministra Alegr\u00eda Crespo. \u201cRepetir el a\u00f1o es una decisi\u00f3n que se toma en consenso a trav\u00e9s de la junta acad\u00e9mica del curso, los padres de familia y directivos de la instituci\u00f3n\u201d. La autoridad de educaci\u00f3n anim\u00f3 a los estudiantes a ganarse su a\u00f1o lectivo desde el primer d\u00eda y con dedicaci\u00f3n. Fuente: Vistazo.<\/p>\n","protected":false},"author":1,"featured_media":16332,"comment_status":"open","ping_status":"open","sticky":false,"template":"","format":"standard","meta":{"footnotes":""},"categories":[268],"tags":[],"class_list":["post-16331","post","type-post","status-publish","format-standard","has-post-thumbnail","hentry","category-nacionales"],"_links":{"self":[{"href":"https:\/\/www.elamazonico.com\/portal\/wp-json\/wp\/v2\/posts\/16331","targetHints":{"allow":["GET"]}}],"collection":[{"href":"https:\/\/www.elamazonico.com\/portal\/wp-json\/wp\/v2\/posts"}],"about":[{"href":"https:\/\/www.elamazonico.com\/portal\/wp-json\/wp\/v2\/types\/post"}],"author":[{"embeddable":true,"href":"https:\/\/www.elamazonico.com\/portal\/wp-json\/wp\/v2\/users\/1"}],"replies":[{"embeddable":true,"href":"https:\/\/www.elamazonico.com\/portal\/wp-json\/wp\/v2\/comments?post=16331"}],"version-history":[{"count":1,"href":"https:\/\/www.elamazonico.com\/portal\/wp-json\/wp\/v2\/posts\/16331\/revisions"}],"predecessor-version":[{"id":16333,"href":"https:\/\/www.elamazonico.com\/portal\/wp-json\/wp\/v2\/posts\/16331\/revisions\/16333"}],"wp:featuredmedia":[{"embeddable":true,"href":"https:\/\/www.elamazonico.com\/portal\/wp-json\/wp\/v2\/media\/16332"}],"wp:attachment":[{"href":"https:\/\/www.elamazonico.com\/portal\/wp-json\/wp\/v2\/media?parent=16331"}],"wp:term":[{"taxonomy":"category","embeddable":true,"href":"https:\/\/www.elamazonico.com\/portal\/wp-json\/wp\/v2\/categories?post=16331"},{"taxonomy":"post_tag","embeddable":true,"href":"https:\/\/www.elamazonico.com\/portal\/wp-json\/wp\/v2\/tags?post=16331"}],"curies":[{"name":"wp","href":"https:\/\/api.w.org\/{rel}","templated":true}]}}