{"id":16309,"date":"2024-05-21T11:21:02","date_gmt":"2024-05-21T16:21:02","guid":{"rendered":"https:\/\/www.elamazonico.comportal\/?p=16309"},"modified":"2024-05-21T11:21:02","modified_gmt":"2024-05-21T16:21:02","slug":"el-ministerio-de-salud-invierte-usd-8-millones-para-retomar-la-vacunacion-contra-la-covid-19","status":"publish","type":"post","link":"https:\/\/www.elamazonico.com\/portal\/el-ministerio-de-salud-invierte-usd-8-millones-para-retomar-la-vacunacion-contra-la-covid-19\/","title":{"rendered":"El Ministerio de Salud invierte USD 8 millones para retomar la vacunaci\u00f3n contra la COVID-19"},"content":{"rendered":"<p>El Ministerio de Salud P\u00fablica (MSP)\u00a0<strong>reanudar\u00e1 la vacunaci\u00f3n para proteger a los grupos vulnerables contra la COVID-19.<\/strong>\u00a0La inoculaci\u00f3n empezar\u00e1 en la\u00a0<strong>\u00faltima semana de mayo de 2024<\/strong>\u00a0y ser\u00e1 dirigida tanto a ni\u00f1os como a personas que no han recibido las dosis.<\/p>\n<p>La vacunaci\u00f3n prevista contra la COVID -19\u00a0<strong>ser\u00e1 anual.<\/strong>\u00a0El objetivo es reducir las posibilidades de complicaciones graves, como hospitalizaciones y muerte por el virus, en la poblaci\u00f3n con mayor riesgo de contagio.<\/p>\n<p>El Ministerio de Salud invirti\u00f3 cerca de USD\u00a0<strong>8 millones en 500.000 dosis.<\/strong>\u00a0Las nueve coordinaciones zonales\u00a0<strong>ya recibieron 250.000 vacunas en el mes de mayo.<\/strong>\u00a0Las dosis restantes llegar\u00e1n en el segundo semestre de este 2024.<\/p>\n<p>Las vacunas se colocar\u00e1n en\u00a0<strong>1.975 centros de salud<\/strong>\u00a0que se encuentran en las 24 provincias del pa\u00eds.<\/p>\n<p><strong>Dosis<\/strong><\/p>\n<p>La vacuna contra COVID-19 se aplicar\u00e1 a\u00a0<strong>ni\u00f1os que no han recibido ninguna dosis:<\/strong><\/p>\n<p>Ni\u00f1os desde los 6 meses a los 4 a\u00f1os, 11 meses, 29 d\u00edas.<br \/>\nNi\u00f1os desde los 6 meses con inmunosupresi\u00f3n.<br \/>\nNi\u00f1os mayores de 5 a\u00f1os de edad.<\/p>\n<p>Para el caso de personas que\u00a0<strong>recibieron la vacuna COVID-19<\/strong>\u00a0anteriormente, sin importar el n\u00famero de dosis aplicadas, se vacunar\u00e1 as\u00ed:<\/p>\n<p>Ni\u00f1os desde los 6 meses hasta los 4 a\u00f1os.<br \/>\nNi\u00f1os con inmunosupresi\u00f3n desde los 6 meses de edad.<br \/>\nNi\u00f1os mayores de 5 a\u00f1os de edad.<br \/>\nAdultos entre 18 y 64 a\u00f1os con condiciones graves o enfermedades cr\u00f3nicas. &#8211; Adultos mayores de 65 a\u00f1os de edad.<\/p>\n<p>Se inocular\u00e1 a los trabajadores del Sistema de Salud, al personal que labora en centros gerontol\u00f3gicos, polic\u00edas y militares activos; bomberos y personas privadas de la libertad; cuidadores de personas con discapacidad y embarazadas.<\/p>\n<p>La inoculaci\u00f3n contin\u00faa para prevenir el SARS-CoV-2,\u00a0<strong>virus que a\u00fan circula y evoluciona.<\/strong>\u00a0El MSP reitera que\u00a0<strong>el esquema\u00a0de vacunaci\u00f3n no debe postergarse.<\/strong>\u00a0La inoculaci\u00f3n debe continuar con cualquiera de las vacunas anti-COVID-19 precalificadas por la Organizaci\u00f3n Mundial de la Salud.<\/p>\n<p><strong>Fuente: El Tel\u00e9grafo.<\/strong><\/p>\n","protected":false},"excerpt":{"rendered":"<p>El Ministerio de Salud P\u00fablica (MSP)\u00a0reanudar\u00e1 la vacunaci\u00f3n para proteger a los grupos vulnerables contra la COVID-19.\u00a0La inoculaci\u00f3n empezar\u00e1 en la\u00a0\u00faltima semana de mayo de 2024\u00a0y ser\u00e1 dirigida tanto a ni\u00f1os como a personas que no han recibido las dosis. La vacunaci\u00f3n prevista contra la COVID -19\u00a0ser\u00e1 anual.\u00a0El objetivo es reducir las posibilidades de complicaciones graves, como hospitalizaciones y muerte por el virus, en la poblaci\u00f3n con mayor riesgo de contagio. El Ministerio de Salud invirti\u00f3 cerca de USD\u00a08 millones en 500.000 dosis.\u00a0Las nueve coordinaciones zonales\u00a0ya recibieron 250.000 vacunas en el mes de mayo.\u00a0Las dosis restantes llegar\u00e1n en el segundo semestre de este 2024. Las vacunas se colocar\u00e1n en\u00a01.975 centros de salud\u00a0que se encuentran en las 24 provincias del pa\u00eds. Dosis La vacuna contra COVID-19 se aplicar\u00e1 a\u00a0ni\u00f1os que no han recibido ninguna dosis: Ni\u00f1os desde los 6 meses a los 4 a\u00f1os, 11 meses, 29 d\u00edas. Ni\u00f1os desde los 6 meses con inmunosupresi\u00f3n. Ni\u00f1os mayores de 5 a\u00f1os de edad. Para el caso de personas que\u00a0recibieron la vacuna COVID-19\u00a0anteriormente, sin importar el n\u00famero de dosis aplicadas, se vacunar\u00e1 as\u00ed: Ni\u00f1os desde los 6 meses hasta los 4 a\u00f1os. Ni\u00f1os con inmunosupresi\u00f3n desde los 6 meses de edad. Ni\u00f1os mayores de 5 a\u00f1os de edad. Adultos entre 18 y 64 a\u00f1os con condiciones graves o enfermedades cr\u00f3nicas. &#8211; Adultos mayores de 65 a\u00f1os de edad. Se inocular\u00e1 a los trabajadores del Sistema de Salud, al personal que labora en centros gerontol\u00f3gicos, polic\u00edas y militares activos; bomberos y personas privadas de la libertad; cuidadores de personas con discapacidad y embarazadas. La inoculaci\u00f3n contin\u00faa para prevenir el SARS-CoV-2,\u00a0virus que a\u00fan circula y evoluciona.\u00a0El MSP reitera que\u00a0el esquema\u00a0de vacunaci\u00f3n no debe postergarse.\u00a0La inoculaci\u00f3n debe continuar con cualquiera de las vacunas anti-COVID-19 precalificadas por la Organizaci\u00f3n Mundial de la Salud. Fuente: El Tel\u00e9grafo.<\/p>\n","protected":false},"author":1,"featured_media":16310,"comment_status":"open","ping_status":"open","sticky":false,"template":"","format":"standard","meta":{"footnotes":""},"categories":[268],"tags":[],"class_list":["post-16309","post","type-post","status-publish","format-standard","has-post-thumbnail","hentry","category-nacionales"],"_links":{"self":[{"href":"https:\/\/www.elamazonico.com\/portal\/wp-json\/wp\/v2\/posts\/16309","targetHints":{"allow":["GET"]}}],"collection":[{"href":"https:\/\/www.elamazonico.com\/portal\/wp-json\/wp\/v2\/posts"}],"about":[{"href":"https:\/\/www.elamazonico.com\/portal\/wp-json\/wp\/v2\/types\/post"}],"author":[{"embeddable":true,"href":"https:\/\/www.elamazonico.com\/portal\/wp-json\/wp\/v2\/users\/1"}],"replies":[{"embeddable":true,"href":"https:\/\/www.elamazonico.com\/portal\/wp-json\/wp\/v2\/comments?post=16309"}],"version-history":[{"count":1,"href":"https:\/\/www.elamazonico.com\/portal\/wp-json\/wp\/v2\/posts\/16309\/revisions"}],"predecessor-version":[{"id":16311,"href":"https:\/\/www.elamazonico.com\/portal\/wp-json\/wp\/v2\/posts\/16309\/revisions\/16311"}],"wp:featuredmedia":[{"embeddable":true,"href":"https:\/\/www.elamazonico.com\/portal\/wp-json\/wp\/v2\/media\/16310"}],"wp:attachment":[{"href":"https:\/\/www.elamazonico.com\/portal\/wp-json\/wp\/v2\/media?parent=16309"}],"wp:term":[{"taxonomy":"category","embeddable":true,"href":"https:\/\/www.elamazonico.com\/portal\/wp-json\/wp\/v2\/categories?post=16309"},{"taxonomy":"post_tag","embeddable":true,"href":"https:\/\/www.elamazonico.com\/portal\/wp-json\/wp\/v2\/tags?post=16309"}],"curies":[{"name":"wp","href":"https:\/\/api.w.org\/{rel}","templated":true}]}}