{"id":16306,"date":"2024-05-21T11:08:38","date_gmt":"2024-05-21T16:08:38","guid":{"rendered":"https:\/\/www.elamazonico.comportal\/?p=16306"},"modified":"2024-05-21T11:08:38","modified_gmt":"2024-05-21T16:08:38","slug":"construye-pide-a-juan-esteban-guarderas-que-denuncie-a-daniel-noboa-por-campana-anticipada","status":"publish","type":"post","link":"https:\/\/www.elamazonico.com\/portal\/construye-pide-a-juan-esteban-guarderas-que-denuncie-a-daniel-noboa-por-campana-anticipada\/","title":{"rendered":"Construye pide a Juan Esteban Guarderas que denuncie a Daniel Noboa por campa\u00f1a anticipada"},"content":{"rendered":"<div class=\"lead destacado\">La organizaci\u00f3n pol\u00edtica Construye solicita al consejero Juan Esteban Guarderas que controle y denuncie al presidente Daniel Noboa, quien estar\u00eda incurriendo en campa\u00f1a anticipada y uso de recursos p\u00fablicos para promocionarse de cara a las elecciones del 2025.<\/div>\n<div class=\"paragraph texto\">\n<p class=\"p_0\">La bancada legislativa envi\u00f3 un documento en el que reconoce la importancia de las\u00a0<a href=\"https:\/\/www.vistazo.com\/politica\/nacional\/pabel-munoz-aseguro-que-la-multa-del-tce-es-un-golpe-significativo-a-sus-finanzas-CH7283073\">denuncias que ha hecho Guarderas<\/a>\u00a0en los \u00faltimos meses, pues trata de cumplir un rol que le corresponder\u00eda al Consejo Nacional Electoral (CNE).<\/p>\n<p class=\"p_1\">De hecho, la semana pasada, interpuso una queja en el Tribunal Contencioso Electoral (TCE) contra la vicepresidenta\u00a0<b><a href=\"https:\/\/www.vistazo.com\/politica\/nacional\/veronica-abad-confirma-que-estados-unidos-le-cancelo-la-visa-y-dice-ser-victima-de-persecucion-YF7337616\">Ver\u00f3nica Abad<\/a><\/b>,\u00a0<b>Guillermo Churuchumbi<\/b>, coordinador de Pachakutik, y\u00a0<b>Francisco Su\u00e1rez Abril<\/b>, excandidato a la Prefectura de Tungurahua por la Izquierda Democr\u00e1tica (ID).<\/p>\n<p class=\"p_2\">Ellos habr\u00edan incurrido en una\u00a0<b>supuesta precampa\u00f1a electoral\u00a0<\/b>en el marco de las pasadas elecciones seccionales de hace un a\u00f1o, lo cual es sancionado seg\u00fan el art\u00edculo 278 del C\u00f3digo de la Democracia.<\/p>\n<p class=\"p_3\">Construye recalca que es importante que se investiguen estos casos, pero tambi\u00e9n<b>\u00a0pide poner atenci\u00f3n sobre actuales infracciones<\/b>\u00a0que adem\u00e1s implicar\u00eda el uso de recursos p\u00fablicos.<\/p>\n<p class=\"p_4\">Hace referencia al presidente<b>\u00a0Daniel Noboa<\/b>, quien estar\u00eda tratando de promocionar la afiliaci\u00f3n a su propio movimiento pol\u00edtico (en proceso de creaci\u00f3n) al\u00a0<b>posicionar colores y consignas de su organizaci\u00f3n en eventos y publicaciones de instituciones estatales<\/b>; pese a que a\u00fan faltan varios meses para que arranque la campa\u00f1a electoral.<\/p>\n<p class=\"p_5\">\u201c<b>Solicitamos que act\u00fae con el mismo \u00edmpetu y preocupaci\u00f3n que en casos anteriores<\/b>, demostrando as\u00ed que act\u00faa como guardi\u00e1n de la ley y sin miramientos de bandera pol\u00edtica evitando, que existan interpretaciones sobre una gesti\u00f3n a nombre del Gobierno en el Consejo de Participaci\u00f3n Ciudadana y Control Social y ante el Tribunal Contencioso Electoral. Confiamos en que act\u00fae en consecuencia con su discurso de \u00e9tica p\u00fablica\u201d, dice la carta enviada a Juan Esteban Guarderas.<\/p>\n<div class=\"paragraph texto\">\n<p class=\"p_7\">Junto al comunicado, Construye remiti\u00f3\u00a0<b>\u201cpruebas fehacientes de campa\u00f1a anticipada y uso de fondos p\u00fablicos\u201d\u00a0<\/b>por parte del presidente de la Rep\u00fablica.<\/p>\n<p class=\"p_8\">Guarderas ha denunciado infracciones electorales en tres ocasiones. La primera fue contra el expresidente del Consejo de Participaci\u00f3n Ciudadana y Control Social (CPCCS),<b>\u00a0Alembert Vera<\/b>, quien termin\u00f3 con sus derechos pol\u00edticos suspendidos por cuatro a\u00f1os y una multa de 22 mil d\u00f3lares por cometer proselitismo en el tiempo que era candidato a la entidad antes mencionada.<\/p>\n<p class=\"p_9\">Luego, lleg\u00f3 el turno del alcalde de Quito,<b><a href=\"https:\/\/www.vistazo.com\/politica\/nacional\/pabel-munoz-aseguro-que-la-multa-del-tce-es-un-golpe-significativo-a-sus-finanzas-CH7283073\">\u00a0Pabel Mu\u00f1oz<\/a><\/b>, quien fue hallado responsable de utilizar su calidad de autoridad para hacer campa\u00f1a junto a su compa\u00f1era de movimiento pol\u00edtico Luisa Gonz\u00e1lez en las elecciones presidenciales del 2023. Por lo cual, tuvo que\u00a0<b>pedir disculpas y pagar una multa de 9.000 d\u00f3lares<\/b>.<\/p>\n<p class=\"p_10\">Finalmente, el pasado jueves 16 de mayo, anunci\u00f3 un juicio electoral contra la vicepresidenta Ver\u00f3nica Abad porque habr\u00eda incurrido en campa\u00f1a anticipada en los comicios seccionales. Tambi\u00e9n, est\u00e1n involucrados Guillermo Churuchumbi y Francisco Su\u00e1rez Abril. Todos han rechazado estos se\u00f1alamientos.<\/p>\n<\/div>\n<div class=\"art-twitter twitter_text\">\n<div class=\"twitter-content\">\n<div class=\"twitter-tweet twitter-tweet-rendered\"><iframe id=\"twitter-widget-0\" class=\"\" title=\"X Post\" src=\"https:\/\/platform.twitter.com\/embed\/Tweet.html?dnt=false&amp;embedId=twitter-widget-0&amp;features=eyJ0ZndfdGltZWxpbmVfbGlzdCI6eyJidWNrZXQiOltdLCJ2ZXJzaW9uIjpudWxsfSwidGZ3X2ZvbGxvd2VyX2NvdW50X3N1bnNldCI6eyJidWNrZXQiOnRydWUsInZlcnNpb24iOm51bGx9LCJ0ZndfdHdlZXRfZWRpdF9iYWNrZW5kIjp7ImJ1Y2tldCI6Im9uIiwidmVyc2lvbiI6bnVsbH0sInRmd19yZWZzcmNfc2Vzc2lvbiI6eyJidWNrZXQiOiJvbiIsInZlcnNpb24iOm51bGx9LCJ0ZndfZm9zbnJfc29mdF9pbnRlcnZlbnRpb25zX2VuYWJsZWQiOnsiYnVja2V0Ijoib24iLCJ2ZXJzaW9uIjpudWxsfSwidGZ3X21peGVkX21lZGlhXzE1ODk3Ijp7ImJ1Y2tldCI6InRyZWF0bWVudCIsInZlcnNpb24iOm51bGx9LCJ0ZndfZXhwZXJpbWVudHNfY29va2llX2V4cGlyYXRpb24iOnsiYnVja2V0IjoxMjA5NjAwLCJ2ZXJzaW9uIjpudWxsfSwidGZ3X3Nob3dfYmlyZHdhdGNoX3Bpdm90c19lbmFibGVkIjp7ImJ1Y2tldCI6Im9uIiwidmVyc2lvbiI6bnVsbH0sInRmd19kdXBsaWNhdGVfc2NyaWJlc190b19zZXR0aW5ncyI6eyJidWNrZXQiOiJvbiIsInZlcnNpb24iOm51bGx9LCJ0ZndfdXNlX3Byb2ZpbGVfaW1hZ2Vfc2hhcGVfZW5hYmxlZCI6eyJidWNrZXQiOiJvbiIsInZlcnNpb24iOm51bGx9LCJ0ZndfdmlkZW9faGxzX2R5bmFtaWNfbWFuaWZlc3RzXzE1MDgyIjp7ImJ1Y2tldCI6InRydWVfYml0cmF0ZSIsInZlcnNpb24iOm51bGx9LCJ0ZndfbGVnYWN5X3RpbWVsaW5lX3N1bnNldCI6eyJidWNrZXQiOnRydWUsInZlcnNpb24iOm51bGx9LCJ0ZndfdHdlZXRfZWRpdF9mcm9udGVuZCI6eyJidWNrZXQiOiJvbiIsInZlcnNpb24iOm51bGx9fQ%3D%3D&amp;frame=false&amp;hideCard=false&amp;hideThread=false&amp;id=1792918520394596773&amp;lang=es&amp;origin=https%3A%2F%2Fwww.vistazo.com%2Fpolitica%2Fnacional%2Fconstruye-pide-a-juan-esteban-guarderas-que-denuncie-a-daniel-noboa-por-campana-anticipada-YD7360302&amp;sessionId=0034a8d65cfe0a5db6fbcdb8f6c1ad3fef0ed78d&amp;theme=light&amp;widgetsVersion=2615f7e52b7e0%3A1702314776716&amp;width=550px\" frameborder=\"0\" scrolling=\"no\" allowfullscreen=\"allowfullscreen\" data-tweet-id=\"1792918520394596773\" data-mce-fragment=\"1\"><\/iframe><\/div>\n<div><strong>Fuente: Vistazo.<\/strong><\/div>\n<\/div>\n<\/div>\n<\/div>\n","protected":false},"excerpt":{"rendered":"<p>La organizaci\u00f3n pol\u00edtica Construye solicita al consejero Juan Esteban Guarderas que controle y denuncie al presidente Daniel Noboa, quien estar\u00eda incurriendo en campa\u00f1a anticipada y uso de recursos p\u00fablicos para promocionarse de cara a las elecciones del 2025. La bancada legislativa envi\u00f3 un documento en el que reconoce la importancia de las\u00a0denuncias que ha hecho Guarderas\u00a0en los \u00faltimos meses, pues trata de cumplir un rol que le corresponder\u00eda al Consejo Nacional Electoral (CNE). De hecho, la semana pasada, interpuso una queja en el Tribunal Contencioso Electoral (TCE) contra la vicepresidenta\u00a0Ver\u00f3nica Abad,\u00a0Guillermo Churuchumbi, coordinador de Pachakutik, y\u00a0Francisco Su\u00e1rez Abril, excandidato a la Prefectura de Tungurahua por la Izquierda Democr\u00e1tica (ID). Ellos habr\u00edan incurrido en una\u00a0supuesta precampa\u00f1a electoral\u00a0en el marco de las pasadas elecciones seccionales de hace un a\u00f1o, lo cual es sancionado seg\u00fan el art\u00edculo 278 del C\u00f3digo de la Democracia. Construye recalca que es importante que se investiguen estos casos, pero tambi\u00e9n\u00a0pide poner atenci\u00f3n sobre actuales infracciones\u00a0que adem\u00e1s implicar\u00eda el uso de recursos p\u00fablicos. Hace referencia al presidente\u00a0Daniel Noboa, quien estar\u00eda tratando de promocionar la afiliaci\u00f3n a su propio movimiento pol\u00edtico (en proceso de creaci\u00f3n) al\u00a0posicionar colores y consignas de su organizaci\u00f3n en eventos y publicaciones de instituciones estatales; pese a que a\u00fan faltan varios meses para que arranque la campa\u00f1a electoral. \u201cSolicitamos que act\u00fae con el mismo \u00edmpetu y preocupaci\u00f3n que en casos anteriores, demostrando as\u00ed que act\u00faa como guardi\u00e1n de la ley y sin miramientos de bandera pol\u00edtica evitando, que existan interpretaciones sobre una gesti\u00f3n a nombre del Gobierno en el Consejo de Participaci\u00f3n Ciudadana y Control Social y ante el Tribunal Contencioso Electoral. Confiamos en que act\u00fae en consecuencia con su discurso de \u00e9tica p\u00fablica\u201d, dice la carta enviada a Juan Esteban Guarderas. Junto al comunicado, Construye remiti\u00f3\u00a0\u201cpruebas fehacientes de campa\u00f1a anticipada y uso de fondos p\u00fablicos\u201d\u00a0por parte del presidente de la Rep\u00fablica. Guarderas ha denunciado infracciones electorales en tres ocasiones. La primera fue contra el expresidente del Consejo de Participaci\u00f3n Ciudadana y Control Social (CPCCS),\u00a0Alembert Vera, quien termin\u00f3 con sus derechos pol\u00edticos suspendidos por cuatro a\u00f1os y una multa de 22 mil d\u00f3lares por cometer proselitismo en el tiempo que era candidato a la entidad antes mencionada. Luego, lleg\u00f3 el turno del alcalde de Quito,\u00a0Pabel Mu\u00f1oz, quien fue hallado responsable de utilizar su calidad de autoridad para hacer campa\u00f1a junto a su compa\u00f1era de movimiento pol\u00edtico Luisa Gonz\u00e1lez en las elecciones presidenciales del 2023. Por lo cual, tuvo que\u00a0pedir disculpas y pagar una multa de 9.000 d\u00f3lares. Finalmente, el pasado jueves 16 de mayo, anunci\u00f3 un juicio electoral contra la vicepresidenta Ver\u00f3nica Abad porque habr\u00eda incurrido en campa\u00f1a anticipada en los comicios seccionales. Tambi\u00e9n, est\u00e1n involucrados Guillermo Churuchumbi y Francisco Su\u00e1rez Abril. Todos han rechazado estos se\u00f1alamientos. Fuente: Vistazo.<\/p>\n","protected":false},"author":1,"featured_media":16307,"comment_status":"open","ping_status":"open","sticky":false,"template":"","format":"standard","meta":{"footnotes":""},"categories":[268],"tags":[],"class_list":["post-16306","post","type-post","status-publish","format-standard","has-post-thumbnail","hentry","category-nacionales"],"_links":{"self":[{"href":"https:\/\/www.elamazonico.com\/portal\/wp-json\/wp\/v2\/posts\/16306","targetHints":{"allow":["GET"]}}],"collection":[{"href":"https:\/\/www.elamazonico.com\/portal\/wp-json\/wp\/v2\/posts"}],"about":[{"href":"https:\/\/www.elamazonico.com\/portal\/wp-json\/wp\/v2\/types\/post"}],"author":[{"embeddable":true,"href":"https:\/\/www.elamazonico.com\/portal\/wp-json\/wp\/v2\/users\/1"}],"replies":[{"embeddable":true,"href":"https:\/\/www.elamazonico.com\/portal\/wp-json\/wp\/v2\/comments?post=16306"}],"version-history":[{"count":1,"href":"https:\/\/www.elamazonico.com\/portal\/wp-json\/wp\/v2\/posts\/16306\/revisions"}],"predecessor-version":[{"id":16308,"href":"https:\/\/www.elamazonico.com\/portal\/wp-json\/wp\/v2\/posts\/16306\/revisions\/16308"}],"wp:featuredmedia":[{"embeddable":true,"href":"https:\/\/www.elamazonico.com\/portal\/wp-json\/wp\/v2\/media\/16307"}],"wp:attachment":[{"href":"https:\/\/www.elamazonico.com\/portal\/wp-json\/wp\/v2\/media?parent=16306"}],"wp:term":[{"taxonomy":"category","embeddable":true,"href":"https:\/\/www.elamazonico.com\/portal\/wp-json\/wp\/v2\/categories?post=16306"},{"taxonomy":"post_tag","embeddable":true,"href":"https:\/\/www.elamazonico.com\/portal\/wp-json\/wp\/v2\/tags?post=16306"}],"curies":[{"name":"wp","href":"https:\/\/api.w.org\/{rel}","templated":true}]}}