{"id":16299,"date":"2024-05-20T21:35:39","date_gmt":"2024-05-21T02:35:39","guid":{"rendered":"https:\/\/www.elamazonico.com\/portal\/?p=16299"},"modified":"2024-05-20T21:35:39","modified_gmt":"2024-05-21T02:35:39","slug":"veronica-abad-fue-correista-esto-aclaro-la-vicepresidenta-sobre-las-declaraciones-de-daniel-noboa","status":"publish","type":"post","link":"https:\/\/www.elamazonico.com\/portal\/veronica-abad-fue-correista-esto-aclaro-la-vicepresidenta-sobre-las-declaraciones-de-daniel-noboa\/","title":{"rendered":"\u00bfVer\u00f3nica Abad fue corre\u00edsta? Esto aclar\u00f3 la vicepresidenta sobre las declaraciones de Daniel Noboa"},"content":{"rendered":"<div class=\"lead destacado\">La vicepresidenta de la Rep\u00fablica, Ver\u00f3nica Abad, desminti\u00f3 al presidente Daniel Noboa, quien hab\u00eda dicho que ella inici\u00f3 su carrera pol\u00edtica con el movimiento corre\u00edsta. La tambi\u00e9n embajadora en Israel considera que aquella afirmaci\u00f3n \u201ces una cortina de humo\u201d.<\/div>\n<div class=\"paragraph texto\">\n<p class=\"p_0\">El mandatario ecuatoriano\u00a0<a href=\"https:\/\/www.vistazo.com\/politica\/nacional\/daniel-noboa-analiza-focalizacion-de-los-subsidios-a-las-gasolinas-extra-y-ecopais-BC7343377\">concluy\u00f3 su gira europea el pasado viernes<\/a>, pero antes concedi\u00f3 una entrevista a la Agencia EFE, en la que habl\u00f3 de varios temas incluida su relaci\u00f3n con Abad.<\/p>\n<p class=\"p_1\">El entrevistador coment\u00f3 que la vicepresidenta ha mostrado ciertas preferencias o inclinaciones a la\u00a0<b>extrema derecha<\/b>. Sin embargo, Noboa record\u00f3 que ella comenz\u00f3 su carrera pol\u00edtica en la Revoluci\u00f3n Ciudadana.<b>\u00a0\u201cEra af\u00edn al corre\u00edsmo\u201d<\/b>, subray\u00f3.<\/p>\n<p class=\"p_2\">Agreg\u00f3 que no est\u00e1 de acuerdo con su comportamiento y la calific\u00f3 de desleal porque se fue en contra de su propio gobierno.\u00a0<b>\u201cNo es correcto\u201d<\/b>, insisti\u00f3 el presidente.<\/p>\n<p class=\"p_3\">La respuesta de Abad no tard\u00f3 en llegar y en una entrevista con el programa \u2018Un Caf\u00e9 con JJ\u2019, la embajadora dijo que\u00a0<b>\u201ces un grave error\u201d<\/b>\u00a0haberla se\u00f1alado dentro de esa postura pol\u00edtica.<\/p>\n<p class=\"p_4\">\u201cPara m\u00ed simplemente es una cortina de humo para quitar la atenci\u00f3n de lo realmente importante\u201d, coment\u00f3 la funcionaria.<\/p>\n<p class=\"p_5\">Acot\u00f3 que nunca se ha sentado con el expresidente\u00a0<b>Rafael Correa<\/b>\u00a0ni con sus bases y tampoco participa de los valores que pregona el movimiento Revoluci\u00f3n Ciudadana.<\/p>\n<p class=\"p_7\">\u201cYo creo que el expresidente tambi\u00e9n lo ha dejado claro.\u00a0<b>Yo no le tengo odio, ni al se\u00f1or Correa<\/b>, ni a nadie que lo rodea ni a nadie en el Ecuador. Mi principio y la f\u00f3rmula para poder rescatar al Ecuador no es luchando contra lo que odiamos, es salvando lo que amamos\u201d, expres\u00f3 Abad.<\/p>\n<p class=\"p_8\">Finalmente, reiter\u00f3 que teme por su vida y est\u00e1 pidiendo apoyo a entidades internacionales para que salvaguarden su integridad.<\/p>\n<p class=\"p_9\">No obstante, dijo que est\u00e1 dispuesta a reconciliarse con Noboa a nivel pol\u00edtico. \u201cAun en la guerra, la mesa siempre est\u00e1 para poder terminar de la mejor forma.\u00a0<b>Nadie quiere guerra y violencia<\/b>\u201d.<\/p>\n<p class=\"p_10\">El distanciamiento entre Noboa y Abad comenz\u00f3 desde la misma campa\u00f1a electoral, marcado por una serie de declaraciones de la entonces candidata a la Vicepresidencia que, aparentemente, no gustaron al empresario, con quien\u00a0<b>nunca coincidi\u00f3 en encuentro p\u00fablico alguno en toda la campa\u00f1a de la segunda vuelta<\/b>.<\/p>\n<p class=\"p_11\">Una vez electos, Abad realiz\u00f3 una gira internacional a t\u00edtulo propio en la que se reuni\u00f3 en Madrid con el presidente de Vox,\u00a0<b>Santiago Abascal<\/b>; en Lima con el entonces primer ministro de Per\u00fa,\u00a0<b>Alberto Ot\u00e1rola<\/b>, y en El Salvador se fotografi\u00f3 con su presidente,\u00a0<b>Nayib Bukele<\/b>, durante la celebraci\u00f3n del concurso de belleza Miss Universo.<\/p>\n<blockquote class=\"twitter-tweet\" data-width=\"550\" data-dnt=\"true\">\n<p lang=\"es\" dir=\"ltr\"><a href=\"https:\/\/twitter.com\/hashtag\/Atenci%C3%B3n?src=hash&amp;ref_src=twsrc%5Etfw\">#Atenci\u00f3n<\/a> | Daniel <a href=\"https:\/\/twitter.com\/hashtag\/Noboa?src=hash&amp;ref_src=twsrc%5Etfw\">#Noboa<\/a> dijo que la decisi\u00f3n de enviar a Tel Aviv a la vicepresidenta, Ver\u00f3nica Abad, para mediar por la paz en Gaza la tom\u00f3 de acuerdo a las &quot;preferencias de ella&quot;: <a href=\"https:\/\/t.co\/pulm14CFgX\">https:\/\/t.co\/pulm14CFgX<\/a> <a href=\"https:\/\/t.co\/nchanza9oN\">pic.twitter.com\/nchanza9oN<\/a><\/p>\n<p>&mdash; Revista Vistazo (@revistavistazo) <a href=\"https:\/\/twitter.com\/revistavistazo\/status\/1791471840449200155?ref_src=twsrc%5Etfw\">May 17, 2024<\/a><\/p><\/blockquote>\n<p><script async src=\"https:\/\/platform.twitter.com\/widgets.js\" charset=\"utf-8\"><\/script><\/p>\n<\/div>\n","protected":false},"excerpt":{"rendered":"<p>La vicepresidenta de la Rep\u00fablica, Ver\u00f3nica Abad, desminti\u00f3 al presidente Daniel Noboa, quien hab\u00eda dicho que ella inici\u00f3 su carrera pol\u00edtica con el movimiento corre\u00edsta. La tambi\u00e9n embajadora en Israel considera que aquella afirmaci\u00f3n \u201ces una cortina de humo\u201d. El mandatario ecuatoriano\u00a0concluy\u00f3 su gira europea el pasado viernes, pero antes concedi\u00f3 una entrevista a la Agencia EFE, en la que habl\u00f3 de varios temas incluida su relaci\u00f3n con Abad. El entrevistador coment\u00f3 que la vicepresidenta ha mostrado ciertas preferencias o inclinaciones a la\u00a0extrema derecha. Sin embargo, Noboa record\u00f3 que ella comenz\u00f3 su carrera pol\u00edtica en la Revoluci\u00f3n Ciudadana.\u00a0\u201cEra af\u00edn al corre\u00edsmo\u201d, subray\u00f3. Agreg\u00f3 que no est\u00e1 de acuerdo con su comportamiento y la calific\u00f3 de desleal porque se fue en contra de su propio gobierno.\u00a0\u201cNo es correcto\u201d, insisti\u00f3 el presidente. La respuesta de Abad no tard\u00f3 en llegar y en una entrevista con el programa \u2018Un Caf\u00e9 con JJ\u2019, la embajadora dijo que\u00a0\u201ces un grave error\u201d\u00a0haberla se\u00f1alado dentro de esa postura pol\u00edtica. \u201cPara m\u00ed simplemente es una cortina de humo para quitar la atenci\u00f3n de lo realmente importante\u201d, coment\u00f3 la funcionaria. Acot\u00f3 que nunca se ha sentado con el expresidente\u00a0Rafael Correa\u00a0ni con sus bases y tampoco participa de los valores que pregona el movimiento Revoluci\u00f3n Ciudadana. \u201cYo creo que el expresidente tambi\u00e9n lo ha dejado claro.\u00a0Yo no le tengo odio, ni al se\u00f1or Correa, ni a nadie que lo rodea ni a nadie en el Ecuador. Mi principio y la f\u00f3rmula para poder rescatar al Ecuador no es luchando contra lo que odiamos, es salvando lo que amamos\u201d, expres\u00f3 Abad. Finalmente, reiter\u00f3 que teme por su vida y est\u00e1 pidiendo apoyo a entidades internacionales para que salvaguarden su integridad. No obstante, dijo que est\u00e1 dispuesta a reconciliarse con Noboa a nivel pol\u00edtico. \u201cAun en la guerra, la mesa siempre est\u00e1 para poder terminar de la mejor forma.\u00a0Nadie quiere guerra y violencia\u201d. El distanciamiento entre Noboa y Abad comenz\u00f3 desde la misma campa\u00f1a electoral, marcado por una serie de declaraciones de la entonces candidata a la Vicepresidencia que, aparentemente, no gustaron al empresario, con quien\u00a0nunca coincidi\u00f3 en encuentro p\u00fablico alguno en toda la campa\u00f1a de la segunda vuelta. Una vez electos, Abad realiz\u00f3 una gira internacional a t\u00edtulo propio en la que se reuni\u00f3 en Madrid con el presidente de Vox,\u00a0Santiago Abascal; en Lima con el entonces primer ministro de Per\u00fa,\u00a0Alberto Ot\u00e1rola, y en El Salvador se fotografi\u00f3 con su presidente,\u00a0Nayib Bukele, durante la celebraci\u00f3n del concurso de belleza Miss Universo. #Atenci\u00f3n | Daniel #Noboa dijo que la decisi\u00f3n de enviar a Tel Aviv a la vicepresidenta, Ver\u00f3nica Abad, para mediar por la paz en Gaza la tom\u00f3 de acuerdo a las &quot;preferencias de ella&quot;: https:\/\/t.co\/pulm14CFgX pic.twitter.com\/nchanza9oN &mdash; Revista Vistazo (@revistavistazo) May 17, 2024<\/p>\n","protected":false},"author":1,"featured_media":16300,"comment_status":"open","ping_status":"open","sticky":false,"template":"","format":"standard","meta":{"footnotes":""},"categories":[268],"tags":[],"class_list":["post-16299","post","type-post","status-publish","format-standard","has-post-thumbnail","hentry","category-nacionales"],"_links":{"self":[{"href":"https:\/\/www.elamazonico.com\/portal\/wp-json\/wp\/v2\/posts\/16299","targetHints":{"allow":["GET"]}}],"collection":[{"href":"https:\/\/www.elamazonico.com\/portal\/wp-json\/wp\/v2\/posts"}],"about":[{"href":"https:\/\/www.elamazonico.com\/portal\/wp-json\/wp\/v2\/types\/post"}],"author":[{"embeddable":true,"href":"https:\/\/www.elamazonico.com\/portal\/wp-json\/wp\/v2\/users\/1"}],"replies":[{"embeddable":true,"href":"https:\/\/www.elamazonico.com\/portal\/wp-json\/wp\/v2\/comments?post=16299"}],"version-history":[{"count":1,"href":"https:\/\/www.elamazonico.com\/portal\/wp-json\/wp\/v2\/posts\/16299\/revisions"}],"predecessor-version":[{"id":16301,"href":"https:\/\/www.elamazonico.com\/portal\/wp-json\/wp\/v2\/posts\/16299\/revisions\/16301"}],"wp:featuredmedia":[{"embeddable":true,"href":"https:\/\/www.elamazonico.com\/portal\/wp-json\/wp\/v2\/media\/16300"}],"wp:attachment":[{"href":"https:\/\/www.elamazonico.com\/portal\/wp-json\/wp\/v2\/media?parent=16299"}],"wp:term":[{"taxonomy":"category","embeddable":true,"href":"https:\/\/www.elamazonico.com\/portal\/wp-json\/wp\/v2\/categories?post=16299"},{"taxonomy":"post_tag","embeddable":true,"href":"https:\/\/www.elamazonico.com\/portal\/wp-json\/wp\/v2\/tags?post=16299"}],"curies":[{"name":"wp","href":"https:\/\/api.w.org\/{rel}","templated":true}]}}