{"id":16286,"date":"2024-05-20T10:07:25","date_gmt":"2024-05-20T15:07:25","guid":{"rendered":"https:\/\/www.elamazonico.com\/portal\/?p=16286"},"modified":"2024-05-20T10:07:25","modified_gmt":"2024-05-20T15:07:25","slug":"noboa-dice-que-no-eliminara-los-subsidios-al-diesel-y-gas-que-pasa-con-la-gasolina-extra-y-ecopais","status":"publish","type":"post","link":"https:\/\/www.elamazonico.com\/portal\/noboa-dice-que-no-eliminara-los-subsidios-al-diesel-y-gas-que-pasa-con-la-gasolina-extra-y-ecopais\/","title":{"rendered":"Noboa dice que no eliminar\u00e1 los subsidios al di\u00e9sel y gas; \u00bfqu\u00e9 pasa con la gasolina extra y ecopa\u00eds?"},"content":{"rendered":"<p>\u00ab<strong>No vamos<\/strong>\u00a0a\u00a0<strong>tocar\u00a0<\/strong>ni pensamos tocar los\u00a0<strong>subsidios<\/strong>\u00a0al\u00a0<strong>di\u00e9sel<\/strong>\u00a0y<strong>\u00a0gas<\/strong>, que tienen una correlaci\u00f3n con inflaci\u00f3n y el\u00a0<strong>costo\u00a0<\/strong>de la<strong>\u00a0vida<\/strong>, con el\u00a0<strong>transporte<\/strong>\u00a0y la\u00a0<strong>agricultura<\/strong>. Este momento no lo podemos hacer\u00bb, asegur\u00f3\u00a0<a href=\"https:\/\/www.teleamazonas.com\/?s=daniel+noboa\">el presidente de Ecuador<\/a>,<strong>\u00a0Daniel Noboa<\/strong>, en una entrevista a la agencia EFE este viernes 17 de mayo del 2024.<\/p>\n<p>Sin embargo, el Primer Mandatario recalc\u00f3 que se est\u00e1<strong>\u00a0analizando<\/strong>\u00a0la\u00a0<strong>focalizaci\u00f3n<\/strong>\u00a0de<strong>\u00a0subsidios\u00a0<\/strong>a combustibles en\u00a0<strong>Extra<\/strong>\u00a0y\u00a0<strong>Ecopa\u00eds<\/strong>, que son gasolinas de bajo octanaje. \u00abEso si deber\u00edamos\u00a0<strong>eliminarlo poco<\/strong>\u00a0<strong>a poco<\/strong>\u00a0a los grupos que no lo necesitan. De esa manera\u00a0<strong>no tocamos\u00a0<\/strong>el verdadero\u00a0<strong>costo\u00a0<\/strong>de la\u00a0<strong>vida<\/strong>\u00ab, agreg\u00f3.<\/p>\n<h2 class=\"wp-block-heading\">\u2018Irse contra un propio Gobierno es desleal\u2019<\/h2>\n<p>Noboa tambi\u00e9n se refiri\u00f3 a la vicepresidente\u00a0<strong>Ver\u00f3nica Abad<\/strong>\u00a0y recalc\u00f3 que quien\u00a0<strong>decide<\/strong>\u00a0su\u00a0<strong>funci\u00f3n<\/strong>\u00a0es el\u00a0<strong>Presidente<\/strong>. \u00abHay cosas en las que estuvimos en un momento de acuerdo (\u2026)\u00a0<strong>No estoy de acuerdo<\/strong>\u00a0en casi nada del\u00a0<strong>comportamiento<\/strong>\u00a0de la<strong>\u00a0vicepresidenta<\/strong>\u00a0en los \u00faltimos meses. Pienso que\u00a0<strong>irse\u00a0<\/strong>en<strong>\u00a0contra<\/strong>\u00a0de un\u00a0<strong>propio Gobierno<\/strong>\u00a0es\u00a0<strong>desleal<\/strong>, no es correcto\u00bb, indic\u00f3.<\/p>\n<h2 class=\"wp-block-heading\">Ratifica intenci\u00f3n de retomar relaciones con M\u00e9xico<\/h2>\n<p>Adem\u00e1s, Daniel Noboa<strong>\u00a0insisti<\/strong>\u00f3 que Ecuador \u00abtiene la\u00a0<strong>apertura<\/strong>\u00a0para arreglar las\u00a0<strong>diferencias\u00a0<\/strong>con\u00a0<strong>M\u00e9xico<\/strong>, siempre y cuando se\u00a0<strong>respete\u00a0<\/strong>el principio de la\u00a0<strong>no intervenci\u00f3n<\/strong>\u00a0y de no inmiscuirse en\u00a0<strong>temas judiciales\u00a0<\/strong>en cada uno de los pa\u00edses\u201d.<\/p>\n<p>Por ello, record\u00f3 que\u00a0<strong>Jorge Glas<\/strong>\u00a0fue\u00a0<strong>condenado<\/strong>\u00a0y<strong>\u00a0sentenciado<\/strong>\u00a0por la justicia ecuatoriana, por lo que ser\u00eda un\u00a0<strong>p\u00e9simo precedente<\/strong>\u00a0para Ecuador\u00a0<strong>ponerlo<\/strong>\u00a0a\u00a0<strong>disposici\u00f3n<\/strong>\u00a0de<strong>\u00a0M\u00e9xico<\/strong>\u00a0para un asilo.<\/p>\n<p>\u201cEl tema de\u00a0<strong>M\u00e9xico\u00a0<\/strong>es algo\u00a0<strong>hist\u00f3rico<\/strong>\u00a0en donde se puede\u00a0<strong>demostrar<\/strong>\u00a0que no se pueden\u00a0<strong>usar embajadas\u00a0<\/strong>para\u00a0<strong>solapar\u00a0<\/strong>cualquier tipo de\u00a0<strong>criminalidad internacional<\/strong>\u201d, acot\u00f3 y se\u00f1al\u00f3 que el pa\u00eds se\u00a0<strong>defender\u00e1\u00a0<\/strong>en\u00a0<strong>instancias internacionales.<\/strong><\/p>\n<h2 class=\"wp-block-heading\">Noboa anuncia obras en los pr\u00f3ximos meses<\/h2>\n<p>En el\u00a0<strong>di\u00e1logo<\/strong>\u00a0con la agencia, realizado en la Casa de Am\u00e9rica en Madrid, Espa\u00f1a, Noboa habl\u00f3 de su\u00a0<strong>gesti\u00f3n<\/strong>\u00a0en estos<strong>\u00a0seis meses<\/strong>. El Presidente recalc\u00f3 que en noviembre del a\u00f1o pasado\u00a0<strong>recibi\u00f3\u00a0<\/strong>un<strong>\u00a0pa\u00eds\u00a0<\/strong>que registraba<strong>\u00a04 600 millones<\/strong>\u00a0de d\u00f3lares en<strong>\u00a0atrasos\u00a0<\/strong>para\u00a0<strong>pagos<\/strong>,\u00a0<strong>crisis energ\u00e9tica<\/strong>\u00a0y altos niveles de\u00a0<strong>violencia<\/strong>.<\/p>\n<p>Ante ello, asegur\u00f3 que su Gobierno se enfoc\u00f3 en\u00a0<strong>ordenar\u00a0<\/strong>las<strong>\u00a0finanzas<\/strong>\u00a0y\u00a0<strong>tomar medidas<\/strong>\u00a0importantes para recuperar la\u00a0<strong>seguridad<\/strong>\u00a0del pa\u00eds. Entre ellas, las acciones en\u00a0<strong>materia econ\u00f3mica<\/strong>\u00a0que permitieron que se aprueben\u00a0<strong>cinco leyes\u00a0<\/strong>en la Asamblea. Adem\u00e1s,\u00a0<strong>insisti\u00f3<\/strong>\u00a0en que el\u00a0<strong>riesgo pa\u00eds baj\u00f3<\/strong>\u00a0y se crearon\u00a0<strong>105 000 nuevos empleos<\/strong>\u00a0para j\u00f3venes.<\/p>\n<p>Noboa adelant\u00f3 que en esta\u00a0<strong>segunda etapa<\/strong>\u00a0de su corta<strong>\u00a0gesti\u00f3n<\/strong>\u00a0se\u00a0<strong>ejecutar\u00e1n obras.<\/strong>\u00a0\u201cEl esfuerzo y el<br \/>\n<strong>sacrificio<\/strong>\u00a0que los\u00a0<strong>ecuatorianos\u00a0<\/strong>hicieron en los primeros seis meses y el esfuerzo del Gobierno, en la parte fiscal, ahora\u00a0<strong>se ver\u00e1\u00a0<\/strong>en este\u00a0<strong>segundo semestre<\/strong>. Los\u00a0<strong>recursos\u00a0<\/strong>de los\u00a0<strong>acuerdos internacionale<\/strong>s ser\u00e1 dinero que se convertir\u00e1n en\u00a0<strong>obras, inversi\u00f3n, salud<\/strong>\u00a0y\u00a0<strong>educaci\u00f3n<\/strong>\u201d, expres\u00f3 el Presidente.<\/p>\n<p>De igual manera, el Mandatario destac\u00f3 que tras lograr un\u00a0<strong>nuevo acuerdo<\/strong>\u00a0con el Fondo Monetario Internacional (<strong>FMI<\/strong>), \u201cno existen<strong>\u00a0precondicionamientos<\/strong>\u201d desde el organismo porque se prioriz\u00f3 las necesidades de los ecuatorianos.<\/p>\n<h2 class=\"wp-block-heading\">\u00bfQu\u00e9 pasa con el Plan F\u00e9nix?<\/h2>\n<p>Tambi\u00e9n, el Presidente afirm\u00f3 que con la ejecuci\u00f3n del \u2018<strong>Plan F\u00e9nix\u2019<\/strong>\u00a0se logr\u00f3\u00a0<strong>reducir<\/strong>\u00a0los\u00a0<strong>altos \u00edndices\u00a0<\/strong>de\u00a0<strong>violencia<\/strong>\u00a0que se\u00a0<strong>hered\u00f3\u00a0<\/strong>de la\u00a0<strong>administraci\u00f3n anterior<\/strong>\u00a0y que para ello ha tomado \u201c<strong>medidas inc\u00f3modas\u00a0<\/strong>con\u00a0<strong>decisi\u00f3n pol\u00edtica<\/strong>\u201d dentro del sistema carcelario, el trabajo con la Polic\u00eda Nacional e incluso con contratistas del Estado que estaban conectados con el crimen organizado.<\/p>\n<p>Noboa consider\u00f3 que la\u00a0<strong>diferencia<\/strong>\u00a0entre su\u00a0<strong>Gobierno<\/strong>\u00a0y los\u00a0<strong>anteriores<\/strong>\u00a0es que ahora se ha tenido la decisi\u00f3n de tomar \u00ab<strong>medidas extremadamente dif\u00edciles,<\/strong>\u00a0la determinaci\u00f3n desde la Presidencia, tambi\u00e9n la acci\u00f3n de la\u00a0<strong>Justicia<\/strong>\u00ab.<\/p>\n<p>\u00abLa misma fiscal estuvo en\u00a0<strong>dos gobiernos pasados<\/strong>. Muchos de los jueces estuvieron en dos gobiernos pasados. Muchos de los jueces de la Corte Nacional estuvieron en los dos gobiernos pasados. \u00bfQu\u00e9 es lo que ha cambiado? Esa pregunta se la dejo y esa reflexi\u00f3n se la dejo\u00bb, respondi\u00f3 el presidente. <strong>Fuente: Teleamazonas<\/strong><\/p>\n<blockquote class=\"twitter-tweet\" data-width=\"550\" data-dnt=\"true\">\n<p lang=\"es\" dir=\"ltr\">\u201cNo me parece que la condici\u00f3n para retomar relaciones con M\u00e9xico sea d\u00e1ndoles a un criminal\u201d. Daniel Noboa habla en Francia <a href=\"https:\/\/t.co\/XtTi9wHPqz\">https:\/\/t.co\/XtTi9wHPqz<\/a> <a href=\"https:\/\/t.co\/5680XULQFJ\">pic.twitter.com\/5680XULQFJ<\/a><\/p>\n<p>&mdash; Teleamazonas (@teleamazonasec) <a href=\"https:\/\/twitter.com\/teleamazonasec\/status\/1791181707833639358?ref_src=twsrc%5Etfw\">May 16, 2024<\/a><\/p><\/blockquote>\n<p><script async src=\"https:\/\/platform.twitter.com\/widgets.js\" charset=\"utf-8\"><\/script><\/p>\n","protected":false},"excerpt":{"rendered":"<p>\u00abNo vamos\u00a0a\u00a0tocar\u00a0ni pensamos tocar los\u00a0subsidios\u00a0al\u00a0di\u00e9sel\u00a0y\u00a0gas, que tienen una correlaci\u00f3n con inflaci\u00f3n y el\u00a0costo\u00a0de la\u00a0vida, con el\u00a0transporte\u00a0y la\u00a0agricultura. Este momento no lo podemos hacer\u00bb, asegur\u00f3\u00a0el presidente de Ecuador,\u00a0Daniel Noboa, en una entrevista a la agencia EFE este viernes 17 de mayo del 2024. Sin embargo, el Primer Mandatario recalc\u00f3 que se est\u00e1\u00a0analizando\u00a0la\u00a0focalizaci\u00f3n\u00a0de\u00a0subsidios\u00a0a combustibles en\u00a0Extra\u00a0y\u00a0Ecopa\u00eds, que son gasolinas de bajo octanaje. \u00abEso si deber\u00edamos\u00a0eliminarlo poco\u00a0a poco\u00a0a los grupos que no lo necesitan. De esa manera\u00a0no tocamos\u00a0el verdadero\u00a0costo\u00a0de la\u00a0vida\u00ab, agreg\u00f3. \u2018Irse contra un propio Gobierno es desleal\u2019 Noboa tambi\u00e9n se refiri\u00f3 a la vicepresidente\u00a0Ver\u00f3nica Abad\u00a0y recalc\u00f3 que quien\u00a0decide\u00a0su\u00a0funci\u00f3n\u00a0es el\u00a0Presidente. \u00abHay cosas en las que estuvimos en un momento de acuerdo (\u2026)\u00a0No estoy de acuerdo\u00a0en casi nada del\u00a0comportamiento\u00a0de la\u00a0vicepresidenta\u00a0en los \u00faltimos meses. Pienso que\u00a0irse\u00a0en\u00a0contra\u00a0de un\u00a0propio Gobierno\u00a0es\u00a0desleal, no es correcto\u00bb, indic\u00f3. Ratifica intenci\u00f3n de retomar relaciones con M\u00e9xico Adem\u00e1s, Daniel Noboa\u00a0insisti\u00f3 que Ecuador \u00abtiene la\u00a0apertura\u00a0para arreglar las\u00a0diferencias\u00a0con\u00a0M\u00e9xico, siempre y cuando se\u00a0respete\u00a0el principio de la\u00a0no intervenci\u00f3n\u00a0y de no inmiscuirse en\u00a0temas judiciales\u00a0en cada uno de los pa\u00edses\u201d. Por ello, record\u00f3 que\u00a0Jorge Glas\u00a0fue\u00a0condenado\u00a0y\u00a0sentenciado\u00a0por la justicia ecuatoriana, por lo que ser\u00eda un\u00a0p\u00e9simo precedente\u00a0para Ecuador\u00a0ponerlo\u00a0a\u00a0disposici\u00f3n\u00a0de\u00a0M\u00e9xico\u00a0para un asilo. \u201cEl tema de\u00a0M\u00e9xico\u00a0es algo\u00a0hist\u00f3rico\u00a0en donde se puede\u00a0demostrar\u00a0que no se pueden\u00a0usar embajadas\u00a0para\u00a0solapar\u00a0cualquier tipo de\u00a0criminalidad internacional\u201d, acot\u00f3 y se\u00f1al\u00f3 que el pa\u00eds se\u00a0defender\u00e1\u00a0en\u00a0instancias internacionales. Noboa anuncia obras en los pr\u00f3ximos meses En el\u00a0di\u00e1logo\u00a0con la agencia, realizado en la Casa de Am\u00e9rica en Madrid, Espa\u00f1a, Noboa habl\u00f3 de su\u00a0gesti\u00f3n\u00a0en estos\u00a0seis meses. El Presidente recalc\u00f3 que en noviembre del a\u00f1o pasado\u00a0recibi\u00f3\u00a0un\u00a0pa\u00eds\u00a0que registraba\u00a04 600 millones\u00a0de d\u00f3lares en\u00a0atrasos\u00a0para\u00a0pagos,\u00a0crisis energ\u00e9tica\u00a0y altos niveles de\u00a0violencia. Ante ello, asegur\u00f3 que su Gobierno se enfoc\u00f3 en\u00a0ordenar\u00a0las\u00a0finanzas\u00a0y\u00a0tomar medidas\u00a0importantes para recuperar la\u00a0seguridad\u00a0del pa\u00eds. Entre ellas, las acciones en\u00a0materia econ\u00f3mica\u00a0que permitieron que se aprueben\u00a0cinco leyes\u00a0en la Asamblea. Adem\u00e1s,\u00a0insisti\u00f3\u00a0en que el\u00a0riesgo pa\u00eds baj\u00f3\u00a0y se crearon\u00a0105 000 nuevos empleos\u00a0para j\u00f3venes. Noboa adelant\u00f3 que en esta\u00a0segunda etapa\u00a0de su corta\u00a0gesti\u00f3n\u00a0se\u00a0ejecutar\u00e1n obras.\u00a0\u201cEl esfuerzo y el sacrificio\u00a0que los\u00a0ecuatorianos\u00a0hicieron en los primeros seis meses y el esfuerzo del Gobierno, en la parte fiscal, ahora\u00a0se ver\u00e1\u00a0en este\u00a0segundo semestre. Los\u00a0recursos\u00a0de los\u00a0acuerdos internacionales ser\u00e1 dinero que se convertir\u00e1n en\u00a0obras, inversi\u00f3n, salud\u00a0y\u00a0educaci\u00f3n\u201d, expres\u00f3 el Presidente. De igual manera, el Mandatario destac\u00f3 que tras lograr un\u00a0nuevo acuerdo\u00a0con el Fondo Monetario Internacional (FMI), \u201cno existen\u00a0precondicionamientos\u201d desde el organismo porque se prioriz\u00f3 las necesidades de los ecuatorianos. \u00bfQu\u00e9 pasa con el Plan F\u00e9nix? Tambi\u00e9n, el Presidente afirm\u00f3 que con la ejecuci\u00f3n del \u2018Plan F\u00e9nix\u2019\u00a0se logr\u00f3\u00a0reducir\u00a0los\u00a0altos \u00edndices\u00a0de\u00a0violencia\u00a0que se\u00a0hered\u00f3\u00a0de la\u00a0administraci\u00f3n anterior\u00a0y que para ello ha tomado \u201cmedidas inc\u00f3modas\u00a0con\u00a0decisi\u00f3n pol\u00edtica\u201d dentro del sistema carcelario, el trabajo con la Polic\u00eda Nacional e incluso con contratistas del Estado que estaban conectados con el crimen organizado. Noboa consider\u00f3 que la\u00a0diferencia\u00a0entre su\u00a0Gobierno\u00a0y los\u00a0anteriores\u00a0es que ahora se ha tenido la decisi\u00f3n de tomar \u00abmedidas extremadamente dif\u00edciles,\u00a0la determinaci\u00f3n desde la Presidencia, tambi\u00e9n la acci\u00f3n de la\u00a0Justicia\u00ab. \u00abLa misma fiscal estuvo en\u00a0dos gobiernos pasados. Muchos de los jueces estuvieron en dos gobiernos pasados. Muchos de los jueces de la Corte Nacional estuvieron en los dos gobiernos pasados. \u00bfQu\u00e9 es lo que ha cambiado? Esa pregunta se la dejo y esa reflexi\u00f3n se la dejo\u00bb, respondi\u00f3 el presidente. Fuente: Teleamazonas \u201cNo me parece que la condici\u00f3n para retomar relaciones con M\u00e9xico sea d\u00e1ndoles a un criminal\u201d. Daniel Noboa habla en Francia https:\/\/t.co\/XtTi9wHPqz pic.twitter.com\/5680XULQFJ &mdash; Teleamazonas (@teleamazonasec) May 16, 2024<\/p>\n","protected":false},"author":1,"featured_media":16287,"comment_status":"open","ping_status":"open","sticky":false,"template":"","format":"standard","meta":{"footnotes":""},"categories":[268],"tags":[],"class_list":["post-16286","post","type-post","status-publish","format-standard","has-post-thumbnail","hentry","category-nacionales"],"_links":{"self":[{"href":"https:\/\/www.elamazonico.com\/portal\/wp-json\/wp\/v2\/posts\/16286","targetHints":{"allow":["GET"]}}],"collection":[{"href":"https:\/\/www.elamazonico.com\/portal\/wp-json\/wp\/v2\/posts"}],"about":[{"href":"https:\/\/www.elamazonico.com\/portal\/wp-json\/wp\/v2\/types\/post"}],"author":[{"embeddable":true,"href":"https:\/\/www.elamazonico.com\/portal\/wp-json\/wp\/v2\/users\/1"}],"replies":[{"embeddable":true,"href":"https:\/\/www.elamazonico.com\/portal\/wp-json\/wp\/v2\/comments?post=16286"}],"version-history":[{"count":1,"href":"https:\/\/www.elamazonico.com\/portal\/wp-json\/wp\/v2\/posts\/16286\/revisions"}],"predecessor-version":[{"id":16288,"href":"https:\/\/www.elamazonico.com\/portal\/wp-json\/wp\/v2\/posts\/16286\/revisions\/16288"}],"wp:featuredmedia":[{"embeddable":true,"href":"https:\/\/www.elamazonico.com\/portal\/wp-json\/wp\/v2\/media\/16287"}],"wp:attachment":[{"href":"https:\/\/www.elamazonico.com\/portal\/wp-json\/wp\/v2\/media?parent=16286"}],"wp:term":[{"taxonomy":"category","embeddable":true,"href":"https:\/\/www.elamazonico.com\/portal\/wp-json\/wp\/v2\/categories?post=16286"},{"taxonomy":"post_tag","embeddable":true,"href":"https:\/\/www.elamazonico.com\/portal\/wp-json\/wp\/v2\/tags?post=16286"}],"curies":[{"name":"wp","href":"https:\/\/api.w.org\/{rel}","templated":true}]}}