{"id":16270,"date":"2024-05-20T06:39:51","date_gmt":"2024-05-20T11:39:51","guid":{"rendered":"https:\/\/www.elamazonico.com\/portal\/?p=16270"},"modified":"2024-05-20T06:39:51","modified_gmt":"2024-05-20T11:39:51","slug":"los-partidos-ya-preparan-sus-binomios-para-las-elecciones-de-2025","status":"publish","type":"post","link":"https:\/\/www.elamazonico.com\/portal\/los-partidos-ya-preparan-sus-binomios-para-las-elecciones-de-2025\/","title":{"rendered":"Los partidos ya preparan sus binomios para las elecciones de 2025"},"content":{"rendered":"<p>La cercan\u00eda de las elecciones presidenciales de 2025 ya tiene a los partidos en preparaciones. Todav\u00eda con perfil bajo, los partidos y movimientos pol\u00edticos analizan los cuadros que presentar\u00e1n como candidatos a la Asamblea y como binomio presidencial el pr\u00f3ximo 9 de febrero, fecha de los comicios.<\/p>\n<p>En el calendario electoral hay dos fechas importantes en los pr\u00f3ximos meses. La lista de las organizaciones pol\u00edticas que podr\u00e1n participar se cerrar\u00e1 el pr\u00f3ximo 14 de junio de 2024. Hasta esa fecha, se confirmar\u00eda la participaci\u00f3n del nuevo movimiento Acci\u00f3n Democr\u00e1tica Nacional (ADN), del presidente Daniel Noboa.<\/p>\n<p>Del 3 al 17 de agosto, en cambio, las organizaciones pol\u00edticas deben realizar sus procesos de democracia interna para definir los binomios presidenciales y los candidatos a asamble\u00edstas antes de la inscripci\u00f3n oficial. En esos d\u00edas tambi\u00e9n se deber\u00e1n definir las alianzas.<\/p>\n<p>Por ello, partidos y movimientos adelantan la planificaci\u00f3n y la b\u00fasqueda de candidatos. Y todos apuntan a buscar el mejor candidato que pueda reemplazar a Daniel Noboa, que buscar\u00e1 la reelecci\u00f3n en 2025.<\/p>\n<p><strong>Los confirmados para las elecciones 2025 <\/strong><\/p>\n<p>15 partidos y movimientos nacionales est\u00e1n habilitados hasta el momento para presentar candidatos presidenciales en las elecciones de 2025. A estos se le sumar\u00eda uno m\u00e1s: el oficialista ADN, que est\u00e1 en la \u00faltima fase de obtenci\u00f3n de su personer\u00eda jur\u00eddica ante el CNE. Y podr\u00eda sumarse tambi\u00e9n Construye, que por el momento est\u00e1 fuera de la contienda electoral.<\/p>\n<p>Todos buscan tener su propio candidato, ya sea solos o en alianzas. Y por ahora, hay algunos que ya promocionan los nombres de quienes encabezar\u00e1n sus binomios; aunque tambi\u00e9n hay otros posibles candidatos que est\u00e1n buscando una fuerza pol\u00edtica a la cual arrimarse.<\/p>\n<p>Los binomios en estas pr\u00f3ximas elecciones obligatoriamente deber\u00e1n estar integrados por un hombre y una mujer, por lo que los partidos deber\u00e1n tomar en cuenta esta disposici\u00f3n en sus procesos de democracia interna.<\/p>\n<p>Unidad Popular, lista 3, es el primer movimiento que ha proclamado oficialmente su precandidato presidencial: ser\u00e1 el exasamble\u00edsta Jorge Escala. El partido defini\u00f3 este nombre durante su convenci\u00f3n nacional, este 18 de mayo de 2024.<\/p>\n<p>El segundo candidato confirmado es el presidente Daniel Noboa, que buscar\u00e1 la reelecci\u00f3n. Aunque \u00e9l a\u00fan est\u00e1 a la espera de que su movimiento ADN (que ser\u00eda la lista 7) reciba la personer\u00eda jur\u00eddica de parte del CNE, caso contrario, deber\u00e1 buscar una tienda pol\u00edtica que lo acoja como en 2023.<\/p>\n<p>En el Partido Socialista, lista 17, se habla de dos precandidatos: el abogado guayaquile\u00f1o Pedro Granja y la excandidata Elsa Guerra. Aunque ninguno de los dos ha sido confirmado oficialmente.<\/p>\n<p><strong>Los que suenan <\/strong><\/p>\n<p>En el Partido Social Cristiano, lista 6, le apuntan a repetir a su carta de 2023: Jan Topic, aunque \u00e9l promueve su propia organizaci\u00f3n, llamada Transformar, con la que recorre el pa\u00eds \u00abpromoviendo el activismo pol\u00edtico\u00bb.<\/p>\n<blockquote class=\"twitter-tweet\" data-width=\"550\" data-dnt=\"true\">\n<p lang=\"es\" dir=\"ltr\">Te presentamos un vistazo a nuestras \u00faltimas vivencias en Transforma. Nos hemos movilizado por diversas provincias de Ecuador, promoviendo el activismo pol\u00edtico, compartiendo conocimiento y sumando nuevos miembros.<a href=\"https:\/\/twitter.com\/hashtag\/TransformaEcuador?src=hash&amp;ref_src=twsrc%5Etfw\">#TransformaEcuador<\/a> <a href=\"https:\/\/twitter.com\/hashtag\/Transforma?src=hash&amp;ref_src=twsrc%5Etfw\">#Transforma<\/a> <a href=\"https:\/\/twitter.com\/hashtag\/%C3%9AneteAlCambio?src=hash&amp;ref_src=twsrc%5Etfw\">#\u00daneteAlCambio<\/a> <a href=\"https:\/\/twitter.com\/hashtag\/DescargaLaApp?src=hash&amp;ref_src=twsrc%5Etfw\">#DescargaLaApp<\/a> <a href=\"https:\/\/t.co\/vw6baL0Y26\">pic.twitter.com\/vw6baL0Y26<\/a><\/p>\n<p>&mdash; transforma (@transformaecu) <a href=\"https:\/\/twitter.com\/transformaecu\/status\/1792199408349815251?ref_src=twsrc%5Etfw\">May 19, 2024<\/a><\/p><\/blockquote>\n<p><script async src=\"https:\/\/platform.twitter.com\/widgets.js\" charset=\"utf-8\"><\/script><\/p>\n<p>En Creo, en cambio, tienen dos opciones. La primera ser\u00eda buscar la reelecci\u00f3n del expresidente Guillermo Lasso, algo que ya se hizo p\u00fablico hace poco, pero que puertas adentro a\u00fan no tiene confirmaci\u00f3n. La segunda opci\u00f3n es candidatizar al exministro de Gobierno y exasamble\u00edsta socialcristiano, Henry Cucal\u00f3n.<\/p>\n<p>Mientras que SUMA analiza la posibilidad de Andrea Gonz\u00e1lez Nader, quien fue compa\u00f1era de f\u00f3rmula del fallecido Fernando Villavicencio en 2023. Mientras que el exvicepresidente Otto Sonnenholzner, quien ya fue candidato en 2023, estar\u00eda en di\u00e1logos con Avanza.<\/p>\n<p>El corre\u00edsmo tampoco ha confirmado su candidata para 2025, pero el expresidente Rafael Correa ha mencionado como opciones a los expostulantes Andr\u00e9s Arauz y Luisa Gonz\u00e1lez, adem\u00e1s de Gustavo Jalkh, expresidente del Consejo de la Judicatura.<\/p>\n<p><strong>Los sin partido <\/strong><\/p>\n<p>Bol\u00edvar Armijos, quien tambi\u00e9n fue presidenciable en 2023, tambi\u00e9n anunci\u00f3 que buscar\u00e1 ser candidato de nuevo, aunque no especific\u00f3 por qu\u00e9 partido.<\/p>\n<p>Tambi\u00e9n sin tienda pol\u00edtica confirmada, est\u00e1 el nombre de Leonidas Iza, presidente de la Conaie, quien ha expresado su intenci\u00f3n de presentarse en las elecciones de 2025.<\/p>\n<p>Al igual que Cristina Reyes, la exlegisladora socialcristiana y actual parlamentaria andina, quien no tiene de momento un partido que la respalde. <strong>Fuente: Primicias<\/strong><small><br \/>\n<\/small><\/p>\n","protected":false},"excerpt":{"rendered":"<p>La cercan\u00eda de las elecciones presidenciales de 2025 ya tiene a los partidos en preparaciones. Todav\u00eda con perfil bajo, los partidos y movimientos pol\u00edticos analizan los cuadros que presentar\u00e1n como candidatos a la Asamblea y como binomio presidencial el pr\u00f3ximo 9 de febrero, fecha de los comicios. En el calendario electoral hay dos fechas importantes en los pr\u00f3ximos meses. La lista de las organizaciones pol\u00edticas que podr\u00e1n participar se cerrar\u00e1 el pr\u00f3ximo 14 de junio de 2024. Hasta esa fecha, se confirmar\u00eda la participaci\u00f3n del nuevo movimiento Acci\u00f3n Democr\u00e1tica Nacional (ADN), del presidente Daniel Noboa. Del 3 al 17 de agosto, en cambio, las organizaciones pol\u00edticas deben realizar sus procesos de democracia interna para definir los binomios presidenciales y los candidatos a asamble\u00edstas antes de la inscripci\u00f3n oficial. En esos d\u00edas tambi\u00e9n se deber\u00e1n definir las alianzas. Por ello, partidos y movimientos adelantan la planificaci\u00f3n y la b\u00fasqueda de candidatos. Y todos apuntan a buscar el mejor candidato que pueda reemplazar a Daniel Noboa, que buscar\u00e1 la reelecci\u00f3n en 2025. Los confirmados para las elecciones 2025 15 partidos y movimientos nacionales est\u00e1n habilitados hasta el momento para presentar candidatos presidenciales en las elecciones de 2025. A estos se le sumar\u00eda uno m\u00e1s: el oficialista ADN, que est\u00e1 en la \u00faltima fase de obtenci\u00f3n de su personer\u00eda jur\u00eddica ante el CNE. Y podr\u00eda sumarse tambi\u00e9n Construye, que por el momento est\u00e1 fuera de la contienda electoral. Todos buscan tener su propio candidato, ya sea solos o en alianzas. Y por ahora, hay algunos que ya promocionan los nombres de quienes encabezar\u00e1n sus binomios; aunque tambi\u00e9n hay otros posibles candidatos que est\u00e1n buscando una fuerza pol\u00edtica a la cual arrimarse. Los binomios en estas pr\u00f3ximas elecciones obligatoriamente deber\u00e1n estar integrados por un hombre y una mujer, por lo que los partidos deber\u00e1n tomar en cuenta esta disposici\u00f3n en sus procesos de democracia interna. Unidad Popular, lista 3, es el primer movimiento que ha proclamado oficialmente su precandidato presidencial: ser\u00e1 el exasamble\u00edsta Jorge Escala. El partido defini\u00f3 este nombre durante su convenci\u00f3n nacional, este 18 de mayo de 2024. El segundo candidato confirmado es el presidente Daniel Noboa, que buscar\u00e1 la reelecci\u00f3n. Aunque \u00e9l a\u00fan est\u00e1 a la espera de que su movimiento ADN (que ser\u00eda la lista 7) reciba la personer\u00eda jur\u00eddica de parte del CNE, caso contrario, deber\u00e1 buscar una tienda pol\u00edtica que lo acoja como en 2023. En el Partido Socialista, lista 17, se habla de dos precandidatos: el abogado guayaquile\u00f1o Pedro Granja y la excandidata Elsa Guerra. Aunque ninguno de los dos ha sido confirmado oficialmente. Los que suenan En el Partido Social Cristiano, lista 6, le apuntan a repetir a su carta de 2023: Jan Topic, aunque \u00e9l promueve su propia organizaci\u00f3n, llamada Transformar, con la que recorre el pa\u00eds \u00abpromoviendo el activismo pol\u00edtico\u00bb. Te presentamos un vistazo a nuestras \u00faltimas vivencias en Transforma. Nos hemos movilizado por diversas provincias de Ecuador, promoviendo el activismo pol\u00edtico, compartiendo conocimiento y sumando nuevos miembros.#TransformaEcuador #Transforma #\u00daneteAlCambio #DescargaLaApp pic.twitter.com\/vw6baL0Y26 &mdash; transforma (@transformaecu) May 19, 2024 En Creo, en cambio, tienen dos opciones. La primera ser\u00eda buscar la reelecci\u00f3n del expresidente Guillermo Lasso, algo que ya se hizo p\u00fablico hace poco, pero que puertas adentro a\u00fan no tiene confirmaci\u00f3n. La segunda opci\u00f3n es candidatizar al exministro de Gobierno y exasamble\u00edsta socialcristiano, Henry Cucal\u00f3n. Mientras que SUMA analiza la posibilidad de Andrea Gonz\u00e1lez Nader, quien fue compa\u00f1era de f\u00f3rmula del fallecido Fernando Villavicencio en 2023. Mientras que el exvicepresidente Otto Sonnenholzner, quien ya fue candidato en 2023, estar\u00eda en di\u00e1logos con Avanza. El corre\u00edsmo tampoco ha confirmado su candidata para 2025, pero el expresidente Rafael Correa ha mencionado como opciones a los expostulantes Andr\u00e9s Arauz y Luisa Gonz\u00e1lez, adem\u00e1s de Gustavo Jalkh, expresidente del Consejo de la Judicatura. Los sin partido Bol\u00edvar Armijos, quien tambi\u00e9n fue presidenciable en 2023, tambi\u00e9n anunci\u00f3 que buscar\u00e1 ser candidato de nuevo, aunque no especific\u00f3 por qu\u00e9 partido. Tambi\u00e9n sin tienda pol\u00edtica confirmada, est\u00e1 el nombre de Leonidas Iza, presidente de la Conaie, quien ha expresado su intenci\u00f3n de presentarse en las elecciones de 2025. Al igual que Cristina Reyes, la exlegisladora socialcristiana y actual parlamentaria andina, quien no tiene de momento un partido que la respalde. Fuente: Primicias<\/p>\n","protected":false},"author":1,"featured_media":16272,"comment_status":"open","ping_status":"open","sticky":false,"template":"","format":"standard","meta":{"footnotes":""},"categories":[268],"tags":[],"class_list":["post-16270","post","type-post","status-publish","format-standard","has-post-thumbnail","hentry","category-nacionales"],"_links":{"self":[{"href":"https:\/\/www.elamazonico.com\/portal\/wp-json\/wp\/v2\/posts\/16270","targetHints":{"allow":["GET"]}}],"collection":[{"href":"https:\/\/www.elamazonico.com\/portal\/wp-json\/wp\/v2\/posts"}],"about":[{"href":"https:\/\/www.elamazonico.com\/portal\/wp-json\/wp\/v2\/types\/post"}],"author":[{"embeddable":true,"href":"https:\/\/www.elamazonico.com\/portal\/wp-json\/wp\/v2\/users\/1"}],"replies":[{"embeddable":true,"href":"https:\/\/www.elamazonico.com\/portal\/wp-json\/wp\/v2\/comments?post=16270"}],"version-history":[{"count":1,"href":"https:\/\/www.elamazonico.com\/portal\/wp-json\/wp\/v2\/posts\/16270\/revisions"}],"predecessor-version":[{"id":16273,"href":"https:\/\/www.elamazonico.com\/portal\/wp-json\/wp\/v2\/posts\/16270\/revisions\/16273"}],"wp:featuredmedia":[{"embeddable":true,"href":"https:\/\/www.elamazonico.com\/portal\/wp-json\/wp\/v2\/media\/16272"}],"wp:attachment":[{"href":"https:\/\/www.elamazonico.com\/portal\/wp-json\/wp\/v2\/media?parent=16270"}],"wp:term":[{"taxonomy":"category","embeddable":true,"href":"https:\/\/www.elamazonico.com\/portal\/wp-json\/wp\/v2\/categories?post=16270"},{"taxonomy":"post_tag","embeddable":true,"href":"https:\/\/www.elamazonico.com\/portal\/wp-json\/wp\/v2\/tags?post=16270"}],"curies":[{"name":"wp","href":"https:\/\/api.w.org\/{rel}","templated":true}]}}