{"id":16266,"date":"2024-05-20T06:17:25","date_gmt":"2024-05-20T11:17:25","guid":{"rendered":"https:\/\/www.elamazonico.com\/portal\/?p=16266"},"modified":"2024-05-20T06:20:29","modified_gmt":"2024-05-20T11:20:29","slug":"muerte-del-presidente-de-iran-en-un-accidente-de-helicoptero-en-vivo-noticias-reacciones-y-mas","status":"publish","type":"post","link":"https:\/\/www.elamazonico.com\/portal\/muerte-del-presidente-de-iran-en-un-accidente-de-helicoptero-en-vivo-noticias-reacciones-y-mas\/","title":{"rendered":"Muerte del presidente de Ir\u00e1n en un accidente de helic\u00f3ptero, en vivo: noticias, reacciones y m\u00e1s"},"content":{"rendered":"<p><a href=\"https:\/\/cnnespanol.cnn.com\/2024\/05\/19\/helicoptero-presidente-iran-ebrahim-raisi-incidente-trax\/\">Ebrahim Raisi,<\/a>\u00a0cl\u00e9rigo ultraconservador y exjefe judicial de Ir\u00e1n, fue\u00a0<a href=\"https:\/\/cnnespanol.cnn.com\/2021\/06\/19\/ebrahim-raisi-jefe-judicial-ultraconservador-gana-las-elecciones-presidenciales-de-iran-trax\/\" target=\"_blank\" rel=\"noopener\">electo presidente<\/a>\u00a0el 18 de junio de 2021 luego de que el Consejo de Guardianes vetara la participaci\u00f3n de los principales candidatos reformistas y centristas.\u00a0<a href=\"https:\/\/cnnespanol.cnn.com\/video\/muere-presidente-ebrahim-raisi-accidente-helicoptero-perspectivas-mexico-tv\/\">Muri\u00f3 a los 63 a\u00f1os en un accidente de helic\u00f3ptero<\/a>\u00a0el 20 de mayo en una ladera escarpada y boscosa en la provincia iran\u00ed de Azerbaiy\u00e1n Oriental.<\/p>\n<p>Pr\u00e1cticamente sin oposici\u00f3n, Raisi obtuvo casi 18 millones de votos \u2014o cerca del 62% del total\u2014, de acuerdo a la agencia estatal iran\u00ed\u00a0<a href=\"https:\/\/en.irna.ir\/news\/84374657\/Ebrahim-Raisi-wins-Iran-presidency\" target=\"_blank\" rel=\"noopener\">IRNA\u00a0<\/a>y\u00a0<a href=\"https:\/\/cnnespanol.cnn.com\/2021\/08\/05\/nuevo-presidente-iran-asume-relaciones-tensas-eeuu-trax\/\">jur\u00f3<\/a>\u00a0el 5 de agosto de 2021.\u00a0En tanto la participaci\u00f3n fue del 48%, muy por debajo del 72% de las \u00faltimas elecciones y una posible se\u00f1al del desencanto del electorado. Aunque las\u00a0<a href=\"https:\/\/en.irna.ir\/news\/84378057\/Iranians-turnout-in-election-disappointing-for-opposition\" target=\"_blank\" rel=\"noopener\">autoridades<\/a>\u00a0iran\u00edes sostuvieron en ese momento que esto se debi\u00f3 exclusivamente debido a la pandemia de covid-19 de ese entonces.<\/p>\n<p>Reemplaz\u00f3 de esta manera al moderado Hassan Rouhani, dos veces presidente de Ir\u00e1n.<\/p>\n<p>Raisi, exjefe judicial de Ir\u00e1n, centr\u00f3 su campa\u00f1a en una plataforma anti-corrupci\u00f3n, en un aparente intento de apaciguar las frustraciones de los votantes frente a una econom\u00eda en crisis (<a href=\"https:\/\/cnnespanol.cnn.com\/2021\/06\/17\/elecciones-presidenciales-iran-claves-orix\/\" target=\"_blank\" rel=\"noopener\">40% de inflaci\u00f3n, 11% de desempleo y ca\u00edda del 6% del PIB dos a\u00f1os consecutivos<\/a>), atribuida a las sanciones de Estados Unidos para frenar el programa nuclear iran\u00ed.<\/p>\n<p>A Raisi tambi\u00e9n se lo recuerda por su brutal historial en materia de derechos humanos y su rol en la represi\u00f3n de la oposici\u00f3n.<\/p>\n<p>Tanto el\u00a0<a href=\"https:\/\/iranhumanrights.org\/2021\/06\/iran-election-dont-ignore-ebrahim-raisis-gross-rights-violations\/\">Centro de Derechos Humanos de Ir\u00e1n (CHRI, por sus siglas en ingl\u00e9s)<\/a>\u00a0como la organizaci\u00f3n\u00a0<a href=\"https:\/\/www.hrw.org\/news\/2021\/06\/07\/little-hope-change-through-ballot-box-iranian-civil-society-debates-strategy\" target=\"_blank\" rel=\"noopener\">Human Rights Watch<\/a>\u00a0y\u00a0<a href=\"https:\/\/iranhumanrights.org\/2021\/06\/iran-election-dont-ignore-ebrahim-raisis-gross-rights-violations\/\">Amnist\u00eda Internacional<\/a>\u00a0lo han acusado formar parte de un \u00abcomit\u00e9 de la muerte\u00bb que en 1988 habr\u00eda supervisado la ejecuci\u00f3n de miles de personas.<\/p>\n<p>Sus<a href=\"https:\/\/cnnespanol.cnn.com\/2021\/06\/15\/candidato-presidencia-iran-retroceder-pasado-oscuro-cambio-trax\/\" target=\"_blank\" rel=\"noopener\">\u00a0dos a\u00f1os como presidente del Tribunal Supremo<\/a>\u00a0de Ir\u00e1n estuvieron marcados por la intensificaci\u00f3n de la represi\u00f3n de la disidencia y los abusos de los derechos humanos, seg\u00fan la CHRI. Entre las muchas medidas de l\u00ednea dura de su mandato se encuentra la primera ejecuci\u00f3n en d\u00e9cadas de un hombre por consumo de alcohol.<\/p>\n<p>Raisi, un cl\u00e9rigo musulm\u00e1n que muchos consideraban posible sucesor del actual l\u00edder supremo, Ali Khamenei, no respondi\u00f3 p\u00fablicamente a estas acusaciones. <strong>Fuente: CNN<\/strong><\/p>\n","protected":false},"excerpt":{"rendered":"<p>Ebrahim Raisi,\u00a0cl\u00e9rigo ultraconservador y exjefe judicial de Ir\u00e1n, fue\u00a0electo presidente\u00a0el 18 de junio de 2021 luego de que el Consejo de Guardianes vetara la participaci\u00f3n de los principales candidatos reformistas y centristas.\u00a0Muri\u00f3 a los 63 a\u00f1os en un accidente de helic\u00f3ptero\u00a0el 20 de mayo en una ladera escarpada y boscosa en la provincia iran\u00ed de Azerbaiy\u00e1n Oriental. Pr\u00e1cticamente sin oposici\u00f3n, Raisi obtuvo casi 18 millones de votos \u2014o cerca del 62% del total\u2014, de acuerdo a la agencia estatal iran\u00ed\u00a0IRNA\u00a0y\u00a0jur\u00f3\u00a0el 5 de agosto de 2021.\u00a0En tanto la participaci\u00f3n fue del 48%, muy por debajo del 72% de las \u00faltimas elecciones y una posible se\u00f1al del desencanto del electorado. Aunque las\u00a0autoridades\u00a0iran\u00edes sostuvieron en ese momento que esto se debi\u00f3 exclusivamente debido a la pandemia de covid-19 de ese entonces. Reemplaz\u00f3 de esta manera al moderado Hassan Rouhani, dos veces presidente de Ir\u00e1n. Raisi, exjefe judicial de Ir\u00e1n, centr\u00f3 su campa\u00f1a en una plataforma anti-corrupci\u00f3n, en un aparente intento de apaciguar las frustraciones de los votantes frente a una econom\u00eda en crisis (40% de inflaci\u00f3n, 11% de desempleo y ca\u00edda del 6% del PIB dos a\u00f1os consecutivos), atribuida a las sanciones de Estados Unidos para frenar el programa nuclear iran\u00ed. A Raisi tambi\u00e9n se lo recuerda por su brutal historial en materia de derechos humanos y su rol en la represi\u00f3n de la oposici\u00f3n. Tanto el\u00a0Centro de Derechos Humanos de Ir\u00e1n (CHRI, por sus siglas en ingl\u00e9s)\u00a0como la organizaci\u00f3n\u00a0Human Rights Watch\u00a0y\u00a0Amnist\u00eda Internacional\u00a0lo han acusado formar parte de un \u00abcomit\u00e9 de la muerte\u00bb que en 1988 habr\u00eda supervisado la ejecuci\u00f3n de miles de personas. Sus\u00a0dos a\u00f1os como presidente del Tribunal Supremo\u00a0de Ir\u00e1n estuvieron marcados por la intensificaci\u00f3n de la represi\u00f3n de la disidencia y los abusos de los derechos humanos, seg\u00fan la CHRI. Entre las muchas medidas de l\u00ednea dura de su mandato se encuentra la primera ejecuci\u00f3n en d\u00e9cadas de un hombre por consumo de alcohol. Raisi, un cl\u00e9rigo musulm\u00e1n que muchos consideraban posible sucesor del actual l\u00edder supremo, Ali Khamenei, no respondi\u00f3 p\u00fablicamente a estas acusaciones. Fuente: CNN<\/p>\n","protected":false},"author":1,"featured_media":16267,"comment_status":"open","ping_status":"open","sticky":false,"template":"","format":"standard","meta":{"footnotes":""},"categories":[5],"tags":[],"class_list":["post-16266","post","type-post","status-publish","format-standard","has-post-thumbnail","hentry","category-internacionales"],"_links":{"self":[{"href":"https:\/\/www.elamazonico.com\/portal\/wp-json\/wp\/v2\/posts\/16266","targetHints":{"allow":["GET"]}}],"collection":[{"href":"https:\/\/www.elamazonico.com\/portal\/wp-json\/wp\/v2\/posts"}],"about":[{"href":"https:\/\/www.elamazonico.com\/portal\/wp-json\/wp\/v2\/types\/post"}],"author":[{"embeddable":true,"href":"https:\/\/www.elamazonico.com\/portal\/wp-json\/wp\/v2\/users\/1"}],"replies":[{"embeddable":true,"href":"https:\/\/www.elamazonico.com\/portal\/wp-json\/wp\/v2\/comments?post=16266"}],"version-history":[{"count":2,"href":"https:\/\/www.elamazonico.com\/portal\/wp-json\/wp\/v2\/posts\/16266\/revisions"}],"predecessor-version":[{"id":16269,"href":"https:\/\/www.elamazonico.com\/portal\/wp-json\/wp\/v2\/posts\/16266\/revisions\/16269"}],"wp:featuredmedia":[{"embeddable":true,"href":"https:\/\/www.elamazonico.com\/portal\/wp-json\/wp\/v2\/media\/16267"}],"wp:attachment":[{"href":"https:\/\/www.elamazonico.com\/portal\/wp-json\/wp\/v2\/media?parent=16266"}],"wp:term":[{"taxonomy":"category","embeddable":true,"href":"https:\/\/www.elamazonico.com\/portal\/wp-json\/wp\/v2\/categories?post=16266"},{"taxonomy":"post_tag","embeddable":true,"href":"https:\/\/www.elamazonico.com\/portal\/wp-json\/wp\/v2\/tags?post=16266"}],"curies":[{"name":"wp","href":"https:\/\/api.w.org\/{rel}","templated":true}]}}