{"id":16244,"date":"2024-05-17T12:20:43","date_gmt":"2024-05-17T17:20:43","guid":{"rendered":"https:\/\/www.elamazonico.comportal\/?p=16244"},"modified":"2024-05-17T12:20:43","modified_gmt":"2024-05-17T17:20:43","slug":"daniel-noboa-analiza-focalizacion-de-los-subsidios-a-las-gasolinas-extra-y-ecopais","status":"publish","type":"post","link":"https:\/\/www.elamazonico.com\/portal\/daniel-noboa-analiza-focalizacion-de-los-subsidios-a-las-gasolinas-extra-y-ecopais\/","title":{"rendered":"Daniel Noboa analiza focalizaci\u00f3n de los subsidios a las gasolinas Extra y Ecopa\u00eds"},"content":{"rendered":"<div class=\"lead destacado\">El presidente Daniel Noboa afirm\u00f3 que analiza la eliminaci\u00f3n y focalizaci\u00f3n de los subsidios a las gasolinas Extra y Ecopa\u00eds. La medida afectar\u00eda a los \u201cgrupos que no lo necesitan\u201d, seg\u00fan indic\u00f3 en una entrevista en Espa\u00f1a.<\/div>\n<div class=\"paragraph texto\">\n<p class=\"p_0\">El mandatario culmina este viernes su gira europea, pero antes concedi\u00f3 una entrevista a la Agencia EFE en la que habl\u00f3 sobre varios temas de seguridad,\u00a0<a href=\"https:\/\/www.vistazo.com\/politica\/nacional\/daniel-noboa-habla-sobre-veronica-abad-la-funcion-de-un-vicepresidente-en-ecuador-la-decide-el-presidente-ED7342723\">su relaci\u00f3n con la vicepresidenta Ver\u00f3nica Abad<\/a>\u00a0y el conflicto diplom\u00e1tico con M\u00e9xico.<\/p>\n<p class=\"p_1\">En cuanto a temas econ\u00f3micos, Noboa coment\u00f3 que no piensa tocar los\u00a0<b>subsidios al di\u00e9sel o al gas<\/b>, porque tienen una directa correlaci\u00f3n con la inflaci\u00f3n y el costo de la vida.<\/p>\n<div class=\"paragraph texto\">\n<p class=\"p_2\">Sin embargo, hay la posibilidad de que elimine y focalice los subsidios a los combustibles\u00a0<b>Extra y Ecopa\u00eds<\/b>.<\/p>\n<p class=\"p_3\">\u201cSon gasolinas de bajo octanaje y con un porcentaje bajo de consumo.\u00a0<b>Eso s\u00ed deber\u00edamos irlo eliminando poco a poco a los grupos que no lo necesitan<\/b>. De esa manera no tocamos el verdadero costo de la vida\u201d, acot\u00f3 el presidente ecuatoriano.<\/p>\n<p class=\"p_4\"><b>Lea tambi\u00e9n:\u00a0<a href=\"https:\/\/www.vistazo.com\/politica\/nacional\/daniel-noboa-habla-sobre-veronica-abad-la-funcion-de-un-vicepresidente-en-ecuador-la-decide-el-presidente-ED7342723\">Daniel Noboa habla sobre Ver\u00f3nica Abad: \u00abla funci\u00f3n de un vicepresidente en Ecuador la decide el presidente\u00bb<\/a><\/b><\/p>\n<\/div>\n<div class=\"art-twitter twitter_text\">\n<div class=\"twitter-content\">\n<div class=\"twitter-tweet twitter-tweet-rendered\"><iframe id=\"twitter-widget-0\" class=\"\" title=\"X Post\" src=\"https:\/\/platform.twitter.com\/embed\/Tweet.html?dnt=false&amp;embedId=twitter-widget-0&amp;features=eyJ0ZndfdGltZWxpbmVfbGlzdCI6eyJidWNrZXQiOltdLCJ2ZXJzaW9uIjpudWxsfSwidGZ3X2ZvbGxvd2VyX2NvdW50X3N1bnNldCI6eyJidWNrZXQiOnRydWUsInZlcnNpb24iOm51bGx9LCJ0ZndfdHdlZXRfZWRpdF9iYWNrZW5kIjp7ImJ1Y2tldCI6Im9uIiwidmVyc2lvbiI6bnVsbH0sInRmd19yZWZzcmNfc2Vzc2lvbiI6eyJidWNrZXQiOiJvbiIsInZlcnNpb24iOm51bGx9LCJ0ZndfZm9zbnJfc29mdF9pbnRlcnZlbnRpb25zX2VuYWJsZWQiOnsiYnVja2V0Ijoib24iLCJ2ZXJzaW9uIjpudWxsfSwidGZ3X21peGVkX21lZGlhXzE1ODk3Ijp7ImJ1Y2tldCI6InRyZWF0bWVudCIsInZlcnNpb24iOm51bGx9LCJ0ZndfZXhwZXJpbWVudHNfY29va2llX2V4cGlyYXRpb24iOnsiYnVja2V0IjoxMjA5NjAwLCJ2ZXJzaW9uIjpudWxsfSwidGZ3X3Nob3dfYmlyZHdhdGNoX3Bpdm90c19lbmFibGVkIjp7ImJ1Y2tldCI6Im9uIiwidmVyc2lvbiI6bnVsbH0sInRmd19kdXBsaWNhdGVfc2NyaWJlc190b19zZXR0aW5ncyI6eyJidWNrZXQiOiJvbiIsInZlcnNpb24iOm51bGx9LCJ0ZndfdXNlX3Byb2ZpbGVfaW1hZ2Vfc2hhcGVfZW5hYmxlZCI6eyJidWNrZXQiOiJvbiIsInZlcnNpb24iOm51bGx9LCJ0ZndfdmlkZW9faGxzX2R5bmFtaWNfbWFuaWZlc3RzXzE1MDgyIjp7ImJ1Y2tldCI6InRydWVfYml0cmF0ZSIsInZlcnNpb24iOm51bGx9LCJ0ZndfbGVnYWN5X3RpbWVsaW5lX3N1bnNldCI6eyJidWNrZXQiOnRydWUsInZlcnNpb24iOm51bGx9LCJ0ZndfdHdlZXRfZWRpdF9mcm9udGVuZCI6eyJidWNrZXQiOiJvbiIsInZlcnNpb24iOm51bGx9fQ%3D%3D&amp;frame=false&amp;hideCard=false&amp;hideThread=false&amp;id=1791471997987250234&amp;lang=es&amp;origin=https%3A%2F%2Fwww.vistazo.com%2Fpolitica%2Fnacional%2Fdaniel-noboa-analiza-focalizacion-de-los-subsidios-a-las-gasolinas-extra-y-ecopais-BC7343377&amp;sessionId=fea9b721e495a54f2e1b7e27b0725034617b9058&amp;theme=light&amp;widgetsVersion=2615f7e52b7e0%3A1702314776716&amp;width=550px\" frameborder=\"0\" scrolling=\"no\" allowfullscreen=\"allowfullscreen\" data-tweet-id=\"1791471997987250234\" data-mce-fragment=\"1\"><\/iframe><\/div>\n<\/div>\n<\/div>\n<div class=\"paragraph texto\">\n<p class=\"p_5\">Este es un tema controversial que los \u00faltimos gobiernos han intentado implementar, pero no lo han logrado por la oposici\u00f3n de grupos sociales. De hecho, la exministra de Energ\u00eda,\u00a0<b>Andrea Arrobo<\/b>, ya hab\u00eda manifestado a inicios de febrero que se estaba contemplando eliminar los subsidios de manera progresiva y por bandas.<\/p>\n<div class=\"paragraph texto\">\n<p class=\"p_6\">Noboa tambi\u00e9n destac\u00f3 que la inflaci\u00f3n est\u00e1 relativamente controlada y que ha logrado reducir el<a href=\"https:\/\/www.vistazo.com\/actualidad\/nacional\/riesgo-pais-de-ecuador-baja-de-2034-a-1750-puntos-en-15-dias-de-conflicto-armado-interno-AH6696828\">\u00a0riesgo pa\u00eds<\/a>.<\/p>\n<p class=\"p_7\">El mandatario est\u00e1 a punto de cumplir seis meses en el poder, los cuales ha calificado como\u00a0<b>\u201cmuy intensos\u201d<\/b>. Adem\u00e1s, asegura que ha conseguido\u00a0<b>\u201cmejorar significativamente\u201d<\/b>\u00a0algunos de los problemas del pa\u00eds, y recalc\u00f3 que est\u00e1 dispuesto \u201ca continuar con esta misma intensidad\u201d.<\/p>\n<p class=\"p_8\">\u201cEn esta segunda etapa debemos de ejecutar obra,\u00a0<b>debemos ense\u00f1arle a los ecuatorianos que el esfuerzo y el sacrificio que hicieron los primeros seis meses\u00a0<\/b>y el esfuerzo que hizo el Gobierno en la parte fiscal tambi\u00e9n, ahora se van a ver los frutos\u201d, adelant\u00f3 Noboa.<\/p>\n<\/div>\n<div class=\"art-twitter twitter_text\">\n<div class=\"twitter-content\">\n<div class=\"twitter-tweet twitter-tweet-rendered\"><iframe id=\"twitter-widget-1\" class=\"\" title=\"X Post\" src=\"https:\/\/platform.twitter.com\/embed\/Tweet.html?dnt=false&amp;embedId=twitter-widget-1&amp;features=eyJ0ZndfdGltZWxpbmVfbGlzdCI6eyJidWNrZXQiOltdLCJ2ZXJzaW9uIjpudWxsfSwidGZ3X2ZvbGxvd2VyX2NvdW50X3N1bnNldCI6eyJidWNrZXQiOnRydWUsInZlcnNpb24iOm51bGx9LCJ0ZndfdHdlZXRfZWRpdF9iYWNrZW5kIjp7ImJ1Y2tldCI6Im9uIiwidmVyc2lvbiI6bnVsbH0sInRmd19yZWZzcmNfc2Vzc2lvbiI6eyJidWNrZXQiOiJvbiIsInZlcnNpb24iOm51bGx9LCJ0ZndfZm9zbnJfc29mdF9pbnRlcnZlbnRpb25zX2VuYWJsZWQiOnsiYnVja2V0Ijoib24iLCJ2ZXJzaW9uIjpudWxsfSwidGZ3X21peGVkX21lZGlhXzE1ODk3Ijp7ImJ1Y2tldCI6InRyZWF0bWVudCIsInZlcnNpb24iOm51bGx9LCJ0ZndfZXhwZXJpbWVudHNfY29va2llX2V4cGlyYXRpb24iOnsiYnVja2V0IjoxMjA5NjAwLCJ2ZXJzaW9uIjpudWxsfSwidGZ3X3Nob3dfYmlyZHdhdGNoX3Bpdm90c19lbmFibGVkIjp7ImJ1Y2tldCI6Im9uIiwidmVyc2lvbiI6bnVsbH0sInRmd19kdXBsaWNhdGVfc2NyaWJlc190b19zZXR0aW5ncyI6eyJidWNrZXQiOiJvbiIsInZlcnNpb24iOm51bGx9LCJ0ZndfdXNlX3Byb2ZpbGVfaW1hZ2Vfc2hhcGVfZW5hYmxlZCI6eyJidWNrZXQiOiJvbiIsInZlcnNpb24iOm51bGx9LCJ0ZndfdmlkZW9faGxzX2R5bmFtaWNfbWFuaWZlc3RzXzE1MDgyIjp7ImJ1Y2tldCI6InRydWVfYml0cmF0ZSIsInZlcnNpb24iOm51bGx9LCJ0ZndfbGVnYWN5X3RpbWVsaW5lX3N1bnNldCI6eyJidWNrZXQiOnRydWUsInZlcnNpb24iOm51bGx9LCJ0ZndfdHdlZXRfZWRpdF9mcm9udGVuZCI6eyJidWNrZXQiOiJvbiIsInZlcnNpb24iOm51bGx9fQ%3D%3D&amp;frame=false&amp;hideCard=false&amp;hideThread=false&amp;id=1791471840449200155&amp;lang=es&amp;origin=https%3A%2F%2Fwww.vistazo.com%2Fpolitica%2Fnacional%2Fdaniel-noboa-analiza-focalizacion-de-los-subsidios-a-las-gasolinas-extra-y-ecopais-BC7343377&amp;sessionId=fea9b721e495a54f2e1b7e27b0725034617b9058&amp;theme=light&amp;widgetsVersion=2615f7e52b7e0%3A1702314776716&amp;width=550px\" frameborder=\"0\" scrolling=\"no\" allowfullscreen=\"allowfullscreen\" data-tweet-id=\"1791471840449200155\" data-mce-fragment=\"1\"><\/iframe><\/div>\n<div><strong>Fuente: Vistazo.<\/strong><\/div>\n<div><\/div>\n<\/div>\n<\/div>\n<\/div>\n<\/div>\n","protected":false},"excerpt":{"rendered":"<p>El presidente Daniel Noboa afirm\u00f3 que analiza la eliminaci\u00f3n y focalizaci\u00f3n de los subsidios a las gasolinas Extra y Ecopa\u00eds. La medida afectar\u00eda a los \u201cgrupos que no lo necesitan\u201d, seg\u00fan indic\u00f3 en una entrevista en Espa\u00f1a. El mandatario culmina este viernes su gira europea, pero antes concedi\u00f3 una entrevista a la Agencia EFE en la que habl\u00f3 sobre varios temas de seguridad,\u00a0su relaci\u00f3n con la vicepresidenta Ver\u00f3nica Abad\u00a0y el conflicto diplom\u00e1tico con M\u00e9xico. En cuanto a temas econ\u00f3micos, Noboa coment\u00f3 que no piensa tocar los\u00a0subsidios al di\u00e9sel o al gas, porque tienen una directa correlaci\u00f3n con la inflaci\u00f3n y el costo de la vida. Sin embargo, hay la posibilidad de que elimine y focalice los subsidios a los combustibles\u00a0Extra y Ecopa\u00eds. \u201cSon gasolinas de bajo octanaje y con un porcentaje bajo de consumo.\u00a0Eso s\u00ed deber\u00edamos irlo eliminando poco a poco a los grupos que no lo necesitan. De esa manera no tocamos el verdadero costo de la vida\u201d, acot\u00f3 el presidente ecuatoriano. Lea tambi\u00e9n:\u00a0Daniel Noboa habla sobre Ver\u00f3nica Abad: \u00abla funci\u00f3n de un vicepresidente en Ecuador la decide el presidente\u00bb Este es un tema controversial que los \u00faltimos gobiernos han intentado implementar, pero no lo han logrado por la oposici\u00f3n de grupos sociales. De hecho, la exministra de Energ\u00eda,\u00a0Andrea Arrobo, ya hab\u00eda manifestado a inicios de febrero que se estaba contemplando eliminar los subsidios de manera progresiva y por bandas. Noboa tambi\u00e9n destac\u00f3 que la inflaci\u00f3n est\u00e1 relativamente controlada y que ha logrado reducir el\u00a0riesgo pa\u00eds. El mandatario est\u00e1 a punto de cumplir seis meses en el poder, los cuales ha calificado como\u00a0\u201cmuy intensos\u201d. Adem\u00e1s, asegura que ha conseguido\u00a0\u201cmejorar significativamente\u201d\u00a0algunos de los problemas del pa\u00eds, y recalc\u00f3 que est\u00e1 dispuesto \u201ca continuar con esta misma intensidad\u201d. \u201cEn esta segunda etapa debemos de ejecutar obra,\u00a0debemos ense\u00f1arle a los ecuatorianos que el esfuerzo y el sacrificio que hicieron los primeros seis meses\u00a0y el esfuerzo que hizo el Gobierno en la parte fiscal tambi\u00e9n, ahora se van a ver los frutos\u201d, adelant\u00f3 Noboa. Fuente: Vistazo.<\/p>\n","protected":false},"author":1,"featured_media":16245,"comment_status":"open","ping_status":"open","sticky":false,"template":"","format":"standard","meta":{"footnotes":""},"categories":[268],"tags":[],"class_list":["post-16244","post","type-post","status-publish","format-standard","has-post-thumbnail","hentry","category-nacionales"],"_links":{"self":[{"href":"https:\/\/www.elamazonico.com\/portal\/wp-json\/wp\/v2\/posts\/16244","targetHints":{"allow":["GET"]}}],"collection":[{"href":"https:\/\/www.elamazonico.com\/portal\/wp-json\/wp\/v2\/posts"}],"about":[{"href":"https:\/\/www.elamazonico.com\/portal\/wp-json\/wp\/v2\/types\/post"}],"author":[{"embeddable":true,"href":"https:\/\/www.elamazonico.com\/portal\/wp-json\/wp\/v2\/users\/1"}],"replies":[{"embeddable":true,"href":"https:\/\/www.elamazonico.com\/portal\/wp-json\/wp\/v2\/comments?post=16244"}],"version-history":[{"count":1,"href":"https:\/\/www.elamazonico.com\/portal\/wp-json\/wp\/v2\/posts\/16244\/revisions"}],"predecessor-version":[{"id":16246,"href":"https:\/\/www.elamazonico.com\/portal\/wp-json\/wp\/v2\/posts\/16244\/revisions\/16246"}],"wp:featuredmedia":[{"embeddable":true,"href":"https:\/\/www.elamazonico.com\/portal\/wp-json\/wp\/v2\/media\/16245"}],"wp:attachment":[{"href":"https:\/\/www.elamazonico.com\/portal\/wp-json\/wp\/v2\/media?parent=16244"}],"wp:term":[{"taxonomy":"category","embeddable":true,"href":"https:\/\/www.elamazonico.com\/portal\/wp-json\/wp\/v2\/categories?post=16244"},{"taxonomy":"post_tag","embeddable":true,"href":"https:\/\/www.elamazonico.com\/portal\/wp-json\/wp\/v2\/tags?post=16244"}],"curies":[{"name":"wp","href":"https:\/\/api.w.org\/{rel}","templated":true}]}}