{"id":16239,"date":"2024-05-17T12:01:29","date_gmt":"2024-05-17T17:01:29","guid":{"rendered":"https:\/\/www.elamazonico.comportal\/?p=16239"},"modified":"2024-05-17T12:01:29","modified_gmt":"2024-05-17T17:01:29","slug":"corte-internacional-de-justicia-se-pronunciara-el-23-de-mayo-sobre-incursion-en-la-embajada-de-mexico-en-ecuador","status":"publish","type":"post","link":"https:\/\/www.elamazonico.com\/portal\/corte-internacional-de-justicia-se-pronunciara-el-23-de-mayo-sobre-incursion-en-la-embajada-de-mexico-en-ecuador\/","title":{"rendered":"Corte Internacional de Justicia se pronunciar\u00e1 el 23 de mayo sobre incursi\u00f3n en la embajada de M\u00e9xico en Ecuador"},"content":{"rendered":"<p>La\u00a0<b>Corte Internacional de Justicia<\/b>\u00a0(CIJ, m\u00e1ximo tribunal de la ONU) anunci\u00f3 este viernes que se pronunciar\u00e1 el 23 de mayo sobre el pedido de medidas provisorias presentado por\u00a0<b>M\u00e9xico<\/b>\u00a0contra\u00a0<b>Ecuador<\/b>\u00a0por la invasi\u00f3n de su embajada en Quito.<\/p>\n<p>El jueves pr\u00f3ximo, \u00abel juez Nawaf Salam, presidente del Tribunal, dar\u00e1 lectura a la\u00a0<b>Resoluci\u00f3n<\/b>\u00a0de la Corte\u00bb, anunci\u00f3 la CIJ en un comunicado.<\/p>\n<p>El pasado 5 de abril, fuerzas de seguridad ecuatorianas invadieron la\u00a0<b>embajada<\/b>\u00a0de M\u00e9xico en Ecuador y se llevaron bajo arresto al exvicepresidente\u00a0<b>Jorge<\/b>\u00a0<b>Glas<\/b>, quien se encontraba en la legaci\u00f3n diplom\u00e1tica con car\u00e1cter de asilado.<\/p>\n<p class=\"p_3\">D\u00edas m\u00e1s tarde, M\u00e9xico present\u00f3 ante la CIJ un pedido de medidas\u00a0<b>provisorias<\/b>\u00a0(que requieren tr\u00e1mite urgente por parte de la Corte) que exijan a Ecuador la\u00a0<b>protecci\u00f3n<\/b>\u00a0de las instalaciones de la embajada y sus archivos.<\/p>\n<p class=\"p_4\"><b>Lea tambi\u00e9n:\u00a0<a href=\"https:\/\/www.vistazo.com\/politica\/nacional\/embajada-consulado-ecuador-mexico-cierre-atencion-IC7307318\">Embajada y consulado de Ecuador en M\u00e9xico atender\u00e1n hasta el 15 de mayo de 2024<\/a><\/b><\/p>\n<p class=\"p_5\">La demanda mexicana tambi\u00e9n solicit\u00f3 el inicio de procedimientos contra Ecuador por \u00abcuestiones\u00a0<b>jur\u00eddicas<\/b>\u00a0relativas a la soluci\u00f3n de disputas internacionales por medios pac\u00edficos y relaciones diplom\u00e1ticas, y la\u00a0<b>inviolabilidad<\/b>\u00a0de una misi\u00f3n diplom\u00e1tica\u00bb.<\/p>\n<p class=\"p_6\">Los dos pa\u00edses presentaron sus argumentos orales ante la CIJ el 30 de abril y el 1 de mayo, en La Haya.<\/p>\n<p class=\"p_7\">En esas audiencias, M\u00e9xico sostuvo ante la CIJ que la invasi\u00f3n armada a su embajada \u00abdebe tener\u00a0<b>consecuencias<\/b>\u00ab, y Ecuador aleg\u00f3 que ese asalto ocurri\u00f3 en \u00abcircunstancias muy\u00a0<b>excepcionales<\/b>\u00ab.<\/p>\n<p class=\"p_8\"><b>Lea tambi\u00e9n:\u00a0<a href=\"https:\/\/www.vistazo.com\/politica\/internacional\/queremos-que-se-castigue-al-gobierno-de-ecuador-declara-el-presidente-de-mexico-por-irrupcion-a-embajada-XL7287033\">\u00abQueremos que se castigue al Gobierno de Ecuador\u00bb, declara el presidente de M\u00e9xico por irrupci\u00f3n a embajada<\/a><\/b><\/p>\n<p class=\"p_9\">Ante la gravedad del episodio, M\u00e9xico\u00a0<b>rompi\u00f3<\/b>\u00a0sus relaciones con Ecuador, y retir\u00f3 a su personal diplom\u00e1tico del territorio ecuatoriano.<\/p>\n<p class=\"p_10\">Jorge Glas contin\u00faa bajo arresto, aunque M\u00e9xico reivindica que a\u00fan goza del estatus de\u00a0<b>asilado<\/b>.<\/p>\n<p class=\"p_11\">Ecuador sostiene que la concesi\u00f3n del asilo a Glas por parte de M\u00e9xico fue ilegal, ya que se trata de un acusado por la justicia com\u00fan.<\/p>\n<p><strong>Fuente: Vistazo.<\/strong><\/p>\n<p>&nbsp;<\/p>\n","protected":false},"excerpt":{"rendered":"<p>La\u00a0Corte Internacional de Justicia\u00a0(CIJ, m\u00e1ximo tribunal de la ONU) anunci\u00f3 este viernes que se pronunciar\u00e1 el 23 de mayo sobre el pedido de medidas provisorias presentado por\u00a0M\u00e9xico\u00a0contra\u00a0Ecuador\u00a0por la invasi\u00f3n de su embajada en Quito. El jueves pr\u00f3ximo, \u00abel juez Nawaf Salam, presidente del Tribunal, dar\u00e1 lectura a la\u00a0Resoluci\u00f3n\u00a0de la Corte\u00bb, anunci\u00f3 la CIJ en un comunicado. El pasado 5 de abril, fuerzas de seguridad ecuatorianas invadieron la\u00a0embajada\u00a0de M\u00e9xico en Ecuador y se llevaron bajo arresto al exvicepresidente\u00a0Jorge\u00a0Glas, quien se encontraba en la legaci\u00f3n diplom\u00e1tica con car\u00e1cter de asilado. D\u00edas m\u00e1s tarde, M\u00e9xico present\u00f3 ante la CIJ un pedido de medidas\u00a0provisorias\u00a0(que requieren tr\u00e1mite urgente por parte de la Corte) que exijan a Ecuador la\u00a0protecci\u00f3n\u00a0de las instalaciones de la embajada y sus archivos. Lea tambi\u00e9n:\u00a0Embajada y consulado de Ecuador en M\u00e9xico atender\u00e1n hasta el 15 de mayo de 2024 La demanda mexicana tambi\u00e9n solicit\u00f3 el inicio de procedimientos contra Ecuador por \u00abcuestiones\u00a0jur\u00eddicas\u00a0relativas a la soluci\u00f3n de disputas internacionales por medios pac\u00edficos y relaciones diplom\u00e1ticas, y la\u00a0inviolabilidad\u00a0de una misi\u00f3n diplom\u00e1tica\u00bb. Los dos pa\u00edses presentaron sus argumentos orales ante la CIJ el 30 de abril y el 1 de mayo, en La Haya. En esas audiencias, M\u00e9xico sostuvo ante la CIJ que la invasi\u00f3n armada a su embajada \u00abdebe tener\u00a0consecuencias\u00ab, y Ecuador aleg\u00f3 que ese asalto ocurri\u00f3 en \u00abcircunstancias muy\u00a0excepcionales\u00ab. Lea tambi\u00e9n:\u00a0\u00abQueremos que se castigue al Gobierno de Ecuador\u00bb, declara el presidente de M\u00e9xico por irrupci\u00f3n a embajada Ante la gravedad del episodio, M\u00e9xico\u00a0rompi\u00f3\u00a0sus relaciones con Ecuador, y retir\u00f3 a su personal diplom\u00e1tico del territorio ecuatoriano. Jorge Glas contin\u00faa bajo arresto, aunque M\u00e9xico reivindica que a\u00fan goza del estatus de\u00a0asilado. Ecuador sostiene que la concesi\u00f3n del asilo a Glas por parte de M\u00e9xico fue ilegal, ya que se trata de un acusado por la justicia com\u00fan. Fuente: Vistazo. &nbsp;<\/p>\n","protected":false},"author":1,"featured_media":16241,"comment_status":"open","ping_status":"open","sticky":false,"template":"","format":"standard","meta":{"footnotes":""},"categories":[268],"tags":[],"class_list":["post-16239","post","type-post","status-publish","format-standard","has-post-thumbnail","hentry","category-nacionales"],"_links":{"self":[{"href":"https:\/\/www.elamazonico.com\/portal\/wp-json\/wp\/v2\/posts\/16239","targetHints":{"allow":["GET"]}}],"collection":[{"href":"https:\/\/www.elamazonico.com\/portal\/wp-json\/wp\/v2\/posts"}],"about":[{"href":"https:\/\/www.elamazonico.com\/portal\/wp-json\/wp\/v2\/types\/post"}],"author":[{"embeddable":true,"href":"https:\/\/www.elamazonico.com\/portal\/wp-json\/wp\/v2\/users\/1"}],"replies":[{"embeddable":true,"href":"https:\/\/www.elamazonico.com\/portal\/wp-json\/wp\/v2\/comments?post=16239"}],"version-history":[{"count":1,"href":"https:\/\/www.elamazonico.com\/portal\/wp-json\/wp\/v2\/posts\/16239\/revisions"}],"predecessor-version":[{"id":16243,"href":"https:\/\/www.elamazonico.com\/portal\/wp-json\/wp\/v2\/posts\/16239\/revisions\/16243"}],"wp:featuredmedia":[{"embeddable":true,"href":"https:\/\/www.elamazonico.com\/portal\/wp-json\/wp\/v2\/media\/16241"}],"wp:attachment":[{"href":"https:\/\/www.elamazonico.com\/portal\/wp-json\/wp\/v2\/media?parent=16239"}],"wp:term":[{"taxonomy":"category","embeddable":true,"href":"https:\/\/www.elamazonico.com\/portal\/wp-json\/wp\/v2\/categories?post=16239"},{"taxonomy":"post_tag","embeddable":true,"href":"https:\/\/www.elamazonico.com\/portal\/wp-json\/wp\/v2\/tags?post=16239"}],"curies":[{"name":"wp","href":"https:\/\/api.w.org\/{rel}","templated":true}]}}