{"id":16235,"date":"2024-05-17T11:43:59","date_gmt":"2024-05-17T16:43:59","guid":{"rendered":"https:\/\/www.elamazonico.comportal\/?p=16235"},"modified":"2024-05-17T11:43:59","modified_gmt":"2024-05-17T16:43:59","slug":"daniel-noboa-habla-sobre-veronica-abad-la-funcion-de-un-vicepresidente-en-ecuador-la-decide-el-presidente","status":"publish","type":"post","link":"https:\/\/www.elamazonico.com\/portal\/daniel-noboa-habla-sobre-veronica-abad-la-funcion-de-un-vicepresidente-en-ecuador-la-decide-el-presidente\/","title":{"rendered":"Daniel Noboa habla sobre Ver\u00f3nica Abad: \u00abla funci\u00f3n de un vicepresidente en Ecuador la decide el presidente\u00bb"},"content":{"rendered":"<p class=\"p_0\">El mandatario\u00a0<b>Daniel Noboa<\/b>\u00a0dijo este viernes en Madrid que la\u00a0<b>funci\u00f3n<\/b>\u00a0de un\u00a0<b>vicepresidente<\/b>\u00a0en Ecuador es \u00abla que decide el presidente\u00bb y que la determinaci\u00f3n de enviar a Tel Aviv a la vicepresidenta,\u00a0<b>Ver\u00f3nica<\/b>\u00a0<b>Abad<\/b>, para mediar por la paz en Gaza la tom\u00f3 de acuerdo a las \u00abpreferencias de ella\u00bb.<\/p>\n<p class=\"p_1\">\u00ab(Abad) hab\u00eda mencionado que ten\u00eda un gran\u00a0<b>amor<\/b>\u00a0por\u00a0<b>Israel<\/b>\u00a0y que quer\u00eda trabajar por la paz en el mundo, entonces parece adecuado el cargo de acuerdo a sus preferencias\u00bb, explic\u00f3 Noboa en la Tribuna EFE &#8211; Casa de Am\u00e9rica, en la que fue entrevistado por el presidente de EFE, Miguel \u00c1ngel Oliver.<\/p>\n<p class=\"p_2\">Abad acus\u00f3 el pasado lunes a Noboa y a su Gobierno de\u00a0<b>hostigamiento<\/b>, pero asegur\u00f3 que no va a renunciar y que se mantendr\u00e1 en el cargo, por lo que temporalmente asumir\u00eda la\u00a0<b>Presidencia<\/b>\u00a0cuando el mandatario deba presentarse a la reelecci\u00f3n en las pr\u00f3ximas elecciones de 2025.<\/p>\n<p class=\"p_3\"><b>Lea tambi\u00e9n:\u00a0<a href=\"https:\/\/www.vistazo.com\/politica\/nacional\/veronica-abad-confirma-que-estados-unidos-le-cancelo-la-visa-y-dice-ser-victima-de-persecucion-YF7337616\">Ver\u00f3nica Abad confirma que Estados Unidos le cancel\u00f3 la visa y dice ser v\u00edctima de persecuci\u00f3n<\/a><\/b><\/p>\n<p>Sobre la duraci\u00f3n de ese periodo, el presidente dijo que todav\u00eda no estaba establecido y que, llegado el momento, lo consultar\u00e1 con la Corte Suprema y la Procuradur\u00eda.<\/p>\n<p>Noboa reconoci\u00f3 que la relaci\u00f3n con su vicepresidenta es \u00absumamente\u00a0<b>complicada<\/b>\u00ab, porque \u00abno estoy de acuerdo b\u00e1sicamente en casi nada de su\u00a0<b>comportamiento<\/b>\u00a0en los \u00faltimos meses\u00bb.<\/p>\n<p class=\"p_6\">\u00abTambi\u00e9n pienso que irse en contra de su propio gobierno es\u00a0<b>desleal<\/b>, no es correcto\u00bb, consider\u00f3 el mandatario ecuatoriano.<\/p>\n<p class=\"p_7\">El distanciamiento entre Noboa y Abad comenz\u00f3 desde la misma campa\u00f1a electoral, marcado por una serie de declaraciones de la entonces candidata a vicepresidenta que, aparentemente, no gustaron al empresario, con quien nunca coincidi\u00f3 en encuentro p\u00fablico alguno en toda la campa\u00f1a de la segunda vuelta.<\/p>\n<p class=\"p_8\">Una vez electos, Abad realiz\u00f3 una gira internacional a t\u00edtulo propio en la que se reuni\u00f3 en Madrid con el presidente de Vox, Santiago Abascal; en Lima con el entonces primer ministro de Per\u00fa, Alberto Ot\u00e1rola, y en El Salvador se fotografi\u00f3 con su presidente, Nayib Bukele, durante la celebraci\u00f3n del concurso de belleza Miss Universo.<\/p>\n<p><strong>Fuente: Vistazo.<\/strong><\/p>\n","protected":false},"excerpt":{"rendered":"<p>El mandatario\u00a0Daniel Noboa\u00a0dijo este viernes en Madrid que la\u00a0funci\u00f3n\u00a0de un\u00a0vicepresidente\u00a0en Ecuador es \u00abla que decide el presidente\u00bb y que la determinaci\u00f3n de enviar a Tel Aviv a la vicepresidenta,\u00a0Ver\u00f3nica\u00a0Abad, para mediar por la paz en Gaza la tom\u00f3 de acuerdo a las \u00abpreferencias de ella\u00bb. \u00ab(Abad) hab\u00eda mencionado que ten\u00eda un gran\u00a0amor\u00a0por\u00a0Israel\u00a0y que quer\u00eda trabajar por la paz en el mundo, entonces parece adecuado el cargo de acuerdo a sus preferencias\u00bb, explic\u00f3 Noboa en la Tribuna EFE &#8211; Casa de Am\u00e9rica, en la que fue entrevistado por el presidente de EFE, Miguel \u00c1ngel Oliver. Abad acus\u00f3 el pasado lunes a Noboa y a su Gobierno de\u00a0hostigamiento, pero asegur\u00f3 que no va a renunciar y que se mantendr\u00e1 en el cargo, por lo que temporalmente asumir\u00eda la\u00a0Presidencia\u00a0cuando el mandatario deba presentarse a la reelecci\u00f3n en las pr\u00f3ximas elecciones de 2025. Lea tambi\u00e9n:\u00a0Ver\u00f3nica Abad confirma que Estados Unidos le cancel\u00f3 la visa y dice ser v\u00edctima de persecuci\u00f3n Sobre la duraci\u00f3n de ese periodo, el presidente dijo que todav\u00eda no estaba establecido y que, llegado el momento, lo consultar\u00e1 con la Corte Suprema y la Procuradur\u00eda. Noboa reconoci\u00f3 que la relaci\u00f3n con su vicepresidenta es \u00absumamente\u00a0complicada\u00ab, porque \u00abno estoy de acuerdo b\u00e1sicamente en casi nada de su\u00a0comportamiento\u00a0en los \u00faltimos meses\u00bb. \u00abTambi\u00e9n pienso que irse en contra de su propio gobierno es\u00a0desleal, no es correcto\u00bb, consider\u00f3 el mandatario ecuatoriano. El distanciamiento entre Noboa y Abad comenz\u00f3 desde la misma campa\u00f1a electoral, marcado por una serie de declaraciones de la entonces candidata a vicepresidenta que, aparentemente, no gustaron al empresario, con quien nunca coincidi\u00f3 en encuentro p\u00fablico alguno en toda la campa\u00f1a de la segunda vuelta. Una vez electos, Abad realiz\u00f3 una gira internacional a t\u00edtulo propio en la que se reuni\u00f3 en Madrid con el presidente de Vox, Santiago Abascal; en Lima con el entonces primer ministro de Per\u00fa, Alberto Ot\u00e1rola, y en El Salvador se fotografi\u00f3 con su presidente, Nayib Bukele, durante la celebraci\u00f3n del concurso de belleza Miss Universo. Fuente: Vistazo.<\/p>\n","protected":false},"author":1,"featured_media":16236,"comment_status":"open","ping_status":"open","sticky":false,"template":"","format":"standard","meta":{"footnotes":""},"categories":[268],"tags":[],"class_list":["post-16235","post","type-post","status-publish","format-standard","has-post-thumbnail","hentry","category-nacionales"],"_links":{"self":[{"href":"https:\/\/www.elamazonico.com\/portal\/wp-json\/wp\/v2\/posts\/16235","targetHints":{"allow":["GET"]}}],"collection":[{"href":"https:\/\/www.elamazonico.com\/portal\/wp-json\/wp\/v2\/posts"}],"about":[{"href":"https:\/\/www.elamazonico.com\/portal\/wp-json\/wp\/v2\/types\/post"}],"author":[{"embeddable":true,"href":"https:\/\/www.elamazonico.com\/portal\/wp-json\/wp\/v2\/users\/1"}],"replies":[{"embeddable":true,"href":"https:\/\/www.elamazonico.com\/portal\/wp-json\/wp\/v2\/comments?post=16235"}],"version-history":[{"count":1,"href":"https:\/\/www.elamazonico.com\/portal\/wp-json\/wp\/v2\/posts\/16235\/revisions"}],"predecessor-version":[{"id":16237,"href":"https:\/\/www.elamazonico.com\/portal\/wp-json\/wp\/v2\/posts\/16235\/revisions\/16237"}],"wp:featuredmedia":[{"embeddable":true,"href":"https:\/\/www.elamazonico.com\/portal\/wp-json\/wp\/v2\/media\/16236"}],"wp:attachment":[{"href":"https:\/\/www.elamazonico.com\/portal\/wp-json\/wp\/v2\/media?parent=16235"}],"wp:term":[{"taxonomy":"category","embeddable":true,"href":"https:\/\/www.elamazonico.com\/portal\/wp-json\/wp\/v2\/categories?post=16235"},{"taxonomy":"post_tag","embeddable":true,"href":"https:\/\/www.elamazonico.com\/portal\/wp-json\/wp\/v2\/tags?post=16235"}],"curies":[{"name":"wp","href":"https:\/\/api.w.org\/{rel}","templated":true}]}}