{"id":16230,"date":"2024-05-17T11:25:14","date_gmt":"2024-05-17T16:25:14","guid":{"rendered":"https:\/\/www.elamazonico.comportal\/?p=16230"},"modified":"2024-05-17T11:25:14","modified_gmt":"2024-05-17T16:25:14","slug":"noboa-sobre-abad-irse-en-contra-de-su-propio-gobierno-es-desleal-no-es-correcto","status":"publish","type":"post","link":"https:\/\/www.elamazonico.com\/portal\/noboa-sobre-abad-irse-en-contra-de-su-propio-gobierno-es-desleal-no-es-correcto\/","title":{"rendered":"Noboa sobre Abad: \u00abIrse en contra de su propio gobierno es desleal, no es correcto\u00bb"},"content":{"rendered":"<p>El tema\u00a0<strong>econ\u00f3mico, de seguridad, empleo, lucha contra el narcotr\u00e1fico<\/strong>\u00a0y otros fueron abordados este 17 de mayo de 2024 por el presidente de la Rep\u00fablica,<strong>\u00a0Daniel Noboa,<\/strong>\u00a0en Tribuna EFE desde la Casa de Am\u00e9rica en Madrid, Espa\u00f1a.<\/p>\n<div class=\"google-auto-placed ap_container\"><ins class=\"adsbygoogle adsbygoogle-noablate\" data-ad-format=\"auto\" data-ad-client=\"ca-pub-4257119852434871\" data-adsbygoogle-status=\"done\" data-ad-status=\"unfilled\"><\/p>\n<div id=\"aswift_2_host\"><iframe id=\"aswift_2\" tabindex=\"0\" title=\"Advertisement\" src=\"https:\/\/googleads.g.doubleclick.net\/pagead\/ads?gdpr=0&amp;client=ca-pub-4257119852434871&amp;output=html&amp;h=280&amp;adk=1232257761&amp;adf=3290523148&amp;w=736&amp;abgtt=6&amp;fwrn=4&amp;fwrnh=100&amp;lmt=1715962208&amp;num_ads=1&amp;rafmt=1&amp;armr=3&amp;sem=mc&amp;pwprc=2102549152&amp;ad_type=text_image&amp;format=736x280&amp;url=https%3A%2F%2Fwww.eltelegrafo.com.ec%2Fnoticias%2Fnacionales%2F44%2Fnoboa-sobre-abad-irse-contra-propio-gobierno-desleal-correcto&amp;fwr=0&amp;pra=3&amp;rh=184&amp;rw=736&amp;rpe=1&amp;resp_fmts=3&amp;wgl=1&amp;fa=27&amp;uach=WyJXaW5kb3dzIiwiMTAuMC4wIiwieDg2IiwiIiwiMTI0LjAuNjM2Ny4yMDciLG51bGwsMCxudWxsLCI2NCIsW1siQ2hyb21pdW0iLCIxMjQuMC42MzY3LjIwNyJdLFsiR29vZ2xlIENocm9tZSIsIjEyNC4wLjYzNjcuMjA3Il0sWyJOb3QtQS5CcmFuZCIsIjk5LjAuMC4wIl1dLDBd&amp;dt=1715962208354&amp;bpp=2&amp;bdt=1066&amp;idt=-M&amp;shv=r20240515&amp;mjsv=m202405130101&amp;ptt=9&amp;saldr=aa&amp;abxe=1&amp;cookie=ID%3Dc675d65f6010cfd6%3AT%3D1704198640%3ART%3D1715961914%3AS%3DALNI_MaFrIPuhRVihFLFNIoqCCF0nhWK5g&amp;gpic=UID%3D000009facd65c44e%3AT%3D1692271407%3ART%3D1715961914%3AS%3DALNI_MZ0pGfKCAQPlBvqqUB4blQH1-CLbg&amp;eo_id_str=ID%3D1826b25d1a4d499f%3AT%3D1708446896%3ART%3D1715961914%3AS%3DAA-Afja20nFLkOr5wUUO7l9ILtK_&amp;prev_fmts=0x0%2C356x280&amp;nras=3&amp;correlator=4060159324019&amp;frm=20&amp;pv=1&amp;ga_vid=1155168741.1634674297&amp;ga_sid=1715962208&amp;ga_hid=2075018979&amp;ga_fc=1&amp;u_tz=-300&amp;u_his=5&amp;u_h=768&amp;u_w=1366&amp;u_ah=728&amp;u_aw=1366&amp;u_cd=24&amp;u_sd=1&amp;dmc=8&amp;adx=129&amp;ady=1049&amp;biw=1349&amp;bih=607&amp;scr_x=0&amp;scr_y=0&amp;eid=44759875%2C44759926%2C44759837%2C95332939%2C95331832%2C95331982%2C31083688%2C95331711%2C95332415%2C31078663%2C31078665%2C31078668%2C31078670&amp;oid=2&amp;pvsid=1658826065381703&amp;tmod=2121070121&amp;uas=0&amp;nvt=1&amp;ref=https%3A%2F%2Fwww.eltelegrafo.com.ec%2F&amp;fc=1408&amp;brdim=0%2C0%2C0%2C0%2C1366%2C0%2C1366%2C728%2C1366%2C607&amp;vis=1&amp;rsz=%7C%7Cs%7C&amp;abl=NS&amp;fu=128&amp;bc=31&amp;bz=1&amp;td=1&amp;psd=W251bGwsbnVsbCwibGFiZWxfb25seV81IiwxXQ..&amp;nt=1&amp;ifi=3&amp;uci=a!3&amp;btvi=2&amp;fsb=1&amp;dtd=201\" name=\"aswift_2\" width=\"736\" height=\"0\" frameborder=\"0\" marginwidth=\"0\" marginheight=\"0\" scrolling=\"no\" sandbox=\"allow-forms allow-popups allow-popups-to-escape-sandbox allow-same-origin allow-scripts allow-top-navigation-by-user-activation\" data-google-container-id=\"a!3\" aria-label=\"Advertisement\" data-google-query-id=\"CLLN0a-JlYYDFV8DTwgd-_oIAA\" data-load-complete=\"true\" data-mce-fragment=\"1\"><\/iframe><\/div>\n<p><\/ins><\/div>\n<p>En este espacio, Noboa dialog\u00f3 con Miguel \u00c1ngel Oliver, director de Informaci\u00f3n de la Agencia EFE, acerca de los primeros seis meses de su gobierno y los retos que asumir\u00e1 en esta segunda etapa en beneficio de los ecuatorianos.<\/p>\n<p><strong>Situaci\u00f3n econ\u00f3mica:<\/strong>\u00a0El Jefe de Estado explic\u00f3 que en noviembre del a\u00f1o pasado recibi\u00f3 un pa\u00eds con USD 4.600 millones en atrasos para pagos, crisis energ\u00e9tica y altos niveles de violencia. Por esta raz\u00f3n, se enfoc\u00f3 inmediatamente en ordenar las finanzas y recuperar la seguridad del pa\u00eds. Durante este per\u00edodo se lograron aprobar cinco leyes econ\u00f3micas con mayor\u00eda absoluta en el Legislativo, se redujo el riesgo pa\u00eds y se crearon 105.000 nuevos empleos para j\u00f3venes.<\/p>\n<p>El presidente Noboa se\u00f1al\u00f3 que \u00ablos recursos de los acuerdos internacionales ser\u00e1n invertidos en obras, inversi\u00f3n, salud y educaci\u00f3n\u00bb. Adem\u00e1s, asegur\u00f3 que en el nuevo acuerdo con el Fondo Monetario Internacional (FMI), \u00abno existen precondicionamientos desde el organismo, ya que se priorizaron las necesidades de los ecuatorianos\u00bb.<\/p>\n<p><strong>Lucha contra el narcoterrorismo:<\/strong>\u00a0El Mandatario mencion\u00f3 que con la ejecuci\u00f3n del Plan F\u00e9nix se logr\u00f3 reducir los altos \u00edndices de violencia, como evidencia. Tambi\u00e9n se ejecutaron \u00abmedidas inc\u00f3modas con decisi\u00f3n pol\u00edtica\u00bb dentro del sistema carcelario, colaborando con la Polic\u00eda Nacional e incluso con contratistas del Estado vinculados al crimen organizado. El Presidente anunci\u00f3 que el gobierno est\u00e1 finalizando los procedimientos legales para iniciar la construcci\u00f3n del primer centro penitenciario en Santa Elena, lo cual comenzar\u00eda en las pr\u00f3ximas semanas.<\/p>\n<p><strong>Lucha contra el crimen transnacional:<\/strong>\u00a0El Jefe de Estado se\u00f1al\u00f3 que Ecuador es utilizado por las mafias para transportar drogas hacia puertos norteamericanos o europeos. En ese sentido, indic\u00f3 la importancia de unir esfuerzos y cooperaci\u00f3n para proteger las fronteras y puertos ecuatorianos, as\u00ed como evitar que personas vinculadas al narcoterrorismo sean proveedores del Estado. Adem\u00e1s, resalt\u00f3 que la Polic\u00eda Nacional ejecuta operativos para capturar a los m\u00e1s buscados con resultados positivos.<\/p>\n<div class=\"google-auto-placed ap_container\"><ins class=\"adsbygoogle adsbygoogle-noablate\" data-ad-format=\"auto\" data-ad-client=\"ca-pub-4257119852434871\" data-adsbygoogle-status=\"done\" data-ad-status=\"unfilled\"><\/p>\n<div id=\"aswift_4_host\"><iframe id=\"aswift_4\" tabindex=\"0\" title=\"Advertisement\" src=\"https:\/\/googleads.g.doubleclick.net\/pagead\/ads?gdpr=0&amp;client=ca-pub-4257119852434871&amp;output=html&amp;h=280&amp;adk=1232257761&amp;adf=1448992288&amp;w=736&amp;abgtt=6&amp;fwrn=4&amp;fwrnh=100&amp;lmt=1715962208&amp;num_ads=1&amp;rafmt=1&amp;armr=3&amp;sem=mc&amp;pwprc=2102549152&amp;ad_type=text_image&amp;format=736x280&amp;url=https%3A%2F%2Fwww.eltelegrafo.com.ec%2Fnoticias%2Fnacionales%2F44%2Fnoboa-sobre-abad-irse-contra-propio-gobierno-desleal-correcto&amp;fwr=0&amp;pra=3&amp;rh=184&amp;rw=736&amp;rpe=1&amp;resp_fmts=3&amp;wgl=1&amp;fa=27&amp;uach=WyJXaW5kb3dzIiwiMTAuMC4wIiwieDg2IiwiIiwiMTI0LjAuNjM2Ny4yMDciLG51bGwsMCxudWxsLCI2NCIsW1siQ2hyb21pdW0iLCIxMjQuMC42MzY3LjIwNyJdLFsiR29vZ2xlIENocm9tZSIsIjEyNC4wLjYzNjcuMjA3Il0sWyJOb3QtQS5CcmFuZCIsIjk5LjAuMC4wIl1dLDBd&amp;dt=1715962208354&amp;bpp=2&amp;bdt=1066&amp;idt=2&amp;shv=r20240515&amp;mjsv=m202405130101&amp;ptt=9&amp;saldr=aa&amp;abxe=1&amp;cookie=ID%3Dc675d65f6010cfd6%3AT%3D1704198640%3ART%3D1715961914%3AS%3DALNI_MaFrIPuhRVihFLFNIoqCCF0nhWK5g&amp;gpic=UID%3D000009facd65c44e%3AT%3D1692271407%3ART%3D1715961914%3AS%3DALNI_MZ0pGfKCAQPlBvqqUB4blQH1-CLbg&amp;eo_id_str=ID%3D1826b25d1a4d499f%3AT%3D1708446896%3ART%3D1715961914%3AS%3DAA-Afja20nFLkOr5wUUO7l9ILtK_&amp;prev_fmts=0x0%2C356x280%2C736x280%2C356x280&amp;nras=5&amp;correlator=4060159324019&amp;frm=20&amp;pv=1&amp;ga_vid=1155168741.1634674297&amp;ga_sid=1715962208&amp;ga_hid=2075018979&amp;ga_fc=1&amp;u_tz=-300&amp;u_his=5&amp;u_h=768&amp;u_w=1366&amp;u_ah=728&amp;u_aw=1366&amp;u_cd=24&amp;u_sd=1&amp;dmc=8&amp;adx=129&amp;ady=1997&amp;biw=1349&amp;bih=607&amp;scr_x=0&amp;scr_y=0&amp;eid=44759875%2C44759926%2C44759837%2C95332939%2C95331832%2C95331982%2C31083688%2C95331711%2C95332415%2C31078663%2C31078665%2C31078668%2C31078670&amp;oid=2&amp;pvsid=1658826065381703&amp;tmod=2121070121&amp;uas=0&amp;nvt=1&amp;ref=https%3A%2F%2Fwww.eltelegrafo.com.ec%2F&amp;fc=1408&amp;brdim=0%2C0%2C0%2C0%2C1366%2C0%2C1366%2C728%2C1366%2C607&amp;vis=1&amp;rsz=%7C%7Cs%7C&amp;abl=NS&amp;fu=128&amp;bc=31&amp;bz=1&amp;td=1&amp;psd=W251bGwsbnVsbCwibGFiZWxfb25seV81IiwxXQ..&amp;nt=1&amp;ifi=5&amp;uci=a!5&amp;btvi=4&amp;fsb=1&amp;dtd=216\" name=\"aswift_4\" width=\"736\" height=\"0\" frameborder=\"0\" marginwidth=\"0\" marginheight=\"0\" scrolling=\"no\" sandbox=\"allow-forms allow-popups allow-popups-to-escape-sandbox allow-same-origin allow-scripts allow-top-navigation-by-user-activation\" data-google-container-id=\"a!5\" aria-label=\"Advertisement\" data-google-query-id=\"CLeB0q-JlYYDFZWO0QQdP_MPTQ\" data-load-complete=\"true\" data-mce-fragment=\"1\"><\/iframe><\/div>\n<p><\/ins><\/div>\n<p><strong>Relaciones diplom\u00e1ticas con M\u00e9xico:<\/strong>\u00a0El presidente Noboa insisti\u00f3 en que Ecuador \u00abest\u00e1 abierto para arreglar las diferencias con M\u00e9xico, siempre y cuando se respeten los principios de no intervenci\u00f3n y no inmiscuirse en temas judiciales de cada pa\u00eds\u00bb. Record\u00f3 que Jorge Glas fue condenado y sentenciado por la justicia ecuatoriana, por lo que ser\u00eda un \u00abp\u00e9simo precedente para Ecuador ponerlo a disposici\u00f3n de M\u00e9xico para un asilo\u00bb. Expres\u00f3 que el pa\u00eds defender\u00e1 esta situaci\u00f3n en instancias internacionales y destac\u00f3 que tras la decisi\u00f3n del gobierno de recapturar a Jorge Glas, el apoyo internacional se ha incrementado, con muestras de solidaridad desde Estados Unidos y Europa. Adem\u00e1s, Ecuador liderar\u00e1 la Secretar\u00eda Antiterrorismo en la Organizaci\u00f3n de Estados Americanos (OEA).<\/p>\n<p><strong>La situaci\u00f3n con la Vicepresidenta:<\/strong>\u00a0El presidente Noboa se refiri\u00f3 finalmente a las \u00faltimas declaraciones de la Vicepresidenta de la Naci\u00f3n, Ver\u00f3nica Abad: \u00abNo estoy de acuerdo, en casi nada, con el comportamiento de la vicepresidenta en los \u00faltimos meses. Irse en contra de su propio gobierno es desleal y no es correcto\u00bb, asegur\u00f3.<\/p>\n<p><strong>Fuente: El Tel\u00e9grafo.<\/strong><\/p>\n","protected":false},"excerpt":{"rendered":"<p>El tema\u00a0econ\u00f3mico, de seguridad, empleo, lucha contra el narcotr\u00e1fico\u00a0y otros fueron abordados este 17 de mayo de 2024 por el presidente de la Rep\u00fablica,\u00a0Daniel Noboa,\u00a0en Tribuna EFE desde la Casa de Am\u00e9rica en Madrid, Espa\u00f1a. En este espacio, Noboa dialog\u00f3 con Miguel \u00c1ngel Oliver, director de Informaci\u00f3n de la Agencia EFE, acerca de los primeros seis meses de su gobierno y los retos que asumir\u00e1 en esta segunda etapa en beneficio de los ecuatorianos. Situaci\u00f3n econ\u00f3mica:\u00a0El Jefe de Estado explic\u00f3 que en noviembre del a\u00f1o pasado recibi\u00f3 un pa\u00eds con USD 4.600 millones en atrasos para pagos, crisis energ\u00e9tica y altos niveles de violencia. Por esta raz\u00f3n, se enfoc\u00f3 inmediatamente en ordenar las finanzas y recuperar la seguridad del pa\u00eds. Durante este per\u00edodo se lograron aprobar cinco leyes econ\u00f3micas con mayor\u00eda absoluta en el Legislativo, se redujo el riesgo pa\u00eds y se crearon 105.000 nuevos empleos para j\u00f3venes. El presidente Noboa se\u00f1al\u00f3 que \u00ablos recursos de los acuerdos internacionales ser\u00e1n invertidos en obras, inversi\u00f3n, salud y educaci\u00f3n\u00bb. Adem\u00e1s, asegur\u00f3 que en el nuevo acuerdo con el Fondo Monetario Internacional (FMI), \u00abno existen precondicionamientos desde el organismo, ya que se priorizaron las necesidades de los ecuatorianos\u00bb. Lucha contra el narcoterrorismo:\u00a0El Mandatario mencion\u00f3 que con la ejecuci\u00f3n del Plan F\u00e9nix se logr\u00f3 reducir los altos \u00edndices de violencia, como evidencia. Tambi\u00e9n se ejecutaron \u00abmedidas inc\u00f3modas con decisi\u00f3n pol\u00edtica\u00bb dentro del sistema carcelario, colaborando con la Polic\u00eda Nacional e incluso con contratistas del Estado vinculados al crimen organizado. El Presidente anunci\u00f3 que el gobierno est\u00e1 finalizando los procedimientos legales para iniciar la construcci\u00f3n del primer centro penitenciario en Santa Elena, lo cual comenzar\u00eda en las pr\u00f3ximas semanas. Lucha contra el crimen transnacional:\u00a0El Jefe de Estado se\u00f1al\u00f3 que Ecuador es utilizado por las mafias para transportar drogas hacia puertos norteamericanos o europeos. En ese sentido, indic\u00f3 la importancia de unir esfuerzos y cooperaci\u00f3n para proteger las fronteras y puertos ecuatorianos, as\u00ed como evitar que personas vinculadas al narcoterrorismo sean proveedores del Estado. Adem\u00e1s, resalt\u00f3 que la Polic\u00eda Nacional ejecuta operativos para capturar a los m\u00e1s buscados con resultados positivos. Relaciones diplom\u00e1ticas con M\u00e9xico:\u00a0El presidente Noboa insisti\u00f3 en que Ecuador \u00abest\u00e1 abierto para arreglar las diferencias con M\u00e9xico, siempre y cuando se respeten los principios de no intervenci\u00f3n y no inmiscuirse en temas judiciales de cada pa\u00eds\u00bb. Record\u00f3 que Jorge Glas fue condenado y sentenciado por la justicia ecuatoriana, por lo que ser\u00eda un \u00abp\u00e9simo precedente para Ecuador ponerlo a disposici\u00f3n de M\u00e9xico para un asilo\u00bb. Expres\u00f3 que el pa\u00eds defender\u00e1 esta situaci\u00f3n en instancias internacionales y destac\u00f3 que tras la decisi\u00f3n del gobierno de recapturar a Jorge Glas, el apoyo internacional se ha incrementado, con muestras de solidaridad desde Estados Unidos y Europa. Adem\u00e1s, Ecuador liderar\u00e1 la Secretar\u00eda Antiterrorismo en la Organizaci\u00f3n de Estados Americanos (OEA). La situaci\u00f3n con la Vicepresidenta:\u00a0El presidente Noboa se refiri\u00f3 finalmente a las \u00faltimas declaraciones de la Vicepresidenta de la Naci\u00f3n, Ver\u00f3nica Abad: \u00abNo estoy de acuerdo, en casi nada, con el comportamiento de la vicepresidenta en los \u00faltimos meses. Irse en contra de su propio gobierno es desleal y no es correcto\u00bb, asegur\u00f3. Fuente: El Tel\u00e9grafo.<\/p>\n","protected":false},"author":1,"featured_media":16233,"comment_status":"open","ping_status":"open","sticky":false,"template":"","format":"standard","meta":{"footnotes":""},"categories":[268],"tags":[],"class_list":["post-16230","post","type-post","status-publish","format-standard","has-post-thumbnail","hentry","category-nacionales"],"_links":{"self":[{"href":"https:\/\/www.elamazonico.com\/portal\/wp-json\/wp\/v2\/posts\/16230","targetHints":{"allow":["GET"]}}],"collection":[{"href":"https:\/\/www.elamazonico.com\/portal\/wp-json\/wp\/v2\/posts"}],"about":[{"href":"https:\/\/www.elamazonico.com\/portal\/wp-json\/wp\/v2\/types\/post"}],"author":[{"embeddable":true,"href":"https:\/\/www.elamazonico.com\/portal\/wp-json\/wp\/v2\/users\/1"}],"replies":[{"embeddable":true,"href":"https:\/\/www.elamazonico.com\/portal\/wp-json\/wp\/v2\/comments?post=16230"}],"version-history":[{"count":1,"href":"https:\/\/www.elamazonico.com\/portal\/wp-json\/wp\/v2\/posts\/16230\/revisions"}],"predecessor-version":[{"id":16234,"href":"https:\/\/www.elamazonico.com\/portal\/wp-json\/wp\/v2\/posts\/16230\/revisions\/16234"}],"wp:featuredmedia":[{"embeddable":true,"href":"https:\/\/www.elamazonico.com\/portal\/wp-json\/wp\/v2\/media\/16233"}],"wp:attachment":[{"href":"https:\/\/www.elamazonico.com\/portal\/wp-json\/wp\/v2\/media?parent=16230"}],"wp:term":[{"taxonomy":"category","embeddable":true,"href":"https:\/\/www.elamazonico.com\/portal\/wp-json\/wp\/v2\/categories?post=16230"},{"taxonomy":"post_tag","embeddable":true,"href":"https:\/\/www.elamazonico.com\/portal\/wp-json\/wp\/v2\/tags?post=16230"}],"curies":[{"name":"wp","href":"https:\/\/api.w.org\/{rel}","templated":true}]}}