{"id":16225,"date":"2024-05-17T11:18:06","date_gmt":"2024-05-17T16:18:06","guid":{"rendered":"https:\/\/www.elamazonico.com\/portal\/?p=16225"},"modified":"2024-05-17T11:18:06","modified_gmt":"2024-05-17T16:18:06","slug":"los-tramites-de-juicio-politico-de-la-fiscal-diana-salazar-quedan-suspendidos","status":"publish","type":"post","link":"https:\/\/www.elamazonico.com\/portal\/los-tramites-de-juicio-politico-de-la-fiscal-diana-salazar-quedan-suspendidos\/","title":{"rendered":"Los tr\u00e1mites de juicio pol\u00edtico de la fiscal Diana Salazar quedan suspendidos"},"content":{"rendered":"<p>Esta decisi\u00f3n se adopt\u00f3 durante la sesi\u00f3n N\u00b0 0036 del CAL de la\u00a0<strong>Asamblea Nacional<\/strong>\u00a0de este viernes 17 de mayo del 2024. El cuarto vocal del CAL, Jorge Acaiturri,\u00a0<strong>mocion\u00f3\u00a0<\/strong>para que el Consejo de Administraci\u00f3n Legislativa \u00absuspenda la tramitaci\u00f3n y sustanciaci\u00f3n de los juicios pol\u00edticos en contra de la Fiscal General del Estado, Diana Salazar\u00bb.<\/p>\n<p>La moci\u00f3n de Acaiturri fue aprobada con<strong>\u00a05 de 7 votos a favor<\/strong>. Seg\u00fan la Asamblea se demostr\u00f3 \u00ab<strong>la existencia de un embarazo de alto riesgo<\/strong>\u00ab.<\/p>\n<blockquote class=\"twitter-tweet\" data-width=\"550\" data-dnt=\"true\">\n<p lang=\"es\" dir=\"ltr\">El presidente del Parlamento Nacional, <a href=\"https:\/\/twitter.com\/HenryKronfle?ref_src=twsrc%5Etfw\">@HenryKronfle<\/a>, solicita que, a trav\u00e9s de la Secretar\u00eda General, se proceda con la lectura del oficio remitido por parte de la <a href=\"https:\/\/twitter.com\/FiscaliaEcuador?ref_src=twsrc%5Etfw\">@FiscaliaEcuador<\/a>, en el cual se solicita que se disponga la suspensi\u00f3n de la tramitaci\u00f3n y sustanciaci\u00f3n del juicio\u2026<\/p>\n<p>&mdash; Asamblea Nacional (@AsambleaEcuador) <a href=\"https:\/\/twitter.com\/AsambleaEcuador\/status\/1791473625192636825?ref_src=twsrc%5Etfw\">May 17, 2024<\/a><\/p><\/blockquote>\n<p><script async src=\"https:\/\/platform.twitter.com\/widgets.js\" charset=\"utf-8\"><\/script><\/p>\n<div>\n<p>Ese mismo asamble\u00edsta fue quien solicit\u00f3 un\u00a0<strong>cambio del orden del d\u00eda<\/strong>\u00a0en la sesi\u00f3n, el cual fue aprobado con cinco votos a favor. Por eso, se pudo resolver el pedido de suspensi\u00f3n de juicios pol\u00edticos hecho por la Fiscal General.<\/p>\n<p>El anuncio de su estado de gestaci\u00f3n se dio a conocer el jueves 16 de mayo del 2024, en un video de 2:29 minutos. \u00ab<strong>Mi condici\u00f3n cambia las reglas del juego<\/strong>\u00ab, dijo la titular de la Fiscal\u00eda respecto al juicio pol\u00edtico impulsado por asamble\u00edstas afines al corre\u00edsmo.<\/p>\n<p>M\u00e1s adelante pidi\u00f3 al Legislativo que \u00ab<strong>se garantice y respete mi derecho constitucional a tener un embarazo en paz<\/strong>\u00a0y que este llegue a t\u00e9rmino sin m\u00e1s estr\u00e9s del que ya significa llevar a cabo mis responsabilidades\u00bb.<\/p>\n<p>Paralelamente el presidente de la Asamblea,<strong>\u00a0Henry Kronfle<\/strong>, anunci\u00f3 que elev\u00f3 a la\u00a0<strong>Procuradur\u00eda\u00a0<\/strong>la consulta respecto a la posibilidad de\u00a0<strong>supender\u00a0<\/strong>el tr\u00e1mite del juicio por la condici\u00f3n actual de la Fiscal.<\/p>\n<p>De acuerdo con Kronfle, se trata de un embarazo de alto riesgo por lo que el\u00a0<strong>Procurador General del Estado<\/strong>\u00a0respondi\u00f3 afirmativamente. \u00abQuiero asegurarles que estamos actuando con absoluta\u00a0<strong>responsabilidad y transparencia\u00a0<\/strong>en todo momento\u00bb, se\u00f1al\u00f3 el Presidente del Legislativo.<\/p>\n<p>El informe del Procurador dijo que \u00ab<strong>es procedente\u00a0<\/strong>suspender la sustanciaci\u00f3n y tratamiento del juicio pol\u00edtico a fin de\u00a0<strong>proteger los derechos<\/strong> de la persona\u00bb. <strong>Fuente: Teleamazonas<\/strong><\/p>\n<p>&nbsp;<\/p>\n<\/div>\n","protected":false},"excerpt":{"rendered":"<p>Esta decisi\u00f3n se adopt\u00f3 durante la sesi\u00f3n N\u00b0 0036 del CAL de la\u00a0Asamblea Nacional\u00a0de este viernes 17 de mayo del 2024. El cuarto vocal del CAL, Jorge Acaiturri,\u00a0mocion\u00f3\u00a0para que el Consejo de Administraci\u00f3n Legislativa \u00absuspenda la tramitaci\u00f3n y sustanciaci\u00f3n de los juicios pol\u00edticos en contra de la Fiscal General del Estado, Diana Salazar\u00bb. La moci\u00f3n de Acaiturri fue aprobada con\u00a05 de 7 votos a favor. Seg\u00fan la Asamblea se demostr\u00f3 \u00abla existencia de un embarazo de alto riesgo\u00ab. El presidente del Parlamento Nacional, @HenryKronfle, solicita que, a trav\u00e9s de la Secretar\u00eda General, se proceda con la lectura del oficio remitido por parte de la @FiscaliaEcuador, en el cual se solicita que se disponga la suspensi\u00f3n de la tramitaci\u00f3n y sustanciaci\u00f3n del juicio\u2026 &mdash; Asamblea Nacional (@AsambleaEcuador) May 17, 2024 Ese mismo asamble\u00edsta fue quien solicit\u00f3 un\u00a0cambio del orden del d\u00eda\u00a0en la sesi\u00f3n, el cual fue aprobado con cinco votos a favor. Por eso, se pudo resolver el pedido de suspensi\u00f3n de juicios pol\u00edticos hecho por la Fiscal General. El anuncio de su estado de gestaci\u00f3n se dio a conocer el jueves 16 de mayo del 2024, en un video de 2:29 minutos. \u00abMi condici\u00f3n cambia las reglas del juego\u00ab, dijo la titular de la Fiscal\u00eda respecto al juicio pol\u00edtico impulsado por asamble\u00edstas afines al corre\u00edsmo. M\u00e1s adelante pidi\u00f3 al Legislativo que \u00abse garantice y respete mi derecho constitucional a tener un embarazo en paz\u00a0y que este llegue a t\u00e9rmino sin m\u00e1s estr\u00e9s del que ya significa llevar a cabo mis responsabilidades\u00bb. Paralelamente el presidente de la Asamblea,\u00a0Henry Kronfle, anunci\u00f3 que elev\u00f3 a la\u00a0Procuradur\u00eda\u00a0la consulta respecto a la posibilidad de\u00a0supender\u00a0el tr\u00e1mite del juicio por la condici\u00f3n actual de la Fiscal. De acuerdo con Kronfle, se trata de un embarazo de alto riesgo por lo que el\u00a0Procurador General del Estado\u00a0respondi\u00f3 afirmativamente. \u00abQuiero asegurarles que estamos actuando con absoluta\u00a0responsabilidad y transparencia\u00a0en todo momento\u00bb, se\u00f1al\u00f3 el Presidente del Legislativo. El informe del Procurador dijo que \u00abes procedente\u00a0suspender la sustanciaci\u00f3n y tratamiento del juicio pol\u00edtico a fin de\u00a0proteger los derechos de la persona\u00bb. Fuente: Teleamazonas &nbsp;<\/p>\n","protected":false},"author":1,"featured_media":16231,"comment_status":"open","ping_status":"open","sticky":false,"template":"","format":"standard","meta":{"footnotes":""},"categories":[268],"tags":[],"class_list":["post-16225","post","type-post","status-publish","format-standard","has-post-thumbnail","hentry","category-nacionales"],"_links":{"self":[{"href":"https:\/\/www.elamazonico.com\/portal\/wp-json\/wp\/v2\/posts\/16225","targetHints":{"allow":["GET"]}}],"collection":[{"href":"https:\/\/www.elamazonico.com\/portal\/wp-json\/wp\/v2\/posts"}],"about":[{"href":"https:\/\/www.elamazonico.com\/portal\/wp-json\/wp\/v2\/types\/post"}],"author":[{"embeddable":true,"href":"https:\/\/www.elamazonico.com\/portal\/wp-json\/wp\/v2\/users\/1"}],"replies":[{"embeddable":true,"href":"https:\/\/www.elamazonico.com\/portal\/wp-json\/wp\/v2\/comments?post=16225"}],"version-history":[{"count":1,"href":"https:\/\/www.elamazonico.com\/portal\/wp-json\/wp\/v2\/posts\/16225\/revisions"}],"predecessor-version":[{"id":16232,"href":"https:\/\/www.elamazonico.com\/portal\/wp-json\/wp\/v2\/posts\/16225\/revisions\/16232"}],"wp:featuredmedia":[{"embeddable":true,"href":"https:\/\/www.elamazonico.com\/portal\/wp-json\/wp\/v2\/media\/16231"}],"wp:attachment":[{"href":"https:\/\/www.elamazonico.com\/portal\/wp-json\/wp\/v2\/media?parent=16225"}],"wp:term":[{"taxonomy":"category","embeddable":true,"href":"https:\/\/www.elamazonico.com\/portal\/wp-json\/wp\/v2\/categories?post=16225"},{"taxonomy":"post_tag","embeddable":true,"href":"https:\/\/www.elamazonico.com\/portal\/wp-json\/wp\/v2\/tags?post=16225"}],"curies":[{"name":"wp","href":"https:\/\/api.w.org\/{rel}","templated":true}]}}