{"id":16223,"date":"2024-05-17T10:37:06","date_gmt":"2024-05-17T15:37:06","guid":{"rendered":"https:\/\/www.elamazonico.comportal\/?p=16223"},"modified":"2024-05-17T10:37:06","modified_gmt":"2024-05-17T15:37:06","slug":"sobrevivio-un-hombre-fue-enterrado-vivo-en-moldavia","status":"publish","type":"post","link":"https:\/\/www.elamazonico.com\/portal\/sobrevivio-un-hombre-fue-enterrado-vivo-en-moldavia\/","title":{"rendered":"\u00a1Sobrevivi\u00f3! Un hombre fue enterrado vivo en Moldavia"},"content":{"rendered":"<p>Durante cuatro d\u00edas, un<strong>\u00a0adulto mayor<\/strong>, de 62 a\u00f1os, permaneci\u00f3 bajo tierra en una localidad de\u00a0<strong>Moldavia,\u00a0<\/strong>en<strong>\u00a0Europa<\/strong>. \u00c9l fue enterrado vivo por un joven, de 18 a\u00f1os, quien presuntamente atac\u00f3 a \u00e9l y a una mujer de 74 a\u00f1os.<\/p>\n<div class=\"google-auto-placed ap_container\"><ins class=\"adsbygoogle adsbygoogle-noablate\" data-ad-format=\"auto\" data-ad-client=\"ca-pub-4257119852434871\" data-adsbygoogle-status=\"done\" data-ad-status=\"unfilled\"><\/p>\n<div id=\"aswift_3_host\"><iframe id=\"aswift_3\" tabindex=\"0\" title=\"Advertisement\" src=\"https:\/\/googleads.g.doubleclick.net\/pagead\/ads?gdpr=0&amp;client=ca-pub-4257119852434871&amp;output=html&amp;h=280&amp;adk=1232257761&amp;adf=3290523148&amp;w=736&amp;abgtt=6&amp;fwrn=4&amp;fwrnh=100&amp;lmt=1715959531&amp;num_ads=1&amp;rafmt=1&amp;armr=3&amp;sem=mc&amp;pwprc=2102549152&amp;ad_type=text_image&amp;format=736x280&amp;url=https%3A%2F%2Fwww.eltelegrafo.com.ec%2Fnoticias%2Finternacionales%2F8%2Fsobrevivio-hombre-enterrado-vivo-moldavia&amp;fwr=0&amp;pra=3&amp;rh=184&amp;rw=736&amp;rpe=1&amp;resp_fmts=3&amp;wgl=1&amp;fa=27&amp;uach=WyJXaW5kb3dzIiwiMTAuMC4wIiwieDg2IiwiIiwiMTI0LjAuNjM2Ny4yMDciLG51bGwsMCxudWxsLCI2NCIsW1siQ2hyb21pdW0iLCIxMjQuMC42MzY3LjIwNyJdLFsiR29vZ2xlIENocm9tZSIsIjEyNC4wLjYzNjcuMjA3Il0sWyJOb3QtQS5CcmFuZCIsIjk5LjAuMC4wIl1dLDBd&amp;dt=1715959530912&amp;bpp=1&amp;bdt=1191&amp;idt=-M&amp;shv=r20240515&amp;mjsv=m202405150101&amp;ptt=9&amp;saldr=aa&amp;abxe=1&amp;cookie=ID%3Dc675d65f6010cfd6%3AT%3D1704198640%3ART%3D1715959440%3AS%3DALNI_MaFrIPuhRVihFLFNIoqCCF0nhWK5g&amp;gpic=UID%3D000009facd65c44e%3AT%3D1692271407%3ART%3D1715959440%3AS%3DALNI_MZ0pGfKCAQPlBvqqUB4blQH1-CLbg&amp;eo_id_str=ID%3D1826b25d1a4d499f%3AT%3D1708446896%3ART%3D1715959440%3AS%3DAA-Afja20nFLkOr5wUUO7l9ILtK_&amp;prev_fmts=0x0%2C1200x280%2C356x280&amp;nras=4&amp;correlator=1179549457058&amp;frm=20&amp;pv=1&amp;ga_vid=1155168741.1634674297&amp;ga_sid=1715959531&amp;ga_hid=369923203&amp;ga_fc=1&amp;u_tz=-300&amp;u_his=3&amp;u_h=768&amp;u_w=1366&amp;u_ah=728&amp;u_aw=1366&amp;u_cd=24&amp;u_sd=1&amp;dmc=8&amp;adx=129&amp;ady=1327&amp;biw=1349&amp;bih=607&amp;scr_x=0&amp;scr_y=0&amp;eid=44759876%2C44759927%2C44759837%2C42531706%2C44795921%2C95331982%2C31083816%2C95331711%2C95332415%2C31078663%2C31078665%2C31078668%2C31078670&amp;oid=2&amp;pvsid=1495748495757826&amp;tmod=439152694&amp;uas=0&amp;nvt=1&amp;ref=https%3A%2F%2Fwww.eltelegrafo.com.ec%2F&amp;fc=1408&amp;brdim=0%2C0%2C0%2C0%2C1366%2C0%2C1366%2C728%2C1366%2C607&amp;vis=1&amp;rsz=%7C%7Cs%7C&amp;abl=NS&amp;fu=128&amp;bc=31&amp;bz=1&amp;td=1&amp;psd=W251bGwsbnVsbCwibGFiZWxfb25seV81IiwxXQ..&amp;nt=1&amp;ifi=4&amp;uci=a!4&amp;btvi=2&amp;fsb=1&amp;dtd=226\" name=\"aswift_3\" width=\"736\" height=\"0\" frameborder=\"0\" marginwidth=\"0\" marginheight=\"0\" scrolling=\"no\" sandbox=\"allow-forms allow-popups allow-popups-to-escape-sandbox allow-same-origin allow-scripts allow-top-navigation-by-user-activation\" data-google-container-id=\"a!4\" aria-label=\"Advertisement\" data-google-query-id=\"CJ6NwrL_lIYDFYYTswAdU70JhA\" data-load-complete=\"true\" data-mce-fragment=\"1\"><\/iframe><\/div>\n<p><\/ins><\/div>\n<p>En videos, publicados en la cuenta de X de UHN Plus se rese\u00f1a que el hombre fue atacado en una bodega. Posteriormente fue rescatado por la\u00a0<strong>Polic\u00eda<\/strong>.<\/p>\n<p>Los uniformados cavaron con palas y encontraron ropa. Luego de ello siguieron sacando la\u00a0<strong>tierra<\/strong>\u00a0y encontraron al\u00a0<strong>adulto mayor<\/strong>; a\u00fan estaba con vida.<\/p>\n<p>La Polic\u00eda arrest\u00f3 al joven y se enfrenta a la justicia por este y otros hechos.<\/p>\n<p><strong>Mira el video del rescate en Moldavia aqu\u00ed:\u00a0<\/strong><\/p>\n<div class=\"twitter-tweet twitter-tweet-rendered\"><iframe id=\"twitter-widget-0\" class=\"\" title=\"X Post\" src=\"https:\/\/platform.twitter.com\/embed\/Tweet.html?creatorScreenName=el_telegrafo&amp;dnt=false&amp;embedId=twitter-widget-0&amp;features=eyJ0ZndfdGltZWxpbmVfbGlzdCI6eyJidWNrZXQiOltdLCJ2ZXJzaW9uIjpudWxsfSwidGZ3X2ZvbGxvd2VyX2NvdW50X3N1bnNldCI6eyJidWNrZXQiOnRydWUsInZlcnNpb24iOm51bGx9LCJ0ZndfdHdlZXRfZWRpdF9iYWNrZW5kIjp7ImJ1Y2tldCI6Im9uIiwidmVyc2lvbiI6bnVsbH0sInRmd19yZWZzcmNfc2Vzc2lvbiI6eyJidWNrZXQiOiJvbiIsInZlcnNpb24iOm51bGx9LCJ0ZndfZm9zbnJfc29mdF9pbnRlcnZlbnRpb25zX2VuYWJsZWQiOnsiYnVja2V0Ijoib24iLCJ2ZXJzaW9uIjpudWxsfSwidGZ3X21peGVkX21lZGlhXzE1ODk3Ijp7ImJ1Y2tldCI6InRyZWF0bWVudCIsInZlcnNpb24iOm51bGx9LCJ0ZndfZXhwZXJpbWVudHNfY29va2llX2V4cGlyYXRpb24iOnsiYnVja2V0IjoxMjA5NjAwLCJ2ZXJzaW9uIjpudWxsfSwidGZ3X3Nob3dfYmlyZHdhdGNoX3Bpdm90c19lbmFibGVkIjp7ImJ1Y2tldCI6Im9uIiwidmVyc2lvbiI6bnVsbH0sInRmd19kdXBsaWNhdGVfc2NyaWJlc190b19zZXR0aW5ncyI6eyJidWNrZXQiOiJvbiIsInZlcnNpb24iOm51bGx9LCJ0ZndfdXNlX3Byb2ZpbGVfaW1hZ2Vfc2hhcGVfZW5hYmxlZCI6eyJidWNrZXQiOiJvbiIsInZlcnNpb24iOm51bGx9LCJ0ZndfdmlkZW9faGxzX2R5bmFtaWNfbWFuaWZlc3RzXzE1MDgyIjp7ImJ1Y2tldCI6InRydWVfYml0cmF0ZSIsInZlcnNpb24iOm51bGx9LCJ0ZndfbGVnYWN5X3RpbWVsaW5lX3N1bnNldCI6eyJidWNrZXQiOnRydWUsInZlcnNpb24iOm51bGx9LCJ0ZndfdHdlZXRfZWRpdF9mcm9udGVuZCI6eyJidWNrZXQiOiJvbiIsInZlcnNpb24iOm51bGx9fQ%3D%3D&amp;frame=false&amp;hideCard=false&amp;hideThread=false&amp;id=1791276443655131585&amp;lang=es&amp;origin=https%3A%2F%2Fwww.eltelegrafo.com.ec%2Finternacionales%2Finternacionales%2F8%2Fsobrevivio-hombre-enterrado-vivo-moldavia&amp;sessionId=ff3f065b610b379ebe9defc99bd34677779dba2e&amp;siteScreenName=el_telegrafo&amp;theme=light&amp;widgetsVersion=2615f7e52b7e0%3A1702314776716&amp;width=550px\" frameborder=\"0\" scrolling=\"no\" allowfullscreen=\"allowfullscreen\" data-tweet-id=\"1791276443655131585\" data-mce-fragment=\"1\"><\/iframe><\/div>\n<p>&nbsp;<\/p>\n<p><strong>Tambi\u00e9n te puede interesar:<\/strong><\/p>\n<div class=\"twitter-tweet twitter-tweet-rendered\"><iframe id=\"twitter-widget-1\" class=\"\" title=\"X Post\" src=\"https:\/\/platform.twitter.com\/embed\/Tweet.html?creatorScreenName=el_telegrafo&amp;dnt=false&amp;embedId=twitter-widget-1&amp;features=eyJ0ZndfdGltZWxpbmVfbGlzdCI6eyJidWNrZXQiOltdLCJ2ZXJzaW9uIjpudWxsfSwidGZ3X2ZvbGxvd2VyX2NvdW50X3N1bnNldCI6eyJidWNrZXQiOnRydWUsInZlcnNpb24iOm51bGx9LCJ0ZndfdHdlZXRfZWRpdF9iYWNrZW5kIjp7ImJ1Y2tldCI6Im9uIiwidmVyc2lvbiI6bnVsbH0sInRmd19yZWZzcmNfc2Vzc2lvbiI6eyJidWNrZXQiOiJvbiIsInZlcnNpb24iOm51bGx9LCJ0ZndfZm9zbnJfc29mdF9pbnRlcnZlbnRpb25zX2VuYWJsZWQiOnsiYnVja2V0Ijoib24iLCJ2ZXJzaW9uIjpudWxsfSwidGZ3X21peGVkX21lZGlhXzE1ODk3Ijp7ImJ1Y2tldCI6InRyZWF0bWVudCIsInZlcnNpb24iOm51bGx9LCJ0ZndfZXhwZXJpbWVudHNfY29va2llX2V4cGlyYXRpb24iOnsiYnVja2V0IjoxMjA5NjAwLCJ2ZXJzaW9uIjpudWxsfSwidGZ3X3Nob3dfYmlyZHdhdGNoX3Bpdm90c19lbmFibGVkIjp7ImJ1Y2tldCI6Im9uIiwidmVyc2lvbiI6bnVsbH0sInRmd19kdXBsaWNhdGVfc2NyaWJlc190b19zZXR0aW5ncyI6eyJidWNrZXQiOiJvbiIsInZlcnNpb24iOm51bGx9LCJ0ZndfdXNlX3Byb2ZpbGVfaW1hZ2Vfc2hhcGVfZW5hYmxlZCI6eyJidWNrZXQiOiJvbiIsInZlcnNpb24iOm51bGx9LCJ0ZndfdmlkZW9faGxzX2R5bmFtaWNfbWFuaWZlc3RzXzE1MDgyIjp7ImJ1Y2tldCI6InRydWVfYml0cmF0ZSIsInZlcnNpb24iOm51bGx9LCJ0ZndfbGVnYWN5X3RpbWVsaW5lX3N1bnNldCI6eyJidWNrZXQiOnRydWUsInZlcnNpb24iOm51bGx9LCJ0ZndfdHdlZXRfZWRpdF9mcm9udGVuZCI6eyJidWNrZXQiOiJvbiIsInZlcnNpb24iOm51bGx9fQ%3D%3D&amp;frame=false&amp;hideCard=false&amp;hideThread=false&amp;id=1791423418736447747&amp;lang=es&amp;origin=https%3A%2F%2Fwww.eltelegrafo.com.ec%2Finternacionales%2Finternacionales%2F8%2Fsobrevivio-hombre-enterrado-vivo-moldavia&amp;sessionId=ff3f065b610b379ebe9defc99bd34677779dba2e&amp;siteScreenName=el_telegrafo&amp;theme=light&amp;widgetsVersion=2615f7e52b7e0%3A1702314776716&amp;width=550px\" frameborder=\"0\" scrolling=\"no\" allowfullscreen=\"allowfullscreen\" data-tweet-id=\"1791423418736447747\" data-mce-fragment=\"1\"><\/iframe><\/div>\n<p>&nbsp;<\/p>\n<p><strong>M\u00e1s noticias internacionales<\/strong><\/p>\n<p>&nbsp;<\/p>\n<p><a href=\"https:\/\/www.eltelegrafo.com.ec\/index.php?option=com_k2&amp;view=item&amp;catid=13:internacionales&amp;id=399055:video-politico-aleman-beso-inodoros-estacion-tren&amp;spbid=8&amp;Itemid=403\" target=\"_blank\" rel=\"noopener noreferrer\">\u00a1Desagradable video! Pol\u00edtico alem\u00e1n bes\u00f3 inodoros en una estaci\u00f3n del tren<\/a><\/p>\n<div class=\"google-auto-placed ap_container\"><ins class=\"adsbygoogle adsbygoogle-noablate\" data-ad-format=\"auto\" data-ad-client=\"ca-pub-4257119852434871\" data-adsbygoogle-status=\"done\" data-ad-status=\"unfilled\"><\/p>\n<div id=\"aswift_4_host\"><iframe id=\"aswift_4\" tabindex=\"0\" title=\"Advertisement\" src=\"https:\/\/googleads.g.doubleclick.net\/pagead\/ads?gdpr=0&amp;client=ca-pub-4257119852434871&amp;output=html&amp;h=280&amp;adk=1232257761&amp;adf=1448992288&amp;w=736&amp;abgtt=6&amp;fwrn=4&amp;fwrnh=100&amp;lmt=1715959531&amp;num_ads=1&amp;rafmt=1&amp;armr=3&amp;sem=mc&amp;pwprc=2102549152&amp;ad_type=text_image&amp;format=736x280&amp;url=https%3A%2F%2Fwww.eltelegrafo.com.ec%2Fnoticias%2Finternacionales%2F8%2Fsobrevivio-hombre-enterrado-vivo-moldavia&amp;fwr=0&amp;pra=3&amp;rh=184&amp;rw=736&amp;rpe=1&amp;resp_fmts=3&amp;wgl=1&amp;fa=27&amp;uach=WyJXaW5kb3dzIiwiMTAuMC4wIiwieDg2IiwiIiwiMTI0LjAuNjM2Ny4yMDciLG51bGwsMCxudWxsLCI2NCIsW1siQ2hyb21pdW0iLCIxMjQuMC42MzY3LjIwNyJdLFsiR29vZ2xlIENocm9tZSIsIjEyNC4wLjYzNjcuMjA3Il0sWyJOb3QtQS5CcmFuZCIsIjk5LjAuMC4wIl1dLDBd&amp;dt=1715959530912&amp;bpp=1&amp;bdt=1192&amp;idt=2&amp;shv=r20240515&amp;mjsv=m202405150101&amp;ptt=9&amp;saldr=aa&amp;abxe=1&amp;cookie=ID%3Dc675d65f6010cfd6%3AT%3D1704198640%3ART%3D1715959440%3AS%3DALNI_MaFrIPuhRVihFLFNIoqCCF0nhWK5g&amp;gpic=UID%3D000009facd65c44e%3AT%3D1692271407%3ART%3D1715959440%3AS%3DALNI_MZ0pGfKCAQPlBvqqUB4blQH1-CLbg&amp;eo_id_str=ID%3D1826b25d1a4d499f%3AT%3D1708446896%3ART%3D1715959440%3AS%3DAA-Afja20nFLkOr5wUUO7l9ILtK_&amp;prev_fmts=0x0%2C1200x280%2C356x280%2C736x280&amp;nras=5&amp;correlator=1179549457058&amp;frm=20&amp;pv=1&amp;ga_vid=1155168741.1634674297&amp;ga_sid=1715959531&amp;ga_hid=369923203&amp;ga_fc=1&amp;u_tz=-300&amp;u_his=3&amp;u_h=768&amp;u_w=1366&amp;u_ah=728&amp;u_aw=1366&amp;u_cd=24&amp;u_sd=1&amp;dmc=8&amp;adx=129&amp;ady=2204&amp;biw=1349&amp;bih=607&amp;scr_x=0&amp;scr_y=0&amp;eid=44759876%2C44759927%2C44759837%2C42531706%2C44795921%2C95331982%2C31083816%2C95331711%2C95332415%2C31078663%2C31078665%2C31078668%2C31078670&amp;oid=2&amp;pvsid=1495748495757826&amp;tmod=439152694&amp;uas=0&amp;nvt=1&amp;ref=https%3A%2F%2Fwww.eltelegrafo.com.ec%2F&amp;fc=1408&amp;brdim=0%2C0%2C0%2C0%2C1366%2C0%2C1366%2C728%2C1366%2C607&amp;vis=1&amp;rsz=%7C%7Cs%7C&amp;abl=NS&amp;fu=128&amp;bc=31&amp;bz=1&amp;td=1&amp;psd=W251bGwsbnVsbCwibGFiZWxfb25seV81IiwxXQ..&amp;nt=1&amp;ifi=5&amp;uci=a!5&amp;btvi=3&amp;fsb=1&amp;dtd=235\" name=\"aswift_4\" width=\"736\" height=\"0\" frameborder=\"0\" marginwidth=\"0\" marginheight=\"0\" scrolling=\"no\" sandbox=\"allow-forms allow-popups allow-popups-to-escape-sandbox allow-same-origin allow-scripts allow-top-navigation-by-user-activation\" data-google-container-id=\"a!5\" aria-label=\"Advertisement\" data-google-query-id=\"CJuvwrL_lIYDFdbu4wcdMuMKGw\" data-load-complete=\"true\" data-mce-fragment=\"1\"><\/iframe><\/div>\n<p><\/ins><\/div>\n<p><a href=\"https:\/\/www.eltelegrafo.com.ec\/index.php?option=com_k2&amp;view=item&amp;catid=13:internacionales&amp;id=399049:eslovaquia-policia-imputo-intento-asesinato-juraj-cintula&amp;spbid=8&amp;Itemid=403\" target=\"_blank\" rel=\"noopener noreferrer\">Eslovaquia: La Polic\u00eda imput\u00f3 de intento de asesinato a Juraj Cintula<\/a><\/p>\n<p><a href=\"https:\/\/www.eltelegrafo.com.ec\/index.php?option=com_k2&amp;view=item&amp;catid=13:internacionales&amp;id=399033:argentina-cordoba-bebe-solo-calle&amp;spbid=8&amp;Itemid=403\" target=\"_blank\" rel=\"noopener noreferrer\">Argentina: Encuentran a un beb\u00e9 gateando solo en una calle de tierra<\/a><\/p>\n<p><strong>Fuente: El Tel\u00e9grafo.<\/strong><\/p>\n","protected":false},"excerpt":{"rendered":"<p>Durante cuatro d\u00edas, un\u00a0adulto mayor, de 62 a\u00f1os, permaneci\u00f3 bajo tierra en una localidad de\u00a0Moldavia,\u00a0en\u00a0Europa. \u00c9l fue enterrado vivo por un joven, de 18 a\u00f1os, quien presuntamente atac\u00f3 a \u00e9l y a una mujer de 74 a\u00f1os. En videos, publicados en la cuenta de X de UHN Plus se rese\u00f1a que el hombre fue atacado en una bodega. Posteriormente fue rescatado por la\u00a0Polic\u00eda. Los uniformados cavaron con palas y encontraron ropa. Luego de ello siguieron sacando la\u00a0tierra\u00a0y encontraron al\u00a0adulto mayor; a\u00fan estaba con vida. La Polic\u00eda arrest\u00f3 al joven y se enfrenta a la justicia por este y otros hechos. Mira el video del rescate en Moldavia aqu\u00ed:\u00a0 &nbsp; Tambi\u00e9n te puede interesar: &nbsp; M\u00e1s noticias internacionales &nbsp; \u00a1Desagradable video! Pol\u00edtico alem\u00e1n bes\u00f3 inodoros en una estaci\u00f3n del tren Eslovaquia: La Polic\u00eda imput\u00f3 de intento de asesinato a Juraj Cintula Argentina: Encuentran a un beb\u00e9 gateando solo en una calle de tierra Fuente: El Tel\u00e9grafo.<\/p>\n","protected":false},"author":1,"featured_media":16224,"comment_status":"open","ping_status":"open","sticky":false,"template":"","format":"standard","meta":{"footnotes":""},"categories":[5],"tags":[],"class_list":["post-16223","post","type-post","status-publish","format-standard","has-post-thumbnail","hentry","category-internacionales"],"_links":{"self":[{"href":"https:\/\/www.elamazonico.com\/portal\/wp-json\/wp\/v2\/posts\/16223","targetHints":{"allow":["GET"]}}],"collection":[{"href":"https:\/\/www.elamazonico.com\/portal\/wp-json\/wp\/v2\/posts"}],"about":[{"href":"https:\/\/www.elamazonico.com\/portal\/wp-json\/wp\/v2\/types\/post"}],"author":[{"embeddable":true,"href":"https:\/\/www.elamazonico.com\/portal\/wp-json\/wp\/v2\/users\/1"}],"replies":[{"embeddable":true,"href":"https:\/\/www.elamazonico.com\/portal\/wp-json\/wp\/v2\/comments?post=16223"}],"version-history":[{"count":1,"href":"https:\/\/www.elamazonico.com\/portal\/wp-json\/wp\/v2\/posts\/16223\/revisions"}],"predecessor-version":[{"id":16226,"href":"https:\/\/www.elamazonico.com\/portal\/wp-json\/wp\/v2\/posts\/16223\/revisions\/16226"}],"wp:featuredmedia":[{"embeddable":true,"href":"https:\/\/www.elamazonico.com\/portal\/wp-json\/wp\/v2\/media\/16224"}],"wp:attachment":[{"href":"https:\/\/www.elamazonico.com\/portal\/wp-json\/wp\/v2\/media?parent=16223"}],"wp:term":[{"taxonomy":"category","embeddable":true,"href":"https:\/\/www.elamazonico.com\/portal\/wp-json\/wp\/v2\/categories?post=16223"},{"taxonomy":"post_tag","embeddable":true,"href":"https:\/\/www.elamazonico.com\/portal\/wp-json\/wp\/v2\/tags?post=16223"}],"curies":[{"name":"wp","href":"https:\/\/api.w.org\/{rel}","templated":true}]}}