{"id":16213,"date":"2024-05-17T09:11:09","date_gmt":"2024-05-17T14:11:09","guid":{"rendered":"https:\/\/www.elamazonico.comportal\/?p=16213"},"modified":"2024-05-17T09:11:09","modified_gmt":"2024-05-17T14:11:09","slug":"se-extienden-las-clases-en-el-regimen-sierra-amazonia","status":"publish","type":"post","link":"https:\/\/www.elamazonico.com\/portal\/se-extienden-las-clases-en-el-regimen-sierra-amazonia\/","title":{"rendered":"Se extienden las clases en el r\u00e9gimen Sierra \u2013 Amazon\u00eda"},"content":{"rendered":"<p>Debido a la suspensi\u00f3n de la\u00a0<strong>jornada laboral<\/strong>\u00a0por la\u00a0<a href=\"http:\/\/xn--roberto%20luque%20anuncia%20que%20ecuador%20no%20tendr%20apagones%20hasta%20el%2026%20de%20mayo-vwh\/\"><strong>crisis el\u00e9ctrica<\/strong><\/a>, el jueves 18 y viernes 19 de abril de 2024, el\u00a0<strong>Ministerio de Educaci\u00f3n<\/strong>\u00a0actualiz\u00f3 el c<strong>ronograma escolar<\/strong>\u00a0<strong>d<\/strong>e la<strong>\u00a0Sierra-Amazon\u00eda<\/strong>.<\/p>\n<p>Ante ello, la finalizaci\u00f3n de\u00a0<strong>clases<\/strong>\u00a0ser\u00e1 el 24 de junio de 2024 y no el 20, como se ten\u00eda previsto.<\/p>\n<p>Este cambio se da a fin de garantizar el cumplimiento de los 200\u00a0<strong>d\u00edas laborales<\/strong>\u00a0y el periodo de\u00a0<strong>vacaciones\u00a0<\/strong>ininterrumpidas de los docentes.<\/p>\n<p>Es as\u00ed como el cronograma qued\u00f3 de la siguiente manera:<\/p>\n<figure class=\"wp-block-image aligncenter\"><img decoding=\"async\" class=\"wp-image-106085\" src=\"https:\/\/educacion.gob.ec\/wp-content\/uploads\/2024\/05\/cuadro-crono-1.png\" alt=\"\" \/><\/figure>\n<figure class=\"wp-block-image aligncenter\"><img decoding=\"async\" class=\"wp-image-106086\" src=\"https:\/\/educacion.gob.ec\/wp-content\/uploads\/2024\/05\/cuadro-crono-2.png\" alt=\"\" \/><\/figure>\n<hr class=\"wp-block-separator has-alpha-channel-opacity\" \/>\n<p class=\"has-text-align-center has-vivid-cyan-blue-color has-text-color has-link-color wp-elements-db09e174efb082666deed91815425f06\"><a href=\"https:\/\/ecuadorenvivo.com\/clases-seran-presenciales-en-todos-los-centros-educativos\/\"><strong>Clases ser\u00e1n presenciales en todos los centros educativos<\/strong><\/a><\/p>\n<hr class=\"wp-block-separator has-alpha-channel-opacity\" \/>\n<p>Las\u00a0<strong>instituciones educativas<\/strong>\u00a0municipales, fiscomisionales y particulares podr\u00e1n elaborar y socializar sus propios\u00a0<strong>cronogramas escolares<\/strong>.<\/p>\n<p>Tambi\u00e9n, podr\u00e1n acogerse de manera voluntaria a lo determinado para las\u00a0<strong>instituciones educativas fiscales<\/strong>, dijo la cartera de Estado.<\/p>\n<p><strong>Fuente: Ecuadorenvivo.<\/strong><\/p>\n","protected":false},"excerpt":{"rendered":"<p>Debido a la suspensi\u00f3n de la\u00a0jornada laboral\u00a0por la\u00a0crisis el\u00e9ctrica, el jueves 18 y viernes 19 de abril de 2024, el\u00a0Ministerio de Educaci\u00f3n\u00a0actualiz\u00f3 el cronograma escolar\u00a0de la\u00a0Sierra-Amazon\u00eda. Ante ello, la finalizaci\u00f3n de\u00a0clases\u00a0ser\u00e1 el 24 de junio de 2024 y no el 20, como se ten\u00eda previsto. Este cambio se da a fin de garantizar el cumplimiento de los 200\u00a0d\u00edas laborales\u00a0y el periodo de\u00a0vacaciones\u00a0ininterrumpidas de los docentes. Es as\u00ed como el cronograma qued\u00f3 de la siguiente manera: Clases ser\u00e1n presenciales en todos los centros educativos Las\u00a0instituciones educativas\u00a0municipales, fiscomisionales y particulares podr\u00e1n elaborar y socializar sus propios\u00a0cronogramas escolares. Tambi\u00e9n, podr\u00e1n acogerse de manera voluntaria a lo determinado para las\u00a0instituciones educativas fiscales, dijo la cartera de Estado. Fuente: Ecuadorenvivo.<\/p>\n","protected":false},"author":1,"featured_media":16214,"comment_status":"open","ping_status":"open","sticky":false,"template":"","format":"standard","meta":{"footnotes":""},"categories":[268],"tags":[],"class_list":["post-16213","post","type-post","status-publish","format-standard","has-post-thumbnail","hentry","category-nacionales"],"_links":{"self":[{"href":"https:\/\/www.elamazonico.com\/portal\/wp-json\/wp\/v2\/posts\/16213","targetHints":{"allow":["GET"]}}],"collection":[{"href":"https:\/\/www.elamazonico.com\/portal\/wp-json\/wp\/v2\/posts"}],"about":[{"href":"https:\/\/www.elamazonico.com\/portal\/wp-json\/wp\/v2\/types\/post"}],"author":[{"embeddable":true,"href":"https:\/\/www.elamazonico.com\/portal\/wp-json\/wp\/v2\/users\/1"}],"replies":[{"embeddable":true,"href":"https:\/\/www.elamazonico.com\/portal\/wp-json\/wp\/v2\/comments?post=16213"}],"version-history":[{"count":1,"href":"https:\/\/www.elamazonico.com\/portal\/wp-json\/wp\/v2\/posts\/16213\/revisions"}],"predecessor-version":[{"id":16215,"href":"https:\/\/www.elamazonico.com\/portal\/wp-json\/wp\/v2\/posts\/16213\/revisions\/16215"}],"wp:featuredmedia":[{"embeddable":true,"href":"https:\/\/www.elamazonico.com\/portal\/wp-json\/wp\/v2\/media\/16214"}],"wp:attachment":[{"href":"https:\/\/www.elamazonico.com\/portal\/wp-json\/wp\/v2\/media?parent=16213"}],"wp:term":[{"taxonomy":"category","embeddable":true,"href":"https:\/\/www.elamazonico.com\/portal\/wp-json\/wp\/v2\/categories?post=16213"},{"taxonomy":"post_tag","embeddable":true,"href":"https:\/\/www.elamazonico.com\/portal\/wp-json\/wp\/v2\/tags?post=16213"}],"curies":[{"name":"wp","href":"https:\/\/api.w.org\/{rel}","templated":true}]}}