{"id":16210,"date":"2024-05-17T08:55:14","date_gmt":"2024-05-17T13:55:14","guid":{"rendered":"https:\/\/www.elamazonico.comportal\/?p=16210"},"modified":"2024-05-17T08:55:14","modified_gmt":"2024-05-17T13:55:14","slug":"cal-resolvera-sobre-juicios-politicos-a-diana-salazar-este-viernes","status":"publish","type":"post","link":"https:\/\/www.elamazonico.com\/portal\/cal-resolvera-sobre-juicios-politicos-a-diana-salazar-este-viernes\/","title":{"rendered":"CAL resolver\u00e1 sobre juicios pol\u00edticos a Diana Salazar este viernes"},"content":{"rendered":"<p>l presidente de la Asamblea Nacional, Henry Kronfle, inform\u00f3 la noche de este jueves que la sustanciaci\u00f3n de los juicios pol\u00edticos a la fiscal General del Estado, Diana Salazar, ser\u00e1 tema de debate la ma\u00f1ana de este viernes, 17 de mayo de 2024, en la sesi\u00f3n del Consejo de Administraci\u00f3n Legislativa (CAL).<\/p>\n<p>La decisi\u00f3n de tratar el tema se da despu\u00e9s de que la fiscal enviar\u00e1 al Legislativo una comunicaci\u00f3n en la que informa sobre su embarazo, mismo que -seg\u00fan indica Kronfle- ser\u00eda de alto riesgo.<\/p>\n<figure class=\"wp-block-embed is-type-rich is-provider-twitter wp-block-embed-twitter\">\n<div class=\"wp-block-embed__wrapper\">\n<div class=\"twitter-tweet twitter-tweet-rendered\"><iframe id=\"twitter-widget-0\" class=\"\" title=\"X Post\" src=\"https:\/\/platform.twitter.com\/embed\/Tweet.html?creatorScreenName=ecuadorenvivo&amp;dnt=true&amp;embedId=twitter-widget-0&amp;features=eyJ0ZndfdGltZWxpbmVfbGlzdCI6eyJidWNrZXQiOltdLCJ2ZXJzaW9uIjpudWxsfSwidGZ3X2ZvbGxvd2VyX2NvdW50X3N1bnNldCI6eyJidWNrZXQiOnRydWUsInZlcnNpb24iOm51bGx9LCJ0ZndfdHdlZXRfZWRpdF9iYWNrZW5kIjp7ImJ1Y2tldCI6Im9uIiwidmVyc2lvbiI6bnVsbH0sInRmd19yZWZzcmNfc2Vzc2lvbiI6eyJidWNrZXQiOiJvbiIsInZlcnNpb24iOm51bGx9LCJ0ZndfZm9zbnJfc29mdF9pbnRlcnZlbnRpb25zX2VuYWJsZWQiOnsiYnVja2V0Ijoib24iLCJ2ZXJzaW9uIjpudWxsfSwidGZ3X21peGVkX21lZGlhXzE1ODk3Ijp7ImJ1Y2tldCI6InRyZWF0bWVudCIsInZlcnNpb24iOm51bGx9LCJ0ZndfZXhwZXJpbWVudHNfY29va2llX2V4cGlyYXRpb24iOnsiYnVja2V0IjoxMjA5NjAwLCJ2ZXJzaW9uIjpudWxsfSwidGZ3X3Nob3dfYmlyZHdhdGNoX3Bpdm90c19lbmFibGVkIjp7ImJ1Y2tldCI6Im9uIiwidmVyc2lvbiI6bnVsbH0sInRmd19kdXBsaWNhdGVfc2NyaWJlc190b19zZXR0aW5ncyI6eyJidWNrZXQiOiJvbiIsInZlcnNpb24iOm51bGx9LCJ0ZndfdXNlX3Byb2ZpbGVfaW1hZ2Vfc2hhcGVfZW5hYmxlZCI6eyJidWNrZXQiOiJvbiIsInZlcnNpb24iOm51bGx9LCJ0ZndfdmlkZW9faGxzX2R5bmFtaWNfbWFuaWZlc3RzXzE1MDgyIjp7ImJ1Y2tldCI6InRydWVfYml0cmF0ZSIsInZlcnNpb24iOm51bGx9LCJ0ZndfbGVnYWN5X3RpbWVsaW5lX3N1bnNldCI6eyJidWNrZXQiOnRydWUsInZlcnNpb24iOm51bGx9LCJ0ZndfdHdlZXRfZWRpdF9mcm9udGVuZCI6eyJidWNrZXQiOiJvbiIsInZlcnNpb24iOm51bGx9fQ%3D%3D&amp;frame=false&amp;hideCard=false&amp;hideThread=false&amp;id=1791235978830446870&amp;lang=es&amp;origin=https%3A%2F%2Fecuadorenvivo.com%2Fcal-resolvera-sobre-juicios-politicos-a-diana-salazar-este-viernes%2F&amp;sessionId=7c56627e1c60c50fb0fa4f14c9e82e4633b3d1b4&amp;siteScreenName=ecuadorenvivo&amp;theme=light&amp;widgetsVersion=2615f7e52b7e0%3A1702314776716&amp;width=550px\" frameborder=\"0\" scrolling=\"no\" allowfullscreen=\"allowfullscreen\" data-tweet-id=\"1791235978830446870\" data-mce-fragment=\"1\"><\/iframe><\/div>\n<div><strong>Fuente: Ecuadorenvivo.<\/strong><\/div>\n<\/div>\n<\/figure>\n","protected":false},"excerpt":{"rendered":"<p>l presidente de la Asamblea Nacional, Henry Kronfle, inform\u00f3 la noche de este jueves que la sustanciaci\u00f3n de los juicios pol\u00edticos a la fiscal General del Estado, Diana Salazar, ser\u00e1 tema de debate la ma\u00f1ana de este viernes, 17 de mayo de 2024, en la sesi\u00f3n del Consejo de Administraci\u00f3n Legislativa (CAL). La decisi\u00f3n de tratar el tema se da despu\u00e9s de que la fiscal enviar\u00e1 al Legislativo una comunicaci\u00f3n en la que informa sobre su embarazo, mismo que -seg\u00fan indica Kronfle- ser\u00eda de alto riesgo. Fuente: Ecuadorenvivo.<\/p>\n","protected":false},"author":1,"featured_media":16211,"comment_status":"open","ping_status":"open","sticky":false,"template":"","format":"standard","meta":{"footnotes":""},"categories":[268],"tags":[],"class_list":["post-16210","post","type-post","status-publish","format-standard","has-post-thumbnail","hentry","category-nacionales"],"_links":{"self":[{"href":"https:\/\/www.elamazonico.com\/portal\/wp-json\/wp\/v2\/posts\/16210","targetHints":{"allow":["GET"]}}],"collection":[{"href":"https:\/\/www.elamazonico.com\/portal\/wp-json\/wp\/v2\/posts"}],"about":[{"href":"https:\/\/www.elamazonico.com\/portal\/wp-json\/wp\/v2\/types\/post"}],"author":[{"embeddable":true,"href":"https:\/\/www.elamazonico.com\/portal\/wp-json\/wp\/v2\/users\/1"}],"replies":[{"embeddable":true,"href":"https:\/\/www.elamazonico.com\/portal\/wp-json\/wp\/v2\/comments?post=16210"}],"version-history":[{"count":1,"href":"https:\/\/www.elamazonico.com\/portal\/wp-json\/wp\/v2\/posts\/16210\/revisions"}],"predecessor-version":[{"id":16212,"href":"https:\/\/www.elamazonico.com\/portal\/wp-json\/wp\/v2\/posts\/16210\/revisions\/16212"}],"wp:featuredmedia":[{"embeddable":true,"href":"https:\/\/www.elamazonico.com\/portal\/wp-json\/wp\/v2\/media\/16211"}],"wp:attachment":[{"href":"https:\/\/www.elamazonico.com\/portal\/wp-json\/wp\/v2\/media?parent=16210"}],"wp:term":[{"taxonomy":"category","embeddable":true,"href":"https:\/\/www.elamazonico.com\/portal\/wp-json\/wp\/v2\/categories?post=16210"},{"taxonomy":"post_tag","embeddable":true,"href":"https:\/\/www.elamazonico.com\/portal\/wp-json\/wp\/v2\/tags?post=16210"}],"curies":[{"name":"wp","href":"https:\/\/api.w.org\/{rel}","templated":true}]}}