{"id":16188,"date":"2024-05-16T11:47:09","date_gmt":"2024-05-16T16:47:09","guid":{"rendered":"https:\/\/www.elamazonico.comportal\/?p=16188"},"modified":"2024-05-16T11:47:09","modified_gmt":"2024-05-16T16:47:09","slug":"por-que-los-medios-rusos-victimizan-a-jorge-glas","status":"publish","type":"post","link":"https:\/\/www.elamazonico.com\/portal\/por-que-los-medios-rusos-victimizan-a-jorge-glas\/","title":{"rendered":"\u00bfPor qu\u00e9 los medios rusos victimizan a Jorge Glas?"},"content":{"rendered":"<div class=\"lead destacado\">La detenci\u00f3n del exvicepresidente de Ecuador, por medio de una incursi\u00f3n de la fuerza p\u00fablica en la Embajada de M\u00e9xico en Quito, dio mucho qu\u00e9 hablar para los medios oficialistas rusos. Las publicaciones fueron m\u00e1s all\u00e1 de lo diplom\u00e1tico. La narrativa resalt\u00f3 denuncias de supuestas violaciones a los derechos humanos de Jorge Glas. Adem\u00e1s, hizo eco de la posici\u00f3n de presidentes de la regi\u00f3n afines a su postura pol\u00edtica.<\/div>\n<div class=\"paragraph texto\">\n<p class=\"p_0\">Que Jorge Glas es el<a href=\"https:\/\/www.vistazo.com\/politica\/internacional\/wikileaks-pide-a-australia-poner-como-condicion-a-ee-uu-retirar-cargos-contra-assange-para-futura-cooperacion-MD7140097\">\u00a0Julian Assange\u00a0<\/a>ecuatoriano. Que el exvicepresidente est\u00e1 secuestrado y ha sido torturado. Que su \u00fanico error fue construir un parque recreativo en una zona devastada por el terremoto de 2016, en la Costa ecuatoriana. Son apenas tres de los mensajes que los medios oficialistas rusos han difundido desde inicios de abril.<\/p>\n<p class=\"p_1\">La intencionalidad es evidente:\u00a0<b>posicionar a Glas como v\u00edctima de persecusi\u00f3n pol\u00edtica<\/b>.<\/p>\n<p>Las cadenas rusas Sputnik y RT publicaron 42 y 52 notas, respectivamente, sobe la detenci\u00f3n del exvicepresidente\u00a0<b><a href=\"https:\/\/www.vistazo.com\/politica\/nacional\/canciller-de-honduras-dice-que-relacion-con-ecuador-se-normalizara-cuando-lo-haga-la-situacion-de-jorge-glas-EE7314996\">Jorge Glas<\/a><\/b>, durante una incursi\u00f3n de la fuerza p\u00fablica en la sede de la embajada de M\u00e9xico en Quito.<\/p>\n<div class=\"paragraph texto\">\n<p class=\"p_3\">En l\u00ednea con la narrativa de los gobiernos de la marea rosa (identificados con el socialismo del siglo XXI en la regi\u00f3n), el mensaje es uno solo: la incursi\u00f3n ecuatoriana viol\u00f3 el territorio mexicano y adem\u00e1s atenta contra las normas de derecho internacional.<\/p>\n<p class=\"p_4\">RT cubri\u00f3 el tema a profundidad. Por ejemplo, solo el 12 de abril se publicaron en su sitio web ocho notas y cinco el d\u00eda anterior. El d\u00eda con m\u00e1s publicaciones fue el 16 de abril, cuando salieron 11 noticias en la p\u00e1gina web.<\/p>\n<p class=\"p_5\">En esa jornada hubo abundante material. El presidente colombiano\u00a0<b>Gustavo Petro<\/b>\u00a0decidi\u00f3 suspender un gabinete bilateral agendado con Ecuador para el 25 de abril, en medio de la tensi\u00f3n entre el pa\u00eds y M\u00e9xico. La decisi\u00f3n se dio a la par de la reuni\u00f3n de la Comunidad de Estados Latinoamericanos y Caribe\u00f1os (<b>CELAC<\/b>), que gener\u00f3 gran expectativa en torno a lo ocurrido en Quito.<\/p>\n<p class=\"p_6\">Por ello, tambi\u00e9n tom\u00f3 protagonismo en el sitio de RT el discurso de\u00a0<b>Nicol\u00e1s Maduro<\/b>, af\u00edn al de la Revoluci\u00f3n Ciudadana. Se destac\u00f3, por ejemplo, la acusaci\u00f3n que hizo en contra de los Estados Unidos, pa\u00eds al que se\u00f1al\u00f3 por supuestamente haber apoyado \u201cel asalto\u201d a la Embajada de M\u00e9xico en Ecuador.<\/p>\n<p class=\"p_7\">Ese mismo d\u00eda,\u00a0<a href=\"https:\/\/www.vistazo.com\/politica\/internacional\/nicolas-maduro-cierra-embajada-y-consulados-de-venezuela-en-ecuador-en-apoyo-a-mexico-HX7176867\">el presidente venezolano orden\u00f3 cerrar todas las sedes diplom\u00e1ticas de su pa\u00eds en Ecuador<\/a>\u00a0y los ciudadanos de ese pa\u00eds que buscaban regularizar su situaci\u00f3n migratoria o que requieren renovar sus documentos se quedaron en el aire. Tambi\u00e9n est\u00e1 registrada la llamada a consultas del gobierno hondure\u00f1o a su encargada de Negocios en Ecuador y la condena que los presidentes de la CELAC resolvieron sobre la decisi\u00f3n de Ecuador de incursionar en la embajada de M\u00e9xico, en Quito.<\/p>\n<p class=\"p_8\">Es notorio que en los titulares de RT se destacan las declaraciones y pedidos de sanciones de Maduro, Petro y el presidente mexicano\u00a0<a href=\"https:\/\/www.vistazo.com\/politica\/internacional\/queremos-que-se-castigue-al-gobierno-de-ecuador-declara-el-presidente-de-mexico-por-irrupcion-a-embajada-XL7287033\">Andr\u00e9s Manuel L\u00f3pez Obrador<\/a>, pero omite detalles importantes como que\u00a0<b>solo diez de los 33 pa\u00edses miembros participaron de la reuni\u00f3n y emitieron el pronunciamiento<\/b>. El video de RT de la nota titulada \u201cCELAC reprueba el asalto a la Embajada de M\u00e9xico y exige a Quito otorgar salvoconducto a Jorge Glas\u201d, del 17 de abril, comienza con una claqueta que reza: \u201ccondena al un\u00edsono\u201d. Adem\u00e1s, la presentadora usa palabras como \u201cun\u00e1nime\u201d. Las tomas son de Telesur.<\/p>\n<p class=\"p_9\">En Sputnik la t\u00f3nica es similar, pues tambi\u00e9n el 16 de abril es el d\u00eda con mayor cantidad de notas, pues se subieron 10. En cambio, el 11 de abril emiti\u00f3 seis publicaciones. Ese d\u00eda, M\u00e9xico puso la demanda en contra de Ecuador ante la\u00a0<b>Corte Internacional Penal de la Haya<\/b>\u00a0y los contenidos detallan este proceso. Tambi\u00e9n report\u00f3 una reuni\u00f3n que mantuvieron los presidentes Petro y Maduro, en la que hablaron de la necesidad de mantener unidas a Colombia y Venezuela, pero tambi\u00e9n mencionaron el tema de Jorge Glas y reiteraron su condena. Su postura fue exigir a Ecuador la restituci\u00f3n del asilo pol\u00edtico para el pol\u00edtico que tiene sentencias pendientes.<\/p>\n<p class=\"p_10\">Sputnik resalta al menos dos notas anal\u00edticas. La primera, publicada el 12 de abril, se titula:\u00a0<b>\u201cUna estrecha relaci\u00f3n que qued\u00f3 en el pasado: as\u00ed fue el v\u00ednculo entre M\u00e9xico y Ecuador\u201d\u00a0<\/b>y hace un recuento hist\u00f3rico de las relaciones bilaterales entre ambos pa\u00edses, que se remonta dos siglos atr\u00e1s. El segundo es del 13 de abril, bajo el t\u00edtulo\u00a0<b>\u201cEl camino de espinas econ\u00f3micas que le esperar\u00eda a Ecuador por su crisis con M\u00e9xico\u201d<\/b>\u00a0y habla sobre las posible implicaciones econ\u00f3micas para el pa\u00eds luego de detener a Glas en territorio mexicano, adem\u00e1s de que podr\u00eda \u201ccomprometer su capacidad para cerrar acuerdos comerciales o integrarse a foros internacionales en el futuro\u201d, de acuerdo con un experto en relaciones internacionales.<\/p>\n<p class=\"p_11\">RT incluye entre el 11 y el 19 de abril los pronunciamientos del Grupo de Puebla, af\u00edn a la corriente pol\u00edtica e ideol\u00f3gica del corre\u00edsmo, con sus notas: \u201cGrupo de Puebla insta a exigir un salvoconducto para exvicepresidente Jorge Glas\u201d y \u201cEl Grupo de Puebla propone una misi\u00f3n humanitaria para verificar el estado de salud de Jorge Glas\u201d.<\/p>\n<p class=\"p_12\"><b>Lea tambi\u00e9n:\u00a0<a href=\"https:\/\/www.vistazo.com\/politica\/nacional\/rafael-correa-reacciona-al-estado-de-salud-de-jorge-glas-era-lo-que-temia-KX7123149\">Rafael Correa reacciona al estado de salud de Jorge Glas: \u00abEra lo que tem\u00eda\u00bb<\/a><\/b><\/p>\n<\/div>\n<div class=\"multimediaMacroWrapper img lateral\">\n<figure class=\"contentMedia art-img\">\n<div><img fetchpriority=\"high\" decoding=\"async\" class=\" lazyloaded\" title=\"\u00bfPor qu\u00e9 los medios rusos victimizan a Jorge Glas?\" src=\"https:\/\/www.vistazo.com\/placeholder\/svg\/viewbox\/768x768\" sizes=\"100vw\" srcset=\"\/\/www.vistazo.com\/binrepository\/768x768\/0c0\/0d0\/none\/12727\/WEFR\/heriberto-2_1530568_20240516104441.jpg 768w,\/\/www.vistazo.com\/binrepository\/640x640\/0c0\/0d0\/none\/12727\/WEPC\/heriberto-2_1530568_20240516104441.jpg 640w,\/\/www.vistazo.com\/binrepository\/512x512\/0c0\/0d0\/none\/12727\/WEID\/heriberto-2_1530568_20240516104441.jpg 512w,\/\/www.vistazo.com\/binrepository\/384x384\/0c0\/0d0\/none\/12727\/WEHT\/heriberto-2_1530568_20240516104441.jpg 384w,\/\/www.vistazo.com\/binrepository\/300x300\/0c0\/0d0\/none\/12727\/WELG\/heriberto-2_1530568_20240516104441.jpg 300w\" alt=\"$!\u00bfPor qu\u00e9 los medios rusos victimizan a Jorge Glas?\" width=\"768\" height=\"768\" data-srcset=\"\/\/www.vistazo.com\/binrepository\/768x768\/0c0\/0d0\/none\/12727\/WEFR\/heriberto-2_1530568_20240516104441.jpg 768w,\/\/www.vistazo.com\/binrepository\/640x640\/0c0\/0d0\/none\/12727\/WEPC\/heriberto-2_1530568_20240516104441.jpg 640w,\/\/www.vistazo.com\/binrepository\/512x512\/0c0\/0d0\/none\/12727\/WEID\/heriberto-2_1530568_20240516104441.jpg 512w,\/\/www.vistazo.com\/binrepository\/384x384\/0c0\/0d0\/none\/12727\/WEHT\/heriberto-2_1530568_20240516104441.jpg 384w,\/\/www.vistazo.com\/binrepository\/300x300\/0c0\/0d0\/none\/12727\/WELG\/heriberto-2_1530568_20240516104441.jpg 300w\" \/><\/div>\n<\/figure>\n<\/div>\n<div class=\"html_text\">\n<h2>La vocer\u00eda recurrente de Correa<\/h2>\n<h2><\/h2>\n<\/div>\n<div class=\"paragraph texto\">\n<p class=\"p_13\">Las opiniones del expresidente\u00a0<a href=\"https:\/\/www.vistazo.com\/politica\/nacional\/revelaciones-del-caso-encuentro-rafael-correa-reacciona-ante-su-presunta-implicacion-en-complot-IC7316758\">Rafael Correa<\/a>\u00a0son constantemente citadas en las notas que Sputnik y RT publican sobre Ecuador y sobre la regi\u00f3n. El caso de Glas no pod\u00eda ser la excepci\u00f3n. En Sputnik se public\u00f3 la nota \u201cEl expresidente de Ecuador expone los delitos cometidos en la captura y el encarcelamiento de Glas\u201d, basada en un post de su cuenta de la red social X.<\/p>\n<div class=\"paragraph texto\">\n<p class=\"p_14\">En este texto se cita lo que el pol\u00edtico que vive en el exterior para evitar sus condenas en Ecuador public\u00f3 sobre el caso. Seg\u00fan \u00e9l, en contra de su excompa\u00f1ero de f\u00f3rmula se habr\u00edan cometido delitos contra el derecho internacional humanitario, tortura y tratos crueles, inhumanos o degradantes; ataque a bienes protegidos; privaci\u00f3n de libertad a persona protegida, entre otros.<\/p>\n<p class=\"p_15\">En RT se difundi\u00f3 la nota \u201cCorrea reacciona a demanda de M\u00e9xico y advierte que Noboa \u00abest\u00e1 llevando al precipicio\u00bb a Ecuador\u201d, tras conocerse que M\u00e9xico hab\u00eda demandado a Ecuador ante la Corte Internacional Final, con su muletilla usual \u201clos corruptos siempre fueron ellos\u201d.\u00a0<b>La publicaci\u00f3n en X es tan corta que la nota en X apenas ocupa tres p\u00e1rrafos<\/b>.<\/p>\n<p class=\"p_16\">La opini\u00f3n de Correa vuelve a merecer cinco p\u00e1rrafos en RT cuando reclam\u00f3 porque la\u00a0<a href=\"https:\/\/www.vistazo.com\/politica\/nacional\/rechazan-pedido-de-jorge-glas-para-que-fiscalia-no-revise-sus-celulares-y-tablet-LF7250940\">Fiscal\u00eda orden\u00f3 explotar los celulares y la tablet que Glas ten\u00eda en el lugar donde fue encontrado dentro de la residencia de la Embajada de M\u00e9xico en Ecuador<\/a>. Esa decisi\u00f3n despert\u00f3 el enojo del l\u00edder de la Revoluci\u00f3n Ciudadana, quien fue citado en RT as\u00ed: \u201cEl expresidente ecuatoriano Rafael Correa ha denunciado este domingo que la Fiscal\u00eda del pa\u00eds andino \u2018ha ordenado explotaci\u00f3n pericial de los celulares y tableta de Jorge Glas, pese a que fueron obtenidos ilegalmente\u2019 tras su detenci\u00f3n en la Embajada de M\u00e9xico en Quito el pasado 5 de abril. \u00abLo har\u00e1n, ya que estamos en el pa\u00eds del quechu&#8230; Pero, \u00bfpor qu\u00e9 el apuro? F\u00e1cil: buscan crear un nuevo &#8216;esc\u00e1ndalo&#8217; antes de la consulta del 21 de abril. \u00a1A estar preparados y no olvidar los &#8216;esc\u00e1ndalos&#8217; que inventaron en anteriores elecciones!\u00bb, alert\u00f3 Correa a trav\u00e9s de X\u201d.<\/p>\n<p class=\"p_17\"><b>Lea tambi\u00e9n:\u00a0<a href=\"https:\/\/www.vistazo.com\/politica\/nacional\/daniel-noboa-no-se-arrepiente-de-la-irrupcion-a-la-embajada-de-mexico-en-quito-estamos-en-el-lado-correcto-de-la-historia-FA7165986\">Daniel Noboa no se arrepiente de la irrupci\u00f3n a la Embajada de M\u00e9xico en Quito: \u00abEstamos en el lado correcto de la historia\u00bb<\/a><\/b><\/p>\n<\/div>\n<div class=\"multimediaMacroWrapper img lateral\">\n<figure class=\"contentMedia art-img\">\n<div><img decoding=\"async\" class=\" lazyloaded\" title=\"\u00bfPor qu\u00e9 los medios rusos victimizan a Jorge Glas?\" src=\"https:\/\/www.vistazo.com\/placeholder\/svg\/viewbox\/768x768\" sizes=\"100vw\" srcset=\"\/\/www.vistazo.com\/binrepository\/768x768\/0c0\/0d0\/none\/12727\/DEFR\/heriberto-3_1530570_20240516104751.jpg 768w,\/\/www.vistazo.com\/binrepository\/640x640\/0c0\/0d0\/none\/12727\/DEPC\/heriberto-3_1530570_20240516104751.jpg 640w,\/\/www.vistazo.com\/binrepository\/512x512\/0c0\/0d0\/none\/12727\/DEID\/heriberto-3_1530570_20240516104751.jpg 512w,\/\/www.vistazo.com\/binrepository\/384x384\/0c0\/0d0\/none\/12727\/DEHT\/heriberto-3_1530570_20240516104751.jpg 384w,\/\/www.vistazo.com\/binrepository\/300x300\/0c0\/0d0\/none\/12727\/DELG\/heriberto-3_1530570_20240516104751.jpg 300w\" alt=\"$!\u00bfPor qu\u00e9 los medios rusos victimizan a Jorge Glas?\" width=\"768\" height=\"768\" data-srcset=\"\/\/www.vistazo.com\/binrepository\/768x768\/0c0\/0d0\/none\/12727\/DEFR\/heriberto-3_1530570_20240516104751.jpg 768w,\/\/www.vistazo.com\/binrepository\/640x640\/0c0\/0d0\/none\/12727\/DEPC\/heriberto-3_1530570_20240516104751.jpg 640w,\/\/www.vistazo.com\/binrepository\/512x512\/0c0\/0d0\/none\/12727\/DEID\/heriberto-3_1530570_20240516104751.jpg 512w,\/\/www.vistazo.com\/binrepository\/384x384\/0c0\/0d0\/none\/12727\/DEHT\/heriberto-3_1530570_20240516104751.jpg 384w,\/\/www.vistazo.com\/binrepository\/300x300\/0c0\/0d0\/none\/12727\/DELG\/heriberto-3_1530570_20240516104751.jpg 300w\" \/><\/div>\n<\/figure>\n<\/div>\n<div class=\"html_text\">\n<h2>El discurso de los Derechos Humanos<\/h2>\n<h2><\/h2>\n<\/div>\n<div class=\"paragraph texto\">\n<p class=\"p_18\">Aunque durante su Gobierno Correa y su equipo criticaban al Sistema Interamericano de Derechos Humanos, a partir de varios casos legales en contra de los miembros de la Revoluci\u00f3n Ciudadana y ahora, tras la detenci\u00f3n de Glas en la Embajada de M\u00e9xico s<b>e han volcado a solicitar ayuda de la Comisi\u00f3n Interamericana de Derechos Humanos y de organismos como la ONU y la OEA<\/b>.<\/p>\n<p class=\"p_19\">Todo empez\u00f3 tras la incursi\u00f3n a la Embajada y ha ido escalando. Los pedidos han tenido eco en los medios rusos con notas como: \u201cMe quer\u00edan hacer m\u00e1s da\u00f1o: Jorge Glas asegura que sufri\u00f3 tortura en Ecuador\u201d, que incluye el relato del exvicepresidente sobre haber sido tratado como\u00a0<b>\u201cuna vaca\u201d<\/b>. Esta nota incluye un post de X de\u00a0<b>Radio Pichincha<\/b>, una de las fuentes recurrentes en Ecuador de las cadenas rusas.<\/p>\n<p class=\"p_20\">Sputnik tambi\u00e9n difundi\u00f3 el 16 de abril una nota donde asegura que Glas permaneci\u00f3 diez d\u00edas incomunicado y cita a una abogada de Glas quien se\u00f1alaba que el pol\u00edtico estuvo\u00a0<b>\u201csecuestrado, y siempre bajo vigilancia militar\u201d<\/b>. Luego, el 7 de mayo, la cadena publica una nueva nota donde cuenta que la defensa de Glas acudi\u00f3 a la CIDH y a la ONU para que aboguen por la liberaci\u00f3n de Glas y para que se le otorgue un salvoconducto que le permita salir de Ecuador de forma segura, repitiendo el argumento de que estar\u00eda secuestrado y de que habr\u00eda sido \u201cv\u00edctima de grav\u00edsimos maltratos\u201d.<\/p>\n<p class=\"p_21\">A diferencia de RT, Sputnik solo incluye en el texto la denuncia que\u00a0<a href=\"https:\/\/www.vistazo.com\/actualidad\/internacional\/madre-de-jorge-glas-denuncia-al-presidente-daniel-noboa-por-irrumpir-en-la-embajada-de-mexico-para-arrestar-al-exvicepresidente-AJ7281075\">Norma Espinel<\/a>, madre de Glas, puso en conta del presidente Daniel Noboa y de la ministra del Interior,\u00a0<b>M\u00f3nica Palencia<\/b>, entre otras autoridades, por varios delitos en contra de su hijo, incluyendo una supuesta\u00a0<b>\u201cdesaparici\u00f3n forzada\u201d<\/b>. RT, en cambio, public\u00f3 una nota del 6 de mayo cuyo t\u00edtulo inclu\u00eda esta denuncia de Espinel.<\/p>\n<p class=\"p_22\">Esa cadena fue reiterativa en estas publicaciones, pues el 7 de mayo sac\u00f3 otra nota con el t\u00edtulo \u201cPiden a la ONU que abogue por la libertad de Jorge Glas\u201d y el 8 de mayo una m\u00e1s, con el titular: \u201cAbogado: Esperamos pronunciamiento de la ONU ante denuncia de ilegalidad en la detenci\u00f3n de Glas\u201d<\/p>\n<p class=\"p_23\">Por otro lado, el 12 de abril en ese mismo medio se difundi\u00f3 \u201cCiudadanos exigen la liberaci\u00f3n de Glas mientras se realiza audiencia de &#8216;habeas corpus&#8217; a su favor\u201d y en video se habla de ilegalidad de la detenci\u00f3n y pedidos de renuncia a Daniel Noboa.<b>\u00a0No es usual que en una cadena internacional se difundan protestas cuando no son multitudinarias o se desenvuelven sin mayores novedades.<\/b>\u00a0Las im\u00e1genes fueron tomadas del medio digital Only Panas y el reporte se hace desde M\u00e9xico.<\/p>\n<p class=\"p_24\">El 18 y 19 de abril, Sputnik y RT, respectivamente, publicaron la denuncia sobre su situaci\u00f3n que Jorge Glas hizo, a trav\u00e9s de cartas escritas a mano, a los presidentes L\u00f3pez Obrado, Petro y Luiz In\u00e1cio Lula da Silva. En ellas, \u00e9l habla de una \u201cpersecuci\u00f3n brutal\u201d y de estar recluido en la \u201cpeor c\u00e1rcel\u201d, por lo que les pidi\u00f3 ayuda.<\/p>\n<p class=\"p_25\">Un reporte de Sputnik fue m\u00e1s all\u00e1 y public\u00f3 una nota en la cual lo califica como el\u00a0<b>Julian Assange ecuatoriano.<\/b>\u00a0Se basa en entrevistas seg\u00fan las cuales Jorge Glas es un trofeo, fue vicepresidente con el corre\u00edsmo durante diez a\u00f1os y representa a un gobierno de izquierda que hizo mucho por su pa\u00eds.<\/p>\n<p class=\"p_26\">\u201cGlas era vicepresidente, en Ecuador, tuvimos un terremoto, un grave evento, \u00e9l gui\u00f3 los esfuerzos de reconstrucci\u00f3n en la provincia donde el efecto fue mayor. \u00c9l construy\u00f3 un parque que no exist\u00eda previamente. Y eso, seg\u00fan la Fiscal\u00eda general, es corrupci\u00f3n. Glas fue acusado de corrupci\u00f3n y sobornos relacionados con esos esfuerzos de reconstrucci\u00f3n\u201d. En esta\u00a0<b>narrativa victimizante<\/b>, fiscales atribuyeron a Glas delitos relacionados con sobornos de una constructora brasile\u00f1a (la nota no nombra a Odebrecht), y la justicia lo sentenci\u00f3, seg\u00fan este relato falso, en forma injusta.<\/p>\n<\/div>\n<div class=\"multimediaMacroWrapper img lateral\">\n<figure class=\"contentMedia art-img\">\n<div><img decoding=\"async\" class=\" lazyloaded\" title=\"\u00bfPor qu\u00e9 los medios rusos victimizan a Jorge Glas?\" src=\"https:\/\/www.vistazo.com\/placeholder\/svg\/viewbox\/768x768\" sizes=\"100vw\" srcset=\"\/\/www.vistazo.com\/binrepository\/768x768\/0c0\/0d0\/none\/12727\/FNFR\/heriberto-4_1530594_20240516105510.jpg 768w,\/\/www.vistazo.com\/binrepository\/640x640\/0c0\/0d0\/none\/12727\/FNPC\/heriberto-4_1530594_20240516105510.jpg 640w,\/\/www.vistazo.com\/binrepository\/512x512\/0c0\/0d0\/none\/12727\/FNID\/heriberto-4_1530594_20240516105510.jpg 512w,\/\/www.vistazo.com\/binrepository\/384x384\/0c0\/0d0\/none\/12727\/FNHT\/heriberto-4_1530594_20240516105510.jpg 384w,\/\/www.vistazo.com\/binrepository\/300x300\/0c0\/0d0\/none\/12727\/FNLG\/heriberto-4_1530594_20240516105510.jpg 300w\" alt=\"$!\u00bfPor qu\u00e9 los medios rusos victimizan a Jorge Glas?\" width=\"768\" height=\"768\" data-srcset=\"\/\/www.vistazo.com\/binrepository\/768x768\/0c0\/0d0\/none\/12727\/FNFR\/heriberto-4_1530594_20240516105510.jpg 768w,\/\/www.vistazo.com\/binrepository\/640x640\/0c0\/0d0\/none\/12727\/FNPC\/heriberto-4_1530594_20240516105510.jpg 640w,\/\/www.vistazo.com\/binrepository\/512x512\/0c0\/0d0\/none\/12727\/FNID\/heriberto-4_1530594_20240516105510.jpg 512w,\/\/www.vistazo.com\/binrepository\/384x384\/0c0\/0d0\/none\/12727\/FNHT\/heriberto-4_1530594_20240516105510.jpg 384w,\/\/www.vistazo.com\/binrepository\/300x300\/0c0\/0d0\/none\/12727\/FNLG\/heriberto-4_1530594_20240516105510.jpg 300w\" \/><\/div>\n<div><strong>Fuente: Vistazo.<\/strong><\/div>\n<\/figure>\n<\/div>\n<\/div>\n<\/div>\n","protected":false},"excerpt":{"rendered":"<p>La detenci\u00f3n del exvicepresidente de Ecuador, por medio de una incursi\u00f3n de la fuerza p\u00fablica en la Embajada de M\u00e9xico en Quito, dio mucho qu\u00e9 hablar para los medios oficialistas rusos. Las publicaciones fueron m\u00e1s all\u00e1 de lo diplom\u00e1tico. La narrativa resalt\u00f3 denuncias de supuestas violaciones a los derechos humanos de Jorge Glas. Adem\u00e1s, hizo eco de la posici\u00f3n de presidentes de la regi\u00f3n afines a su postura pol\u00edtica. Que Jorge Glas es el\u00a0Julian Assange\u00a0ecuatoriano. Que el exvicepresidente est\u00e1 secuestrado y ha sido torturado. Que su \u00fanico error fue construir un parque recreativo en una zona devastada por el terremoto de 2016, en la Costa ecuatoriana. Son apenas tres de los mensajes que los medios oficialistas rusos han difundido desde inicios de abril. La intencionalidad es evidente:\u00a0posicionar a Glas como v\u00edctima de persecusi\u00f3n pol\u00edtica. Las cadenas rusas Sputnik y RT publicaron 42 y 52 notas, respectivamente, sobe la detenci\u00f3n del exvicepresidente\u00a0Jorge Glas, durante una incursi\u00f3n de la fuerza p\u00fablica en la sede de la embajada de M\u00e9xico en Quito. En l\u00ednea con la narrativa de los gobiernos de la marea rosa (identificados con el socialismo del siglo XXI en la regi\u00f3n), el mensaje es uno solo: la incursi\u00f3n ecuatoriana viol\u00f3 el territorio mexicano y adem\u00e1s atenta contra las normas de derecho internacional. RT cubri\u00f3 el tema a profundidad. Por ejemplo, solo el 12 de abril se publicaron en su sitio web ocho notas y cinco el d\u00eda anterior. El d\u00eda con m\u00e1s publicaciones fue el 16 de abril, cuando salieron 11 noticias en la p\u00e1gina web. En esa jornada hubo abundante material. El presidente colombiano\u00a0Gustavo Petro\u00a0decidi\u00f3 suspender un gabinete bilateral agendado con Ecuador para el 25 de abril, en medio de la tensi\u00f3n entre el pa\u00eds y M\u00e9xico. La decisi\u00f3n se dio a la par de la reuni\u00f3n de la Comunidad de Estados Latinoamericanos y Caribe\u00f1os (CELAC), que gener\u00f3 gran expectativa en torno a lo ocurrido en Quito. Por ello, tambi\u00e9n tom\u00f3 protagonismo en el sitio de RT el discurso de\u00a0Nicol\u00e1s Maduro, af\u00edn al de la Revoluci\u00f3n Ciudadana. Se destac\u00f3, por ejemplo, la acusaci\u00f3n que hizo en contra de los Estados Unidos, pa\u00eds al que se\u00f1al\u00f3 por supuestamente haber apoyado \u201cel asalto\u201d a la Embajada de M\u00e9xico en Ecuador. Ese mismo d\u00eda,\u00a0el presidente venezolano orden\u00f3 cerrar todas las sedes diplom\u00e1ticas de su pa\u00eds en Ecuador\u00a0y los ciudadanos de ese pa\u00eds que buscaban regularizar su situaci\u00f3n migratoria o que requieren renovar sus documentos se quedaron en el aire. Tambi\u00e9n est\u00e1 registrada la llamada a consultas del gobierno hondure\u00f1o a su encargada de Negocios en Ecuador y la condena que los presidentes de la CELAC resolvieron sobre la decisi\u00f3n de Ecuador de incursionar en la embajada de M\u00e9xico, en Quito. Es notorio que en los titulares de RT se destacan las declaraciones y pedidos de sanciones de Maduro, Petro y el presidente mexicano\u00a0Andr\u00e9s Manuel L\u00f3pez Obrador, pero omite detalles importantes como que\u00a0solo diez de los 33 pa\u00edses miembros participaron de la reuni\u00f3n y emitieron el pronunciamiento. El video de RT de la nota titulada \u201cCELAC reprueba el asalto a la Embajada de M\u00e9xico y exige a Quito otorgar salvoconducto a Jorge Glas\u201d, del 17 de abril, comienza con una claqueta que reza: \u201ccondena al un\u00edsono\u201d. Adem\u00e1s, la presentadora usa palabras como \u201cun\u00e1nime\u201d. Las tomas son de Telesur. En Sputnik la t\u00f3nica es similar, pues tambi\u00e9n el 16 de abril es el d\u00eda con mayor cantidad de notas, pues se subieron 10. En cambio, el 11 de abril emiti\u00f3 seis publicaciones. Ese d\u00eda, M\u00e9xico puso la demanda en contra de Ecuador ante la\u00a0Corte Internacional Penal de la Haya\u00a0y los contenidos detallan este proceso. Tambi\u00e9n report\u00f3 una reuni\u00f3n que mantuvieron los presidentes Petro y Maduro, en la que hablaron de la necesidad de mantener unidas a Colombia y Venezuela, pero tambi\u00e9n mencionaron el tema de Jorge Glas y reiteraron su condena. Su postura fue exigir a Ecuador la restituci\u00f3n del asilo pol\u00edtico para el pol\u00edtico que tiene sentencias pendientes. Sputnik resalta al menos dos notas anal\u00edticas. La primera, publicada el 12 de abril, se titula:\u00a0\u201cUna estrecha relaci\u00f3n que qued\u00f3 en el pasado: as\u00ed fue el v\u00ednculo entre M\u00e9xico y Ecuador\u201d\u00a0y hace un recuento hist\u00f3rico de las relaciones bilaterales entre ambos pa\u00edses, que se remonta dos siglos atr\u00e1s. El segundo es del 13 de abril, bajo el t\u00edtulo\u00a0\u201cEl camino de espinas econ\u00f3micas que le esperar\u00eda a Ecuador por su crisis con M\u00e9xico\u201d\u00a0y habla sobre las posible implicaciones econ\u00f3micas para el pa\u00eds luego de detener a Glas en territorio mexicano, adem\u00e1s de que podr\u00eda \u201ccomprometer su capacidad para cerrar acuerdos comerciales o integrarse a foros internacionales en el futuro\u201d, de acuerdo con un experto en relaciones internacionales. RT incluye entre el 11 y el 19 de abril los pronunciamientos del Grupo de Puebla, af\u00edn a la corriente pol\u00edtica e ideol\u00f3gica del corre\u00edsmo, con sus notas: \u201cGrupo de Puebla insta a exigir un salvoconducto para exvicepresidente Jorge Glas\u201d y \u201cEl Grupo de Puebla propone una misi\u00f3n humanitaria para verificar el estado de salud de Jorge Glas\u201d. Lea tambi\u00e9n:\u00a0Rafael Correa reacciona al estado de salud de Jorge Glas: \u00abEra lo que tem\u00eda\u00bb La vocer\u00eda recurrente de Correa Las opiniones del expresidente\u00a0Rafael Correa\u00a0son constantemente citadas en las notas que Sputnik y RT publican sobre Ecuador y sobre la regi\u00f3n. El caso de Glas no pod\u00eda ser la excepci\u00f3n. En Sputnik se public\u00f3 la nota \u201cEl expresidente de Ecuador expone los delitos cometidos en la captura y el encarcelamiento de Glas\u201d, basada en un post de su cuenta de la red social X. En este texto se cita lo que el pol\u00edtico que vive en el exterior para evitar sus condenas en Ecuador public\u00f3 sobre el caso. Seg\u00fan \u00e9l, en contra de su excompa\u00f1ero de f\u00f3rmula se habr\u00edan cometido delitos contra el derecho internacional humanitario, tortura y tratos crueles, inhumanos o degradantes; ataque a bienes protegidos; privaci\u00f3n de libertad a persona protegida, entre otros. En RT se difundi\u00f3 la nota \u201cCorrea reacciona a demanda de M\u00e9xico y advierte que Noboa \u00abest\u00e1 llevando al precipicio\u00bb a Ecuador\u201d, tras conocerse que<\/p>\n","protected":false},"author":1,"featured_media":16189,"comment_status":"open","ping_status":"open","sticky":false,"template":"","format":"standard","meta":{"footnotes":""},"categories":[268],"tags":[],"class_list":["post-16188","post","type-post","status-publish","format-standard","has-post-thumbnail","hentry","category-nacionales"],"_links":{"self":[{"href":"https:\/\/www.elamazonico.com\/portal\/wp-json\/wp\/v2\/posts\/16188","targetHints":{"allow":["GET"]}}],"collection":[{"href":"https:\/\/www.elamazonico.com\/portal\/wp-json\/wp\/v2\/posts"}],"about":[{"href":"https:\/\/www.elamazonico.com\/portal\/wp-json\/wp\/v2\/types\/post"}],"author":[{"embeddable":true,"href":"https:\/\/www.elamazonico.com\/portal\/wp-json\/wp\/v2\/users\/1"}],"replies":[{"embeddable":true,"href":"https:\/\/www.elamazonico.com\/portal\/wp-json\/wp\/v2\/comments?post=16188"}],"version-history":[{"count":1,"href":"https:\/\/www.elamazonico.com\/portal\/wp-json\/wp\/v2\/posts\/16188\/revisions"}],"predecessor-version":[{"id":16190,"href":"https:\/\/www.elamazonico.com\/portal\/wp-json\/wp\/v2\/posts\/16188\/revisions\/16190"}],"wp:featuredmedia":[{"embeddable":true,"href":"https:\/\/www.elamazonico.com\/portal\/wp-json\/wp\/v2\/media\/16189"}],"wp:attachment":[{"href":"https:\/\/www.elamazonico.com\/portal\/wp-json\/wp\/v2\/media?parent=16188"}],"wp:term":[{"taxonomy":"category","embeddable":true,"href":"https:\/\/www.elamazonico.com\/portal\/wp-json\/wp\/v2\/categories?post=16188"},{"taxonomy":"post_tag","embeddable":true,"href":"https:\/\/www.elamazonico.com\/portal\/wp-json\/wp\/v2\/tags?post=16188"}],"curies":[{"name":"wp","href":"https:\/\/api.w.org\/{rel}","templated":true}]}}