{"id":16178,"date":"2024-05-16T10:24:18","date_gmt":"2024-05-16T15:24:18","guid":{"rendered":"https:\/\/www.elamazonico.com\/portal\/?p=16178"},"modified":"2024-05-16T10:24:18","modified_gmt":"2024-05-16T15:24:18","slug":"articulo-de-opinion","status":"publish","type":"post","link":"https:\/\/www.elamazonico.com\/portal\/articulo-de-opinion\/","title":{"rendered":"Art\u00edculo de opini\u00f3n"},"content":{"rendered":"<p><a href=\"https:\/\/www.eltelegrafo.com.ec\/contenido\/autor\/15\/juan-fernando-larrea\" rel=\"author\"><strong>Juan Fernando Larrea<\/strong><\/a><\/p>\n<p>En los \u00faltimos meses hemos visto un sinn\u00famero de interacciones entre la Fiscal General del Estado, Diana Salazar, y varias de las otras Funciones del Estado, incluyendo asamble\u00edstas que promueven un juicio pol\u00edtico en su contra por razones que no se logran entender, o que quiz\u00e1 esos asamble\u00edstas no pueden explicar con claridad, ni con un sustento t\u00e9cnico ni legal en base a nuestro ordenamiento jur\u00eddico.<\/p>\n<p>Ahora bien, el Ecuador es un pa\u00eds donde casi todo, lamentablemente, se mueve alrededor de la pol\u00edtica y muchas iniciativas no necesariamente tienen un origen que no sea exclusivamente de \u00edndole pol\u00edtico. Es claro que la Fiscal General del Estado no es c\u00f3moda para muchos grupos pol\u00edticos y por esa raz\u00f3n se ha convertido en un blanco de ataque de esos mismos grupos pol\u00edticos. Me impresiona y admiro la fortaleza, mental y f\u00edsica, de la Fiscal para soportar ataques diarios, vivir 24\/7 con resguardo de varios miembros de la Fuerza P\u00fablica y seguir adelante con sus investigaciones en contra de la delincuencia organizada que ha tenido por mucho tiempo en zozobra a nuestro pa\u00eds. Sin duda, ese accionar demuestra una verdadera actitud de patriotismo y de su esp\u00edritu de poner al pa\u00eds adelante.<\/p>\n<p>Lo que los asamble\u00edstas deben entender es que un Fiscal del Estado no debe ni tiene que ser un pol\u00edtico, no debe ni tiene que ponerse a generar amistad ni enemistad con pol\u00edticos, sino que tiene que dedicar su tiempo a hacer su trabajo. Efectivamente, ning\u00fan Fiscal tiene que ser querido por todos y ese no es su trabajo tampoco. Sin embargo, algunos grupos pol\u00edticos no logran entender su rol e intentan convertir a la Fiscal en un elemento m\u00e1s de la disputa pol\u00edtica que finalmente tiene sin cuidado a los ciudadanos comunes a quienes les interesan otras cosas como la seguridad, la lucha contra la corrupci\u00f3n, etc.<\/p>\n<p>Por lo anterior, el evento sucedido hace unos d\u00edas en la Asamblea Nacional fue realmente escandaloso al pretender la Comisi\u00f3n de Fiscalizaci\u00f3n poner frente a frente un ciudadano investigado y pr\u00f3fugo de la justicia con la Fiscal General del Estado. Qu\u00e9 error, qu\u00e9 mal c\u00e1lculo o qu\u00e9 pobre estrategia deliberada. Me alegro, por el pa\u00eds, de que no result\u00f3 esa jugada por lo antes expuesto y por el rol que debe tener un Fiscal General del Estado. Es esperanzador ver que otros asamble\u00edstas y tiendas pol\u00edticas cerraron filas en defensa no de una persona sino de una instituci\u00f3n, de un debido proceso y de finalmente poder tener un pa\u00eds donde la pol\u00edtica no dicte la agenda diaria de las otras funciones e instituciones del Estado.<\/p>\n","protected":false},"excerpt":{"rendered":"<p>Juan Fernando Larrea En los \u00faltimos meses hemos visto un sinn\u00famero de interacciones entre la Fiscal General del Estado, Diana Salazar, y varias de las otras Funciones del Estado, incluyendo asamble\u00edstas que promueven un juicio pol\u00edtico en su contra por razones que no se logran entender, o que quiz\u00e1 esos asamble\u00edstas no pueden explicar con claridad, ni con un sustento t\u00e9cnico ni legal en base a nuestro ordenamiento jur\u00eddico. Ahora bien, el Ecuador es un pa\u00eds donde casi todo, lamentablemente, se mueve alrededor de la pol\u00edtica y muchas iniciativas no necesariamente tienen un origen que no sea exclusivamente de \u00edndole pol\u00edtico. Es claro que la Fiscal General del Estado no es c\u00f3moda para muchos grupos pol\u00edticos y por esa raz\u00f3n se ha convertido en un blanco de ataque de esos mismos grupos pol\u00edticos. Me impresiona y admiro la fortaleza, mental y f\u00edsica, de la Fiscal para soportar ataques diarios, vivir 24\/7 con resguardo de varios miembros de la Fuerza P\u00fablica y seguir adelante con sus investigaciones en contra de la delincuencia organizada que ha tenido por mucho tiempo en zozobra a nuestro pa\u00eds. Sin duda, ese accionar demuestra una verdadera actitud de patriotismo y de su esp\u00edritu de poner al pa\u00eds adelante. Lo que los asamble\u00edstas deben entender es que un Fiscal del Estado no debe ni tiene que ser un pol\u00edtico, no debe ni tiene que ponerse a generar amistad ni enemistad con pol\u00edticos, sino que tiene que dedicar su tiempo a hacer su trabajo. Efectivamente, ning\u00fan Fiscal tiene que ser querido por todos y ese no es su trabajo tampoco. Sin embargo, algunos grupos pol\u00edticos no logran entender su rol e intentan convertir a la Fiscal en un elemento m\u00e1s de la disputa pol\u00edtica que finalmente tiene sin cuidado a los ciudadanos comunes a quienes les interesan otras cosas como la seguridad, la lucha contra la corrupci\u00f3n, etc. Por lo anterior, el evento sucedido hace unos d\u00edas en la Asamblea Nacional fue realmente escandaloso al pretender la Comisi\u00f3n de Fiscalizaci\u00f3n poner frente a frente un ciudadano investigado y pr\u00f3fugo de la justicia con la Fiscal General del Estado. Qu\u00e9 error, qu\u00e9 mal c\u00e1lculo o qu\u00e9 pobre estrategia deliberada. Me alegro, por el pa\u00eds, de que no result\u00f3 esa jugada por lo antes expuesto y por el rol que debe tener un Fiscal General del Estado. Es esperanzador ver que otros asamble\u00edstas y tiendas pol\u00edticas cerraron filas en defensa no de una persona sino de una instituci\u00f3n, de un debido proceso y de finalmente poder tener un pa\u00eds donde la pol\u00edtica no dicte la agenda diaria de las otras funciones e instituciones del Estado.<\/p>\n","protected":false},"author":1,"featured_media":16179,"comment_status":"open","ping_status":"open","sticky":false,"template":"","format":"standard","meta":{"footnotes":""},"categories":[7],"tags":[],"class_list":["post-16178","post","type-post","status-publish","format-standard","has-post-thumbnail","hentry","category-opinion"],"_links":{"self":[{"href":"https:\/\/www.elamazonico.com\/portal\/wp-json\/wp\/v2\/posts\/16178","targetHints":{"allow":["GET"]}}],"collection":[{"href":"https:\/\/www.elamazonico.com\/portal\/wp-json\/wp\/v2\/posts"}],"about":[{"href":"https:\/\/www.elamazonico.com\/portal\/wp-json\/wp\/v2\/types\/post"}],"author":[{"embeddable":true,"href":"https:\/\/www.elamazonico.com\/portal\/wp-json\/wp\/v2\/users\/1"}],"replies":[{"embeddable":true,"href":"https:\/\/www.elamazonico.com\/portal\/wp-json\/wp\/v2\/comments?post=16178"}],"version-history":[{"count":1,"href":"https:\/\/www.elamazonico.com\/portal\/wp-json\/wp\/v2\/posts\/16178\/revisions"}],"predecessor-version":[{"id":16180,"href":"https:\/\/www.elamazonico.com\/portal\/wp-json\/wp\/v2\/posts\/16178\/revisions\/16180"}],"wp:featuredmedia":[{"embeddable":true,"href":"https:\/\/www.elamazonico.com\/portal\/wp-json\/wp\/v2\/media\/16179"}],"wp:attachment":[{"href":"https:\/\/www.elamazonico.com\/portal\/wp-json\/wp\/v2\/media?parent=16178"}],"wp:term":[{"taxonomy":"category","embeddable":true,"href":"https:\/\/www.elamazonico.com\/portal\/wp-json\/wp\/v2\/categories?post=16178"},{"taxonomy":"post_tag","embeddable":true,"href":"https:\/\/www.elamazonico.com\/portal\/wp-json\/wp\/v2\/tags?post=16178"}],"curies":[{"name":"wp","href":"https:\/\/api.w.org\/{rel}","templated":true}]}}