{"id":16163,"date":"2024-05-16T09:25:59","date_gmt":"2024-05-16T14:25:59","guid":{"rendered":"https:\/\/www.elamazonico.comportal\/?p=16163"},"modified":"2024-05-16T09:25:59","modified_gmt":"2024-05-16T14:25:59","slug":"clases-seran-presenciales-en-todos-los-centros-educativos","status":"publish","type":"post","link":"https:\/\/www.elamazonico.com\/portal\/clases-seran-presenciales-en-todos-los-centros-educativos\/","title":{"rendered":"Clases ser\u00e1n presenciales en todos los centros educativos"},"content":{"rendered":"<p>Tras el anuncio de la suspensi\u00f3n de los apagones hasta el domingo 26 de mayo el\u00a0<strong>Ministerio de Educaci\u00f3n\u00a0<\/strong>indic\u00f3 que las jornadas matutina, vespertina y nocturna se mantendr\u00e1n en modalidad presencial para todas las escuelas y colegios p\u00fablicos del Ecuador.<\/p>\n<p>Desde inicios de este mes los cortes de luz permanecen interrumpidos, tras una mejor\u00eda en los embalses en las principales centrales el\u00e9ctricas del Ecuador y reparaciones a las estaciones afectadas. Con ello, las entidades educativas del Ecuador retomaron la normalidad.<\/p>\n<p>Esto se dio luego del establecimiento de jornadas no presenciales durante abril, para las modalidades vespertinas y nocturnas.<\/p>\n<p>La cartera de estado inform\u00f3 que eval\u00faa de manera permanente el sistema educativo y tomar las medidas adecuadas ante cualquier emergencia nacional. De momento, Roberto Luque, ministro de Energ\u00eda y Minas, ha planteado soluciones a los racionamientos el\u00e9ctricos como la compra de energ\u00eda a Colombia, el posible alquiler de barcazas y alianzas estrat\u00e9gicas con empresas privadas.<\/p>\n<figure class=\"wp-block-embed is-type-rich is-provider-twitter wp-block-embed-twitter\">\n<div class=\"wp-block-embed__wrapper\">\n<div class=\"twitter-tweet twitter-tweet-rendered\"><iframe id=\"twitter-widget-0\" class=\"\" title=\"X Post\" src=\"https:\/\/platform.twitter.com\/embed\/Tweet.html?creatorScreenName=ecuadorenvivo&amp;dnt=true&amp;embedId=twitter-widget-0&amp;features=eyJ0ZndfdGltZWxpbmVfbGlzdCI6eyJidWNrZXQiOltdLCJ2ZXJzaW9uIjpudWxsfSwidGZ3X2ZvbGxvd2VyX2NvdW50X3N1bnNldCI6eyJidWNrZXQiOnRydWUsInZlcnNpb24iOm51bGx9LCJ0ZndfdHdlZXRfZWRpdF9iYWNrZW5kIjp7ImJ1Y2tldCI6Im9uIiwidmVyc2lvbiI6bnVsbH0sInRmd19yZWZzcmNfc2Vzc2lvbiI6eyJidWNrZXQiOiJvbiIsInZlcnNpb24iOm51bGx9LCJ0ZndfZm9zbnJfc29mdF9pbnRlcnZlbnRpb25zX2VuYWJsZWQiOnsiYnVja2V0Ijoib24iLCJ2ZXJzaW9uIjpudWxsfSwidGZ3X21peGVkX21lZGlhXzE1ODk3Ijp7ImJ1Y2tldCI6InRyZWF0bWVudCIsInZlcnNpb24iOm51bGx9LCJ0ZndfZXhwZXJpbWVudHNfY29va2llX2V4cGlyYXRpb24iOnsiYnVja2V0IjoxMjA5NjAwLCJ2ZXJzaW9uIjpudWxsfSwidGZ3X3Nob3dfYmlyZHdhdGNoX3Bpdm90c19lbmFibGVkIjp7ImJ1Y2tldCI6Im9uIiwidmVyc2lvbiI6bnVsbH0sInRmd19kdXBsaWNhdGVfc2NyaWJlc190b19zZXR0aW5ncyI6eyJidWNrZXQiOiJvbiIsInZlcnNpb24iOm51bGx9LCJ0ZndfdXNlX3Byb2ZpbGVfaW1hZ2Vfc2hhcGVfZW5hYmxlZCI6eyJidWNrZXQiOiJvbiIsInZlcnNpb24iOm51bGx9LCJ0ZndfdmlkZW9faGxzX2R5bmFtaWNfbWFuaWZlc3RzXzE1MDgyIjp7ImJ1Y2tldCI6InRydWVfYml0cmF0ZSIsInZlcnNpb24iOm51bGx9LCJ0ZndfbGVnYWN5X3RpbWVsaW5lX3N1bnNldCI6eyJidWNrZXQiOnRydWUsInZlcnNpb24iOm51bGx9LCJ0ZndfdHdlZXRfZWRpdF9mcm9udGVuZCI6eyJidWNrZXQiOiJvbiIsInZlcnNpb24iOm51bGx9fQ%3D%3D&amp;frame=false&amp;hideCard=false&amp;hideThread=false&amp;id=1790917404261826737&amp;lang=es&amp;origin=https%3A%2F%2Fecuadorenvivo.com%2Fclases-seran-presenciales-en-todos-los-centros-educativos%2F&amp;sessionId=3e961a27e218f18cc83242787aadd7b6b40a9698&amp;siteScreenName=ecuadorenvivo&amp;theme=light&amp;widgetsVersion=2615f7e52b7e0%3A1702314776716&amp;width=550px\" frameborder=\"0\" scrolling=\"no\" allowfullscreen=\"allowfullscreen\" data-tweet-id=\"1790917404261826737\" data-mce-fragment=\"1\"><\/iframe><\/div>\n<div><strong>Fuente: Ecuadorenvivo.<\/strong><\/div>\n<\/div>\n<\/figure>\n","protected":false},"excerpt":{"rendered":"<p>Tras el anuncio de la suspensi\u00f3n de los apagones hasta el domingo 26 de mayo el\u00a0Ministerio de Educaci\u00f3n\u00a0indic\u00f3 que las jornadas matutina, vespertina y nocturna se mantendr\u00e1n en modalidad presencial para todas las escuelas y colegios p\u00fablicos del Ecuador. Desde inicios de este mes los cortes de luz permanecen interrumpidos, tras una mejor\u00eda en los embalses en las principales centrales el\u00e9ctricas del Ecuador y reparaciones a las estaciones afectadas. Con ello, las entidades educativas del Ecuador retomaron la normalidad. Esto se dio luego del establecimiento de jornadas no presenciales durante abril, para las modalidades vespertinas y nocturnas. La cartera de estado inform\u00f3 que eval\u00faa de manera permanente el sistema educativo y tomar las medidas adecuadas ante cualquier emergencia nacional. De momento, Roberto Luque, ministro de Energ\u00eda y Minas, ha planteado soluciones a los racionamientos el\u00e9ctricos como la compra de energ\u00eda a Colombia, el posible alquiler de barcazas y alianzas estrat\u00e9gicas con empresas privadas. Fuente: Ecuadorenvivo.<\/p>\n","protected":false},"author":1,"featured_media":16164,"comment_status":"open","ping_status":"open","sticky":false,"template":"","format":"standard","meta":{"footnotes":""},"categories":[268],"tags":[],"class_list":["post-16163","post","type-post","status-publish","format-standard","has-post-thumbnail","hentry","category-nacionales"],"_links":{"self":[{"href":"https:\/\/www.elamazonico.com\/portal\/wp-json\/wp\/v2\/posts\/16163","targetHints":{"allow":["GET"]}}],"collection":[{"href":"https:\/\/www.elamazonico.com\/portal\/wp-json\/wp\/v2\/posts"}],"about":[{"href":"https:\/\/www.elamazonico.com\/portal\/wp-json\/wp\/v2\/types\/post"}],"author":[{"embeddable":true,"href":"https:\/\/www.elamazonico.com\/portal\/wp-json\/wp\/v2\/users\/1"}],"replies":[{"embeddable":true,"href":"https:\/\/www.elamazonico.com\/portal\/wp-json\/wp\/v2\/comments?post=16163"}],"version-history":[{"count":1,"href":"https:\/\/www.elamazonico.com\/portal\/wp-json\/wp\/v2\/posts\/16163\/revisions"}],"predecessor-version":[{"id":16165,"href":"https:\/\/www.elamazonico.com\/portal\/wp-json\/wp\/v2\/posts\/16163\/revisions\/16165"}],"wp:featuredmedia":[{"embeddable":true,"href":"https:\/\/www.elamazonico.com\/portal\/wp-json\/wp\/v2\/media\/16164"}],"wp:attachment":[{"href":"https:\/\/www.elamazonico.com\/portal\/wp-json\/wp\/v2\/media?parent=16163"}],"wp:term":[{"taxonomy":"category","embeddable":true,"href":"https:\/\/www.elamazonico.com\/portal\/wp-json\/wp\/v2\/categories?post=16163"},{"taxonomy":"post_tag","embeddable":true,"href":"https:\/\/www.elamazonico.com\/portal\/wp-json\/wp\/v2\/tags?post=16163"}],"curies":[{"name":"wp","href":"https:\/\/api.w.org\/{rel}","templated":true}]}}