{"id":16146,"date":"2024-05-15T16:56:46","date_gmt":"2024-05-15T21:56:46","guid":{"rendered":"https:\/\/www.elamazonico.com\/portal\/?p=16146"},"modified":"2024-05-15T16:56:46","modified_gmt":"2024-05-15T21:56:46","slug":"vicepresidenta-veronica-abad-sera-denunciada-por-supuesta-infraccion-electoral","status":"publish","type":"post","link":"https:\/\/www.elamazonico.com\/portal\/vicepresidenta-veronica-abad-sera-denunciada-por-supuesta-infraccion-electoral\/","title":{"rendered":"Vicepresidenta Ver\u00f3nica Abad ser\u00e1 denunciada por supuesta infracci\u00f3n electoral"},"content":{"rendered":"<p>La vicepresidenta de la Rep\u00fablica, Ver\u00f3nica Abad, ser\u00e1 denunciada por una supuesta infracci\u00f3n en la pasada campa\u00f1a electoral por el vocal del Consejo de Participaci\u00f3n Ciudadana (Cpccs), Juan Esteban Guarderas.<\/p>\n<p>Guarderas convoc\u00f3 para este jueves 16 de mayo de 2024 a una rueda de prensa para dar a conocer los motivos, pero trascendi\u00f3 en redes sociales que esto se dar\u00e1 por supuesta campa\u00f1a anticipada en las elecciones de 2023, cuando fue electa en binomio con el ahora presidente de la Rep\u00fablica, Daniel Noboa.<\/p>\n<p>En la denuncia tambi\u00e9n incluir\u00e1 al coordinador de Pachakutik y excandidato a la Prefectura de Pichincha, Guillermo Churuchumbi, y a Francisco Su\u00e1rez Abril, quien fue candidato a la Prefectura de Tungurahua por la Izquierda Democr\u00e1tica.<\/p>\n<p>Guarderas ha presentado denuncias de este tipo en contra del alcalde de Quito, Pabel Mu\u00f1oz, a quien el TCE lo mult\u00f3 con USD 9.200 y lo oblig\u00f3 a ofrecer disculpas p\u00fablicas por hacer campa\u00f1a por la excandidata del corre\u00edsmo Luisa Gonz\u00e1lez en los comicios anticipados.<\/p>\n<p>Abad hab\u00eda se\u00f1alado esta semana que el presidente Noboa la quiere fuera del cargo, pero asegur\u00f3 que no renunciar\u00e1. As\u00ed, ella asumir\u00eda temporalmente la Presidencia cuando Noboa deba presentarse a la reelecci\u00f3n en las pr\u00f3ximas elecciones de 2025.<\/p>\n<p>\u00abHoy quieren destituirme a cuenta cabal\u00bb, asegur\u00f3 Abad en una entrevista para diario La Hora, donde hab\u00eda anticipado de una denuncia en su contra en el Tribunal Contencioso Electoral (TCE).<\/p>\n<p>Abad, a quien Noboa envi\u00f3 de embajadora a Tel Aviv para mediar por la paz en Gaza, lo que escenific\u00f3 un distanciamiento que ya exist\u00eda desde la campa\u00f1a electoral, afirm\u00f3 que \u00abel hostigamiento y el maltrato ha sido clar\u00edsimo\u00bb.<\/p>\n<p>Consider\u00f3 que la detenci\u00f3n de su hijo Sebasti\u00e1n Barreiro por un presunto caso de oferta de tr\u00e1fico de influencias en las oficinas de la Vicepresidencia es parte de ese hostigamiento que ella denuncia.<\/p>\n<p>Mientras tanto, en referencia a versiones de medios en redes sociales de que Estados Unidos habr\u00eda revocado la visa a la vicepresidenta Abad, la portavoz de la Embajada dijo a PRIMICIAS: \u201cLos registros de visados son reservados seg\u00fan la legislaci\u00f3n estadounidense; por lo tanto, la Embajada y Consulado de los Estados Unidos no comenta sobre casos individuales\u201d. <strong>Fuente: Primicias<\/strong><small><br \/>\n<\/small><\/p>\n","protected":false},"excerpt":{"rendered":"<p>La vicepresidenta de la Rep\u00fablica, Ver\u00f3nica Abad, ser\u00e1 denunciada por una supuesta infracci\u00f3n en la pasada campa\u00f1a electoral por el vocal del Consejo de Participaci\u00f3n Ciudadana (Cpccs), Juan Esteban Guarderas. Guarderas convoc\u00f3 para este jueves 16 de mayo de 2024 a una rueda de prensa para dar a conocer los motivos, pero trascendi\u00f3 en redes sociales que esto se dar\u00e1 por supuesta campa\u00f1a anticipada en las elecciones de 2023, cuando fue electa en binomio con el ahora presidente de la Rep\u00fablica, Daniel Noboa. En la denuncia tambi\u00e9n incluir\u00e1 al coordinador de Pachakutik y excandidato a la Prefectura de Pichincha, Guillermo Churuchumbi, y a Francisco Su\u00e1rez Abril, quien fue candidato a la Prefectura de Tungurahua por la Izquierda Democr\u00e1tica. Guarderas ha presentado denuncias de este tipo en contra del alcalde de Quito, Pabel Mu\u00f1oz, a quien el TCE lo mult\u00f3 con USD 9.200 y lo oblig\u00f3 a ofrecer disculpas p\u00fablicas por hacer campa\u00f1a por la excandidata del corre\u00edsmo Luisa Gonz\u00e1lez en los comicios anticipados. Abad hab\u00eda se\u00f1alado esta semana que el presidente Noboa la quiere fuera del cargo, pero asegur\u00f3 que no renunciar\u00e1. As\u00ed, ella asumir\u00eda temporalmente la Presidencia cuando Noboa deba presentarse a la reelecci\u00f3n en las pr\u00f3ximas elecciones de 2025. \u00abHoy quieren destituirme a cuenta cabal\u00bb, asegur\u00f3 Abad en una entrevista para diario La Hora, donde hab\u00eda anticipado de una denuncia en su contra en el Tribunal Contencioso Electoral (TCE). Abad, a quien Noboa envi\u00f3 de embajadora a Tel Aviv para mediar por la paz en Gaza, lo que escenific\u00f3 un distanciamiento que ya exist\u00eda desde la campa\u00f1a electoral, afirm\u00f3 que \u00abel hostigamiento y el maltrato ha sido clar\u00edsimo\u00bb. Consider\u00f3 que la detenci\u00f3n de su hijo Sebasti\u00e1n Barreiro por un presunto caso de oferta de tr\u00e1fico de influencias en las oficinas de la Vicepresidencia es parte de ese hostigamiento que ella denuncia. Mientras tanto, en referencia a versiones de medios en redes sociales de que Estados Unidos habr\u00eda revocado la visa a la vicepresidenta Abad, la portavoz de la Embajada dijo a PRIMICIAS: \u201cLos registros de visados son reservados seg\u00fan la legislaci\u00f3n estadounidense; por lo tanto, la Embajada y Consulado de los Estados Unidos no comenta sobre casos individuales\u201d. Fuente: Primicias<\/p>\n","protected":false},"author":1,"featured_media":16147,"comment_status":"open","ping_status":"open","sticky":false,"template":"","format":"standard","meta":{"footnotes":""},"categories":[268],"tags":[],"class_list":["post-16146","post","type-post","status-publish","format-standard","has-post-thumbnail","hentry","category-nacionales"],"_links":{"self":[{"href":"https:\/\/www.elamazonico.com\/portal\/wp-json\/wp\/v2\/posts\/16146","targetHints":{"allow":["GET"]}}],"collection":[{"href":"https:\/\/www.elamazonico.com\/portal\/wp-json\/wp\/v2\/posts"}],"about":[{"href":"https:\/\/www.elamazonico.com\/portal\/wp-json\/wp\/v2\/types\/post"}],"author":[{"embeddable":true,"href":"https:\/\/www.elamazonico.com\/portal\/wp-json\/wp\/v2\/users\/1"}],"replies":[{"embeddable":true,"href":"https:\/\/www.elamazonico.com\/portal\/wp-json\/wp\/v2\/comments?post=16146"}],"version-history":[{"count":1,"href":"https:\/\/www.elamazonico.com\/portal\/wp-json\/wp\/v2\/posts\/16146\/revisions"}],"predecessor-version":[{"id":16148,"href":"https:\/\/www.elamazonico.com\/portal\/wp-json\/wp\/v2\/posts\/16146\/revisions\/16148"}],"wp:featuredmedia":[{"embeddable":true,"href":"https:\/\/www.elamazonico.com\/portal\/wp-json\/wp\/v2\/media\/16147"}],"wp:attachment":[{"href":"https:\/\/www.elamazonico.com\/portal\/wp-json\/wp\/v2\/media?parent=16146"}],"wp:term":[{"taxonomy":"category","embeddable":true,"href":"https:\/\/www.elamazonico.com\/portal\/wp-json\/wp\/v2\/categories?post=16146"},{"taxonomy":"post_tag","embeddable":true,"href":"https:\/\/www.elamazonico.com\/portal\/wp-json\/wp\/v2\/tags?post=16146"}],"curies":[{"name":"wp","href":"https:\/\/api.w.org\/{rel}","templated":true}]}}