{"id":16133,"date":"2024-05-15T14:49:55","date_gmt":"2024-05-15T19:49:55","guid":{"rendered":"https:\/\/www.elamazonico.com\/portal\/?p=16133"},"modified":"2024-05-15T14:49:55","modified_gmt":"2024-05-15T19:49:55","slug":"fiscal-diana-salazar-enfrenta-una-nueva-solicitud-de-juicio-politico-que-ha-puesto-en-marcha-el-correismo","status":"publish","type":"post","link":"https:\/\/www.elamazonico.com\/portal\/fiscal-diana-salazar-enfrenta-una-nueva-solicitud-de-juicio-politico-que-ha-puesto-en-marcha-el-correismo\/","title":{"rendered":"Fiscal Diana Salazar enfrenta una nueva solicitud de juicio pol\u00edtico, que ha puesto en marcha el corre\u00edsmo"},"content":{"rendered":"<p class=\"p_0\">El movimiento<b>\u00a0Revoluci\u00f3n Ciudadana<\/b>, encabezado por el expresidente Rafael Correa, ha puesto en marcha un nuevo proceso de juicio pol\u00edtico en la Asamblea Nacional contra la fiscal general del Estado,\u00a0<b>Diana<\/b>\u00a0<b>Salazar<\/b>.<\/p>\n<p class=\"p_1\">La solicitud fue presentada por el asamble\u00edsta H\u00e9ctor Valladares, quien acusa a Salazar de presunto\u00a0<b>incumplimiento<\/b>\u00a0de\u00a0<b>funciones<\/b>, alegando que no ha actuado adecuadamente en relaci\u00f3n con la informaci\u00f3n proporcionada por la Unidad de An\u00e1lisis Financiero y Econ\u00f3mico (UAFE) sobre casos de blanqueo de dinero y\u00a0<b>lavado<\/b>\u00a0de\u00a0<b>activos<\/b>.<\/p>\n<p>Valladares se\u00f1al\u00f3 que, aunque la\u00a0<b>UAFE<\/b>\u00a0remiti\u00f3 a la Fiscal\u00eda General del Estado 97 procesos entre 2009 y 2022, solo se han llevado adelante doce causas, de las cuales apenas cinco han recibido sentencia judicial.<\/p>\n<p>La Fiscal\u00eda General del Estado (FGE) ha respondido a estas acusaciones, aclarando que el trabajo realizado en la lucha contra el lavado de activos ha sido reconocido a nivel\u00a0<b>internacional<\/b>, incluyendo la evaluaci\u00f3n positiva realizada por el Grupo de Acci\u00f3n Financiera de Latinoam\u00e9rica (GAFILAT), lo que tambi\u00e9n ha permitido que el pa\u00eds sea reconocido como\u00a0<b>cooperante<\/b>\u00a0en la regi\u00f3n, en materia de la lucha contra este delito.<\/p>\n<p>\u00abSeg\u00fan las declaraciones emitidas por el proponente, H\u00e9ctor Valladares, una de las presuntas causa para la solicitud consiste en el\u00a0<b>encubrimiento<\/b>\u00a0de potenciales casos de lavado de activos. La FGE aclara que dichas declaraciones no tienen ning\u00fan sustento, m\u00e1s all\u00e1 de la falta de\u00a0<b>entendimiento<\/b>\u00a0por parte del legislador mencionado sobre el tema en cuesti\u00f3n\u00bb, se\u00f1ala el comunicado de la instituci\u00f3n.<\/p>\n<p class=\"p_6\">Adem\u00e1s, la Fiscal\u00eda sostiene que cuenta con un marco legal claro y preciso para coordinar con la UAFE, lo que ha resultado en avances significativos en la investigaci\u00f3n y persecuci\u00f3n de delitos financieros.<\/p>\n<p class=\"p_7\">En cuanto al caso espec\u00edfico mencionado como &#8216;<b>Copaco<\/b>&#8216;, la Fiscal\u00eda explic\u00f3 que dicho caso correspondi\u00f3 al a\u00f1o 2016 (cuando la m\u00e1xima autoridad de Fiscal\u00eda era Galo Chiriboga). Se destac\u00f3 que la Fiscal\u00eda utiliz\u00f3 todos los recursos legales disponibles, pero fue la Corte Provincial de Guayas la que declar\u00f3 nulo el proceso.<\/p>\n<p class=\"p_8\">\u00abAdem\u00e1s, en este caso -que se ventil\u00f3 en las cortes de Estados Unidos- se determin\u00f3 que la UAFE us\u00f3 informaci\u00f3n falsa que remiti\u00f3 a la Fiscal\u00eda, enga\u00f1\u00e1ndola\u00bb, acot\u00f3 la FGE.<\/p>\n<p class=\"p_9\">La Fiscal\u00eda General del Estado concluy\u00f3 que estas acciones de juicio pol\u00edtico reflejan intereses\u00a0<b>partidistas<\/b> y buscan desviar la atenci\u00f3n de la labor t\u00e9cnica y basada en hechos verificables que realiza la instituci\u00f3n. <strong>Fuente: Vistazo<\/strong><\/p>\n","protected":false},"excerpt":{"rendered":"<p>El movimiento\u00a0Revoluci\u00f3n Ciudadana, encabezado por el expresidente Rafael Correa, ha puesto en marcha un nuevo proceso de juicio pol\u00edtico en la Asamblea Nacional contra la fiscal general del Estado,\u00a0Diana\u00a0Salazar. La solicitud fue presentada por el asamble\u00edsta H\u00e9ctor Valladares, quien acusa a Salazar de presunto\u00a0incumplimiento\u00a0de\u00a0funciones, alegando que no ha actuado adecuadamente en relaci\u00f3n con la informaci\u00f3n proporcionada por la Unidad de An\u00e1lisis Financiero y Econ\u00f3mico (UAFE) sobre casos de blanqueo de dinero y\u00a0lavado\u00a0de\u00a0activos. Valladares se\u00f1al\u00f3 que, aunque la\u00a0UAFE\u00a0remiti\u00f3 a la Fiscal\u00eda General del Estado 97 procesos entre 2009 y 2022, solo se han llevado adelante doce causas, de las cuales apenas cinco han recibido sentencia judicial. La Fiscal\u00eda General del Estado (FGE) ha respondido a estas acusaciones, aclarando que el trabajo realizado en la lucha contra el lavado de activos ha sido reconocido a nivel\u00a0internacional, incluyendo la evaluaci\u00f3n positiva realizada por el Grupo de Acci\u00f3n Financiera de Latinoam\u00e9rica (GAFILAT), lo que tambi\u00e9n ha permitido que el pa\u00eds sea reconocido como\u00a0cooperante\u00a0en la regi\u00f3n, en materia de la lucha contra este delito. \u00abSeg\u00fan las declaraciones emitidas por el proponente, H\u00e9ctor Valladares, una de las presuntas causa para la solicitud consiste en el\u00a0encubrimiento\u00a0de potenciales casos de lavado de activos. La FGE aclara que dichas declaraciones no tienen ning\u00fan sustento, m\u00e1s all\u00e1 de la falta de\u00a0entendimiento\u00a0por parte del legislador mencionado sobre el tema en cuesti\u00f3n\u00bb, se\u00f1ala el comunicado de la instituci\u00f3n. Adem\u00e1s, la Fiscal\u00eda sostiene que cuenta con un marco legal claro y preciso para coordinar con la UAFE, lo que ha resultado en avances significativos en la investigaci\u00f3n y persecuci\u00f3n de delitos financieros. En cuanto al caso espec\u00edfico mencionado como &#8216;Copaco&#8216;, la Fiscal\u00eda explic\u00f3 que dicho caso correspondi\u00f3 al a\u00f1o 2016 (cuando la m\u00e1xima autoridad de Fiscal\u00eda era Galo Chiriboga). Se destac\u00f3 que la Fiscal\u00eda utiliz\u00f3 todos los recursos legales disponibles, pero fue la Corte Provincial de Guayas la que declar\u00f3 nulo el proceso. \u00abAdem\u00e1s, en este caso -que se ventil\u00f3 en las cortes de Estados Unidos- se determin\u00f3 que la UAFE us\u00f3 informaci\u00f3n falsa que remiti\u00f3 a la Fiscal\u00eda, enga\u00f1\u00e1ndola\u00bb, acot\u00f3 la FGE. La Fiscal\u00eda General del Estado concluy\u00f3 que estas acciones de juicio pol\u00edtico reflejan intereses\u00a0partidistas y buscan desviar la atenci\u00f3n de la labor t\u00e9cnica y basada en hechos verificables que realiza la instituci\u00f3n. Fuente: Vistazo<\/p>\n","protected":false},"author":1,"featured_media":16134,"comment_status":"open","ping_status":"open","sticky":false,"template":"","format":"standard","meta":{"footnotes":""},"categories":[268],"tags":[],"class_list":["post-16133","post","type-post","status-publish","format-standard","has-post-thumbnail","hentry","category-nacionales"],"_links":{"self":[{"href":"https:\/\/www.elamazonico.com\/portal\/wp-json\/wp\/v2\/posts\/16133","targetHints":{"allow":["GET"]}}],"collection":[{"href":"https:\/\/www.elamazonico.com\/portal\/wp-json\/wp\/v2\/posts"}],"about":[{"href":"https:\/\/www.elamazonico.com\/portal\/wp-json\/wp\/v2\/types\/post"}],"author":[{"embeddable":true,"href":"https:\/\/www.elamazonico.com\/portal\/wp-json\/wp\/v2\/users\/1"}],"replies":[{"embeddable":true,"href":"https:\/\/www.elamazonico.com\/portal\/wp-json\/wp\/v2\/comments?post=16133"}],"version-history":[{"count":1,"href":"https:\/\/www.elamazonico.com\/portal\/wp-json\/wp\/v2\/posts\/16133\/revisions"}],"predecessor-version":[{"id":16135,"href":"https:\/\/www.elamazonico.com\/portal\/wp-json\/wp\/v2\/posts\/16133\/revisions\/16135"}],"wp:featuredmedia":[{"embeddable":true,"href":"https:\/\/www.elamazonico.com\/portal\/wp-json\/wp\/v2\/media\/16134"}],"wp:attachment":[{"href":"https:\/\/www.elamazonico.com\/portal\/wp-json\/wp\/v2\/media?parent=16133"}],"wp:term":[{"taxonomy":"category","embeddable":true,"href":"https:\/\/www.elamazonico.com\/portal\/wp-json\/wp\/v2\/categories?post=16133"},{"taxonomy":"post_tag","embeddable":true,"href":"https:\/\/www.elamazonico.com\/portal\/wp-json\/wp\/v2\/tags?post=16133"}],"curies":[{"name":"wp","href":"https:\/\/api.w.org\/{rel}","templated":true}]}}