{"id":16119,"date":"2024-05-15T10:09:57","date_gmt":"2024-05-15T15:09:57","guid":{"rendered":"https:\/\/www.elamazonico.comportal\/?p=16119"},"modified":"2024-05-15T10:09:57","modified_gmt":"2024-05-15T15:09:57","slug":"bus-que-transportaba-pacientes-de-dialisis-termino-en-una-laguna-en-la-via-quevedo-santo-domingo","status":"publish","type":"post","link":"https:\/\/www.elamazonico.com\/portal\/bus-que-transportaba-pacientes-de-dialisis-termino-en-una-laguna-en-la-via-quevedo-santo-domingo\/","title":{"rendered":"Bus que transportaba pacientes de di\u00e1lisis termin\u00f3 en una laguna en la v\u00eda Quevedo-Santo Domingo"},"content":{"rendered":"<p>Dos personas fallecieron despu\u00e9s de un siniestro de tr\u00e1nsito en el que un bus particular perdi\u00f3 pista en la v\u00eda Quevedo-Santo Domingo, sector de Congoma. El ECU 911 inform\u00f3 este 15 de mayo de 2024 que el hecho ocurri\u00f3 durante la madrugada y hay otras 23 personas heridas.<\/p>\n<p>\u201cCabe indicar que el n\u00famero de afectados podr\u00eda variar debido a que las tareas de atenci\u00f3n contin\u00faan en el sitio\u201d, inform\u00f3 el ECU 911 a las 08:58 de hoy.<\/p>\n<p>Una vez que se recibi\u00f3 la alerta, el ECU 911 Santo Domingo moviliz\u00f3 personal t\u00e9cnico y unidades de la Comisi\u00f3n de Tr\u00e1nsito del Ecuador (CTE), Cuerpo de Bomberos (CB), Polic\u00eda Nacional (PN), Agentes Civiles de Tr\u00e1nsito (ACT), ambulancias de la Cruz Roja del Ecuador (CRE), Ministerio de Salud P\u00fablica (MSP) y de Consulting Group (CG).<\/p>\n<div class=\"twitter-tweet twitter-tweet-rendered\"><iframe id=\"twitter-widget-1\" class=\"\" title=\"X Post\" src=\"https:\/\/platform.twitter.com\/embed\/Tweet.html?creatorScreenName=el_telegrafo&amp;dnt=false&amp;embedId=twitter-widget-1&amp;features=eyJ0ZndfdGltZWxpbmVfbGlzdCI6eyJidWNrZXQiOltdLCJ2ZXJzaW9uIjpudWxsfSwidGZ3X2ZvbGxvd2VyX2NvdW50X3N1bnNldCI6eyJidWNrZXQiOnRydWUsInZlcnNpb24iOm51bGx9LCJ0ZndfdHdlZXRfZWRpdF9iYWNrZW5kIjp7ImJ1Y2tldCI6Im9uIiwidmVyc2lvbiI6bnVsbH0sInRmd19yZWZzcmNfc2Vzc2lvbiI6eyJidWNrZXQiOiJvbiIsInZlcnNpb24iOm51bGx9LCJ0ZndfZm9zbnJfc29mdF9pbnRlcnZlbnRpb25zX2VuYWJsZWQiOnsiYnVja2V0Ijoib24iLCJ2ZXJzaW9uIjpudWxsfSwidGZ3X21peGVkX21lZGlhXzE1ODk3Ijp7ImJ1Y2tldCI6InRyZWF0bWVudCIsInZlcnNpb24iOm51bGx9LCJ0ZndfZXhwZXJpbWVudHNfY29va2llX2V4cGlyYXRpb24iOnsiYnVja2V0IjoxMjA5NjAwLCJ2ZXJzaW9uIjpudWxsfSwidGZ3X3Nob3dfYmlyZHdhdGNoX3Bpdm90c19lbmFibGVkIjp7ImJ1Y2tldCI6Im9uIiwidmVyc2lvbiI6bnVsbH0sInRmd19kdXBsaWNhdGVfc2NyaWJlc190b19zZXR0aW5ncyI6eyJidWNrZXQiOiJvbiIsInZlcnNpb24iOm51bGx9LCJ0ZndfdXNlX3Byb2ZpbGVfaW1hZ2Vfc2hhcGVfZW5hYmxlZCI6eyJidWNrZXQiOiJvbiIsInZlcnNpb24iOm51bGx9LCJ0ZndfdmlkZW9faGxzX2R5bmFtaWNfbWFuaWZlc3RzXzE1MDgyIjp7ImJ1Y2tldCI6InRydWVfYml0cmF0ZSIsInZlcnNpb24iOm51bGx9LCJ0ZndfbGVnYWN5X3RpbWVsaW5lX3N1bnNldCI6eyJidWNrZXQiOnRydWUsInZlcnNpb24iOm51bGx9LCJ0ZndfdHdlZXRfZWRpdF9mcm9udGVuZCI6eyJidWNrZXQiOiJvbiIsInZlcnNpb24iOm51bGx9fQ%3D%3D&amp;frame=false&amp;hideCard=false&amp;hideThread=false&amp;id=1790743471398978013&amp;lang=es&amp;origin=https%3A%2F%2Fwww.eltelegrafo.com.ec%2Fnacionales%2Fnacionales%2F44%2Fbus-que-transportaba-pacientes-de-dialisis-termino-en-una-laguna-en-la-via-quevedo-santo-domingo&amp;sessionId=7444a3e7040879ce98a83ba06ef2f40e47030682&amp;siteScreenName=el_telegrafo&amp;theme=light&amp;widgetsVersion=2615f7e52b7e0%3A1702314776716&amp;width=550px\" frameborder=\"0\" scrolling=\"no\" allowfullscreen=\"allowfullscreen\" data-tweet-id=\"1790743471398978013\" data-mce-fragment=\"1\"><\/iframe><\/div>\n<p>En las im\u00e1genes que circulan en redes sociales se observa que el bus tipo escolar termin\u00f3 en una laguna, al lado de la v\u00eda. El personal de socorro tuvo que acceder al afluente para realizar sus tareas y ayudar a quienes quedaron atrapados tras la ca\u00edda.<\/p>\n<p>En su cuenta de X, la Comisi\u00f3n de Tr\u00e1nsito del Ecuador inform\u00f3 que el veh\u00edculo transportaba pacientes de di\u00e1lisis. Tambi\u00e9n se\u00f1al\u00f3 que los afectados fueron trasladados a un hospital.<\/p>\n<p><strong>Fuente: El Tel\u00e9grafo.<\/strong><\/p>\n","protected":false},"excerpt":{"rendered":"<p>Dos personas fallecieron despu\u00e9s de un siniestro de tr\u00e1nsito en el que un bus particular perdi\u00f3 pista en la v\u00eda Quevedo-Santo Domingo, sector de Congoma. El ECU 911 inform\u00f3 este 15 de mayo de 2024 que el hecho ocurri\u00f3 durante la madrugada y hay otras 23 personas heridas. \u201cCabe indicar que el n\u00famero de afectados podr\u00eda variar debido a que las tareas de atenci\u00f3n contin\u00faan en el sitio\u201d, inform\u00f3 el ECU 911 a las 08:58 de hoy. Una vez que se recibi\u00f3 la alerta, el ECU 911 Santo Domingo moviliz\u00f3 personal t\u00e9cnico y unidades de la Comisi\u00f3n de Tr\u00e1nsito del Ecuador (CTE), Cuerpo de Bomberos (CB), Polic\u00eda Nacional (PN), Agentes Civiles de Tr\u00e1nsito (ACT), ambulancias de la Cruz Roja del Ecuador (CRE), Ministerio de Salud P\u00fablica (MSP) y de Consulting Group (CG). En las im\u00e1genes que circulan en redes sociales se observa que el bus tipo escolar termin\u00f3 en una laguna, al lado de la v\u00eda. El personal de socorro tuvo que acceder al afluente para realizar sus tareas y ayudar a quienes quedaron atrapados tras la ca\u00edda. En su cuenta de X, la Comisi\u00f3n de Tr\u00e1nsito del Ecuador inform\u00f3 que el veh\u00edculo transportaba pacientes de di\u00e1lisis. Tambi\u00e9n se\u00f1al\u00f3 que los afectados fueron trasladados a un hospital. Fuente: El Tel\u00e9grafo.<\/p>\n","protected":false},"author":1,"featured_media":16120,"comment_status":"open","ping_status":"open","sticky":false,"template":"","format":"standard","meta":{"footnotes":""},"categories":[268],"tags":[],"class_list":["post-16119","post","type-post","status-publish","format-standard","has-post-thumbnail","hentry","category-nacionales"],"_links":{"self":[{"href":"https:\/\/www.elamazonico.com\/portal\/wp-json\/wp\/v2\/posts\/16119","targetHints":{"allow":["GET"]}}],"collection":[{"href":"https:\/\/www.elamazonico.com\/portal\/wp-json\/wp\/v2\/posts"}],"about":[{"href":"https:\/\/www.elamazonico.com\/portal\/wp-json\/wp\/v2\/types\/post"}],"author":[{"embeddable":true,"href":"https:\/\/www.elamazonico.com\/portal\/wp-json\/wp\/v2\/users\/1"}],"replies":[{"embeddable":true,"href":"https:\/\/www.elamazonico.com\/portal\/wp-json\/wp\/v2\/comments?post=16119"}],"version-history":[{"count":1,"href":"https:\/\/www.elamazonico.com\/portal\/wp-json\/wp\/v2\/posts\/16119\/revisions"}],"predecessor-version":[{"id":16121,"href":"https:\/\/www.elamazonico.com\/portal\/wp-json\/wp\/v2\/posts\/16119\/revisions\/16121"}],"wp:featuredmedia":[{"embeddable":true,"href":"https:\/\/www.elamazonico.com\/portal\/wp-json\/wp\/v2\/media\/16120"}],"wp:attachment":[{"href":"https:\/\/www.elamazonico.com\/portal\/wp-json\/wp\/v2\/media?parent=16119"}],"wp:term":[{"taxonomy":"category","embeddable":true,"href":"https:\/\/www.elamazonico.com\/portal\/wp-json\/wp\/v2\/categories?post=16119"},{"taxonomy":"post_tag","embeddable":true,"href":"https:\/\/www.elamazonico.com\/portal\/wp-json\/wp\/v2\/tags?post=16119"}],"curies":[{"name":"wp","href":"https:\/\/api.w.org\/{rel}","templated":true}]}}