{"id":16113,"date":"2024-05-15T09:20:41","date_gmt":"2024-05-15T14:20:41","guid":{"rendered":"https:\/\/www.elamazonico.comportal\/?p=16113"},"modified":"2024-05-15T09:20:41","modified_gmt":"2024-05-15T14:20:41","slug":"mayoria-del-cpccs-dice-que-accion-de-proteccion-de-expresidenta-es-contraria-a-la-ley","status":"publish","type":"post","link":"https:\/\/www.elamazonico.com\/portal\/mayoria-del-cpccs-dice-que-accion-de-proteccion-de-expresidenta-es-contraria-a-la-ley\/","title":{"rendered":"Mayor\u00eda del Cpccs dice que acci\u00f3n de protecci\u00f3n de expresidenta es contraria a la Ley"},"content":{"rendered":"<p>Con una acci\u00f3n de protecci\u00f3n, la expresidenta del Consejo de Participaci\u00f3n Ciudadana (Cpccs), Nicole Bonifaz, intenta regresar a su cargo. En respuesta, la mayor\u00eda del Pleno de esa entidad rechaz\u00f3 ese recurso y dice que es un abuso de las garant\u00edas jurisdiccionales\u00a0 con un objetivo pol\u00edtico.<\/p>\n<div class=\"google-auto-placed ap_container\"><ins class=\"adsbygoogle adsbygoogle-noablate\" data-ad-format=\"auto\" data-ad-client=\"ca-pub-4257119852434871\" data-adsbygoogle-status=\"done\" data-ad-status=\"unfilled\"><\/p>\n<div id=\"aswift_6_host\"><iframe id=\"aswift_6\" tabindex=\"0\" title=\"Advertisement\" src=\"https:\/\/googleads.g.doubleclick.net\/pagead\/ads?gdpr=0&amp;client=ca-pub-4257119852434871&amp;output=html&amp;h=280&amp;adk=162714423&amp;adf=3290523148&amp;w=856&amp;abgtt=6&amp;fwrn=4&amp;fwrnh=100&amp;lmt=1715782611&amp;num_ads=1&amp;rafmt=1&amp;armr=3&amp;sem=mc&amp;pwprc=2102549152&amp;ad_type=text_image&amp;format=856x280&amp;url=https%3A%2F%2Fwww.eltelegrafo.com.ec%2Fnoticias%2Fnacionales%2F44%2Fmayoria-del-cpccs-dice-que-accion-de-proteccion-de-expresidenta-es-contraria-a-la-ley&amp;fwr=0&amp;pra=3&amp;rh=200&amp;rw=855&amp;rpe=1&amp;resp_fmts=3&amp;wgl=1&amp;fa=27&amp;uach=WyJXaW5kb3dzIiwiMTAuMC4wIiwieDg2IiwiIiwiMTI0LjAuNjM2Ny4yMDciLG51bGwsMCxudWxsLCI2NCIsW1siQ2hyb21pdW0iLCIxMjQuMC42MzY3LjIwNyJdLFsiR29vZ2xlIENocm9tZSIsIjEyNC4wLjYzNjcuMjA3Il0sWyJOb3QtQS5CcmFuZCIsIjk5LjAuMC4wIl1dLDBd&amp;dt=1715782611448&amp;bpp=2&amp;bdt=1167&amp;idt=2&amp;shv=r20240509&amp;mjsv=m202405080101&amp;ptt=9&amp;saldr=aa&amp;abxe=1&amp;cookie=ID%3D465c2541baf687a4%3AT%3D1699840113%3ART%3D1715782606%3AS%3DALNI_Ma8J3-ISjkQWbkwF4QK33swfyNVlA&amp;gpic=UID%3D00000da17ea21195%3AT%3D1699840113%3ART%3D1715782606%3AS%3DALNI_MbOBheOVo1yYc5GwEp6KpuqxEH-ZQ&amp;eo_id_str=ID%3Df6c0999a13c08c53%3AT%3D1705610660%3ART%3D1715782606%3AS%3DAA-AfjYoR4_Puu7LHamHTPYWFYxJ&amp;prev_fmts=0x0%2C1200x280%2C2023x961%2C200x600%2C1005x124%2C416x280&amp;nras=7&amp;correlator=6359915726872&amp;frm=20&amp;pv=1&amp;ga_vid=180629986.1699840112&amp;ga_sid=1715782611&amp;ga_hid=39755824&amp;ga_fc=1&amp;u_tz=-300&amp;u_his=4&amp;u_h=768&amp;u_w=1366&amp;u_ah=728&amp;u_aw=1366&amp;u_cd=24&amp;u_sd=0.667&amp;dmc=8&amp;adx=376&amp;ady=1443&amp;biw=2023&amp;bih=961&amp;scr_x=0&amp;scr_y=0&amp;eid=44759875%2C44759926%2C44759837%2C31083360%2C31083588%2C31083637%2C44795921%2C95331695%2C95331983%2C95331711%2C95332416%2C31078663%2C31078665%2C31078668%2C31078670&amp;oid=2&amp;pvsid=251660370939269&amp;tmod=1978843510&amp;uas=0&amp;nvt=1&amp;ref=https%3A%2F%2Fwww.eltelegrafo.com.ec%2F&amp;fc=1408&amp;brdim=0%2C0%2C0%2C0%2C1366%2C0%2C1366%2C728%2C2049%2C961&amp;vis=1&amp;rsz=%7C%7Cs%7C&amp;abl=NS&amp;fu=128&amp;bc=31&amp;bz=0.67&amp;td=1&amp;psd=W251bGwsbnVsbCxudWxsLDNd&amp;nt=1&amp;ifi=7&amp;uci=a!7&amp;btvi=4&amp;fsb=1&amp;dtd=221\" name=\"aswift_6\" width=\"856\" height=\"0\" frameborder=\"0\" marginwidth=\"0\" marginheight=\"0\" scrolling=\"no\" sandbox=\"allow-forms allow-popups allow-popups-to-escape-sandbox allow-same-origin allow-scripts allow-top-navigation-by-user-activation\" data-google-container-id=\"a!7\" aria-label=\"Advertisement\" data-google-query-id=\"CJWL1qjsj4YDFSiwywEdl6cIgw\" data-load-complete=\"true\" data-mce-fragment=\"1\"><\/iframe><\/div>\n<p><\/ins><\/div>\n<p>\u201cLa acci\u00f3n de protecci\u00f3n de la consejera Bonifaz es desnaturalizada, contraria a la Ley y un ejemplo de c\u00f3mo se pretende abusar de las garant\u00edas jurisdiccionales con el objetivo pol\u00edtico de alterar la conducci\u00f3n del Cpccs en momentos en que est\u00e1n en marcha procesos fundamentales para el pa\u00eds\u00bb, se se\u00f1ala en el comunicado.<\/p>\n<div class=\"twitter-tweet twitter-tweet-rendered\"><iframe id=\"twitter-widget-1\" class=\"\" title=\"X Post\" src=\"https:\/\/platform.twitter.com\/embed\/Tweet.html?creatorScreenName=el_telegrafo&amp;dnt=false&amp;embedId=twitter-widget-1&amp;features=eyJ0ZndfdGltZWxpbmVfbGlzdCI6eyJidWNrZXQiOltdLCJ2ZXJzaW9uIjpudWxsfSwidGZ3X2ZvbGxvd2VyX2NvdW50X3N1bnNldCI6eyJidWNrZXQiOnRydWUsInZlcnNpb24iOm51bGx9LCJ0ZndfdHdlZXRfZWRpdF9iYWNrZW5kIjp7ImJ1Y2tldCI6Im9uIiwidmVyc2lvbiI6bnVsbH0sInRmd19yZWZzcmNfc2Vzc2lvbiI6eyJidWNrZXQiOiJvbiIsInZlcnNpb24iOm51bGx9LCJ0ZndfZm9zbnJfc29mdF9pbnRlcnZlbnRpb25zX2VuYWJsZWQiOnsiYnVja2V0Ijoib24iLCJ2ZXJzaW9uIjpudWxsfSwidGZ3X21peGVkX21lZGlhXzE1ODk3Ijp7ImJ1Y2tldCI6InRyZWF0bWVudCIsInZlcnNpb24iOm51bGx9LCJ0ZndfZXhwZXJpbWVudHNfY29va2llX2V4cGlyYXRpb24iOnsiYnVja2V0IjoxMjA5NjAwLCJ2ZXJzaW9uIjpudWxsfSwidGZ3X3Nob3dfYmlyZHdhdGNoX3Bpdm90c19lbmFibGVkIjp7ImJ1Y2tldCI6Im9uIiwidmVyc2lvbiI6bnVsbH0sInRmd19kdXBsaWNhdGVfc2NyaWJlc190b19zZXR0aW5ncyI6eyJidWNrZXQiOiJvbiIsInZlcnNpb24iOm51bGx9LCJ0ZndfdXNlX3Byb2ZpbGVfaW1hZ2Vfc2hhcGVfZW5hYmxlZCI6eyJidWNrZXQiOiJvbiIsInZlcnNpb24iOm51bGx9LCJ0ZndfdmlkZW9faGxzX2R5bmFtaWNfbWFuaWZlc3RzXzE1MDgyIjp7ImJ1Y2tldCI6InRydWVfYml0cmF0ZSIsInZlcnNpb24iOm51bGx9LCJ0ZndfbGVnYWN5X3RpbWVsaW5lX3N1bnNldCI6eyJidWNrZXQiOnRydWUsInZlcnNpb24iOm51bGx9LCJ0ZndfdHdlZXRfZWRpdF9mcm9udGVuZCI6eyJidWNrZXQiOiJvbiIsInZlcnNpb24iOm51bGx9fQ%3D%3D&amp;frame=false&amp;hideCard=false&amp;hideThread=false&amp;id=1790578131893374985&amp;lang=es&amp;origin=https%3A%2F%2Fwww.eltelegrafo.com.ec%2Fnacionales%2Fnacionales%2F44%2Fmayoria-del-cpccs-dice-que-accion-de-proteccion-de-expresidenta-es-contraria-a-la-ley&amp;sessionId=65380384211aa3a530219236650ccc21425db047&amp;siteScreenName=el_telegrafo&amp;theme=light&amp;widgetsVersion=2615f7e52b7e0%3A1702314776716&amp;width=550px\" frameborder=\"0\" scrolling=\"no\" allowfullscreen=\"allowfullscreen\" data-tweet-id=\"1790578131893374985\" data-mce-fragment=\"1\"><\/iframe><\/div>\n<p>Ese pronunciamiento est\u00e1 firmado por los consejeros que conforman la nueva mayor\u00eda en la entidad: Andr\u00e9s Fantoni (presidente), Mishelle Calvache (vicepresidenta), Johanna Verdezoto y Juan Esteban Guarderas.<\/p>\n<p>Respecto a la acci\u00f3n legal, la mayor\u00eda se\u00f1ala que \u201cse ejercer\u00e1 una defensa eminentemente t\u00e9cnica y presentar\u00e1n ante el Tribunal competente todos los argumentos\u00a0 y pruebas\u201d.<\/p>\n<p>Nicole Bonifaz asumi\u00f3 la presidencia en octubre de 2023, despu\u00e9s de que Alembert Vera fue destituido por incumplir un dictamen de la Corte Constitucional.<\/p>\n<p>El pasado 3 de abril, en una atropellada sesi\u00f3n, la nueva mayor\u00eda del Consejo resolvi\u00f3 removerla de su cargo. Esto despu\u00e9s de que Guarderas solicitar\u00e1 que la sesi\u00f3n sea declarada permanente. Luego, la consejera Calvache apel\u00f3 la Presidencia de Bonifaz y esta \u00faltima, en respuesta, suspendi\u00f3 la sesi\u00f3n.<\/p>\n<p>La acci\u00f3n de protecci\u00f3n que fue presentada el pasado 13 de mayo se conocer\u00e1 en una Tribunal de Garant\u00edas Penales de Quitumbe.<\/p>\n<p><strong>Fuente: El Tel\u00e9grafo.<\/strong><\/p>\n","protected":false},"excerpt":{"rendered":"<p>Con una acci\u00f3n de protecci\u00f3n, la expresidenta del Consejo de Participaci\u00f3n Ciudadana (Cpccs), Nicole Bonifaz, intenta regresar a su cargo. En respuesta, la mayor\u00eda del Pleno de esa entidad rechaz\u00f3 ese recurso y dice que es un abuso de las garant\u00edas jurisdiccionales\u00a0 con un objetivo pol\u00edtico. \u201cLa acci\u00f3n de protecci\u00f3n de la consejera Bonifaz es desnaturalizada, contraria a la Ley y un ejemplo de c\u00f3mo se pretende abusar de las garant\u00edas jurisdiccionales con el objetivo pol\u00edtico de alterar la conducci\u00f3n del Cpccs en momentos en que est\u00e1n en marcha procesos fundamentales para el pa\u00eds\u00bb, se se\u00f1ala en el comunicado. Ese pronunciamiento est\u00e1 firmado por los consejeros que conforman la nueva mayor\u00eda en la entidad: Andr\u00e9s Fantoni (presidente), Mishelle Calvache (vicepresidenta), Johanna Verdezoto y Juan Esteban Guarderas. Respecto a la acci\u00f3n legal, la mayor\u00eda se\u00f1ala que \u201cse ejercer\u00e1 una defensa eminentemente t\u00e9cnica y presentar\u00e1n ante el Tribunal competente todos los argumentos\u00a0 y pruebas\u201d. Nicole Bonifaz asumi\u00f3 la presidencia en octubre de 2023, despu\u00e9s de que Alembert Vera fue destituido por incumplir un dictamen de la Corte Constitucional. El pasado 3 de abril, en una atropellada sesi\u00f3n, la nueva mayor\u00eda del Consejo resolvi\u00f3 removerla de su cargo. Esto despu\u00e9s de que Guarderas solicitar\u00e1 que la sesi\u00f3n sea declarada permanente. Luego, la consejera Calvache apel\u00f3 la Presidencia de Bonifaz y esta \u00faltima, en respuesta, suspendi\u00f3 la sesi\u00f3n. La acci\u00f3n de protecci\u00f3n que fue presentada el pasado 13 de mayo se conocer\u00e1 en una Tribunal de Garant\u00edas Penales de Quitumbe. Fuente: El Tel\u00e9grafo.<\/p>\n","protected":false},"author":1,"featured_media":16114,"comment_status":"open","ping_status":"open","sticky":false,"template":"","format":"standard","meta":{"footnotes":""},"categories":[268],"tags":[],"class_list":["post-16113","post","type-post","status-publish","format-standard","has-post-thumbnail","hentry","category-nacionales"],"_links":{"self":[{"href":"https:\/\/www.elamazonico.com\/portal\/wp-json\/wp\/v2\/posts\/16113","targetHints":{"allow":["GET"]}}],"collection":[{"href":"https:\/\/www.elamazonico.com\/portal\/wp-json\/wp\/v2\/posts"}],"about":[{"href":"https:\/\/www.elamazonico.com\/portal\/wp-json\/wp\/v2\/types\/post"}],"author":[{"embeddable":true,"href":"https:\/\/www.elamazonico.com\/portal\/wp-json\/wp\/v2\/users\/1"}],"replies":[{"embeddable":true,"href":"https:\/\/www.elamazonico.com\/portal\/wp-json\/wp\/v2\/comments?post=16113"}],"version-history":[{"count":1,"href":"https:\/\/www.elamazonico.com\/portal\/wp-json\/wp\/v2\/posts\/16113\/revisions"}],"predecessor-version":[{"id":16115,"href":"https:\/\/www.elamazonico.com\/portal\/wp-json\/wp\/v2\/posts\/16113\/revisions\/16115"}],"wp:featuredmedia":[{"embeddable":true,"href":"https:\/\/www.elamazonico.com\/portal\/wp-json\/wp\/v2\/media\/16114"}],"wp:attachment":[{"href":"https:\/\/www.elamazonico.com\/portal\/wp-json\/wp\/v2\/media?parent=16113"}],"wp:term":[{"taxonomy":"category","embeddable":true,"href":"https:\/\/www.elamazonico.com\/portal\/wp-json\/wp\/v2\/categories?post=16113"},{"taxonomy":"post_tag","embeddable":true,"href":"https:\/\/www.elamazonico.com\/portal\/wp-json\/wp\/v2\/tags?post=16113"}],"curies":[{"name":"wp","href":"https:\/\/api.w.org\/{rel}","templated":true}]}}