{"id":16110,"date":"2024-05-15T09:08:11","date_gmt":"2024-05-15T14:08:11","guid":{"rendered":"https:\/\/www.elamazonico.comportal\/?p=16110"},"modified":"2024-05-15T09:08:11","modified_gmt":"2024-05-15T14:08:11","slug":"el-presidente-daniel-noboa-cuenta-con-respaldo-ciudadano","status":"publish","type":"post","link":"https:\/\/www.elamazonico.com\/portal\/el-presidente-daniel-noboa-cuenta-con-respaldo-ciudadano\/","title":{"rendered":"El presidente Daniel Noboa cuenta con respaldo ciudadano"},"content":{"rendered":"<p>La\u00a0<strong>aprobaci\u00f3n del presidente Daniel Noboa es del 59,3%<\/strong>, seg\u00fan cifras de un estudio de la empresa\u00a0<strong>Comunicaliza<\/strong>, que fue difundido el 14 de mayo de 2024.<\/p>\n<div class=\"google-auto-placed ap_container\"><ins class=\"adsbygoogle adsbygoogle-noablate\" data-ad-format=\"auto\" data-ad-client=\"ca-pub-4257119852434871\" data-adsbygoogle-status=\"done\" data-ad-status=\"unfilled\"><\/p>\n<div id=\"aswift_3_host\"><iframe id=\"aswift_3\" tabindex=\"0\" title=\"Advertisement\" src=\"https:\/\/googleads.g.doubleclick.net\/pagead\/ads?gdpr=0&amp;client=ca-pub-4257119852434871&amp;output=html&amp;h=280&amp;adk=162714423&amp;adf=3290523148&amp;w=856&amp;abgtt=6&amp;fwrn=4&amp;fwrnh=100&amp;lmt=1715781820&amp;num_ads=1&amp;rafmt=1&amp;armr=3&amp;sem=mc&amp;pwprc=2102549152&amp;ad_type=text_image&amp;format=856x280&amp;url=https%3A%2F%2Fwww.eltelegrafo.com.ec%2Fnoticias%2Fnacionales%2F44%2Fpresidente-daniel-noboa-cuenta-respaldo-ciudadano&amp;fwr=0&amp;pra=3&amp;rh=200&amp;rw=855&amp;rpe=1&amp;resp_fmts=3&amp;wgl=1&amp;fa=27&amp;uach=WyJXaW5kb3dzIiwiMTAuMC4wIiwieDg2IiwiIiwiMTI0LjAuNjM2Ny4yMDciLG51bGwsMCxudWxsLCI2NCIsW1siQ2hyb21pdW0iLCIxMjQuMC42MzY3LjIwNyJdLFsiR29vZ2xlIENocm9tZSIsIjEyNC4wLjYzNjcuMjA3Il0sWyJOb3QtQS5CcmFuZCIsIjk5LjAuMC4wIl1dLDBd&amp;dt=1715781820670&amp;bpp=1&amp;bdt=959&amp;idt=-M&amp;shv=r20240509&amp;mjsv=m202405080101&amp;ptt=9&amp;saldr=aa&amp;abxe=1&amp;cookie=ID%3D465c2541baf687a4%3AT%3D1699840113%3ART%3D1715781742%3AS%3DALNI_Ma8J3-ISjkQWbkwF4QK33swfyNVlA&amp;gpic=UID%3D00000da17ea21195%3AT%3D1699840113%3ART%3D1715781742%3AS%3DALNI_MbOBheOVo1yYc5GwEp6KpuqxEH-ZQ&amp;eo_id_str=ID%3Df6c0999a13c08c53%3AT%3D1705610660%3ART%3D1715781742%3AS%3DAA-AfjYoR4_Puu7LHamHTPYWFYxJ&amp;prev_fmts=0x0%2C1200x280%2C416x280&amp;nras=4&amp;correlator=2472534497639&amp;frm=20&amp;pv=1&amp;ga_vid=180629986.1699840112&amp;ga_sid=1715781820&amp;ga_hid=693283527&amp;ga_fc=1&amp;u_tz=-300&amp;u_his=4&amp;u_h=768&amp;u_w=1366&amp;u_ah=728&amp;u_aw=1366&amp;u_cd=24&amp;u_sd=0.667&amp;dmc=8&amp;adx=376&amp;ady=1419&amp;biw=2023&amp;bih=961&amp;scr_x=0&amp;scr_y=0&amp;eid=44759875%2C44759926%2C44759837%2C31083360%2C31083588%2C44798934%2C95331688%2C95331983%2C95332587%2C95330889%2C95331711%2C95332416%2C21065725%2C31078663%2C31078665%2C31078668%2C31078670&amp;oid=2&amp;pvsid=2014862504976710&amp;tmod=1978843510&amp;uas=0&amp;nvt=1&amp;ref=https%3A%2F%2Fwww.eltelegrafo.com.ec%2F&amp;fc=1408&amp;brdim=0%2C0%2C0%2C0%2C1366%2C0%2C1366%2C728%2C2049%2C961&amp;vis=1&amp;rsz=%7C%7Cs%7C&amp;abl=NS&amp;fu=128&amp;bc=31&amp;bz=0.67&amp;td=1&amp;psd=W251bGwsbnVsbCxudWxsLDNd&amp;nt=1&amp;ifi=4&amp;uci=a!4&amp;btvi=2&amp;fsb=1&amp;dtd=157\" name=\"aswift_3\" width=\"856\" height=\"0\" frameborder=\"0\" marginwidth=\"0\" marginheight=\"0\" scrolling=\"no\" sandbox=\"allow-forms allow-popups allow-popups-to-escape-sandbox allow-same-origin allow-scripts allow-top-navigation-by-user-activation\" data-google-container-id=\"a!4\" aria-label=\"Advertisement\" data-google-query-id=\"COPYya_pj4YDFVem0QQdhT4NAw\" data-load-complete=\"true\" data-mce-fragment=\"1\"><\/iframe><\/div>\n<p><\/ins><\/div>\n<p>El estudio muestra que un\u00a0<strong>20,8% de las personas<\/strong>\u00a0consultadas califica de\u00a0<strong>muy bien<\/strong>\u00a0a la figura del Jefe de Estado. Y un\u00a0<strong>38,5% lo valora con bien<\/strong>.<\/p>\n<p>A escala local, la ciudad donde tiene una aceptaci\u00f3n m\u00e1s alta es\u00a0<strong>Guayaquil<\/strong>. All\u00ed el Primer Mandatario tiene una aprobaci\u00f3n del\u00a0<strong>63%. En Quito y Los R\u00edos llega al 60% y en Azuay, al 57%.<\/strong><\/p>\n<p><strong>Alejandro Zavala, consultor pol\u00edtico,<\/strong>\u00a0se\u00f1al\u00f3 en su cuenta de X que con una aceptaci\u00f3n que bordea el 60% la<strong>\u00a0\u201cgobernabilidad est\u00e1 intacta\u201d<\/strong>. Adem\u00e1s, refiri\u00f3 que los presidentes de la regi\u00f3n Gabriel Boric, en Chile; o Gustavo Petro, en Colombia; registraron a los\u00a0<strong>seis meses de su gesti\u00f3n una aceptaci\u00f3n de alrededor del 20% y 30%,\u00a0<\/strong>respectivamente.<\/p>\n<p>La\u00a0<strong>aceptaci\u00f3n del presidente Noboa<\/strong>\u00a0alcanz\u00f3 en febrero de 2024 un 80%, seg\u00fan datos de Comunicaliza.<\/p>\n<p>En cuanto a quienes no muestran aceptaci\u00f3n hacia el Primer Mandatario de Ecuador, el estudio se\u00f1ala que a escala nacional la cifra\u00a0<strong>llega al 31,7%\u00a0de los consultados. Un 8,9% no manifest\u00f3 su opini\u00f3n.<\/strong><\/p>\n<p>Zavala agreg\u00f3 que para lograr una mayor aceptaci\u00f3n del presidente Noboa se\u00a0<strong>debe intervenir \u201cen los sectores donde desciende que son los m\u00e1s vulnerables\u201d.<\/strong><\/p>\n<p>Comunicaliza inform\u00f3 que los resultados de este estudio se obtuvieron tras realizar<strong>\u00a04.293 entrevistas en l\u00ednea, entre el 9 y 12 de mayo de 2024.<\/strong>\u00a0Las consultas se realizaron a personas mayores de 16 a\u00f1os en las 24 provincias de Ecuador. La muestra tiene un margen de error de m\u00e1s o menos el 1,49%.<\/p>\n<div class=\"twitter-tweet twitter-tweet-rendered\"><iframe id=\"twitter-widget-0\" class=\"\" title=\"X Post\" src=\"https:\/\/platform.twitter.com\/embed\/Tweet.html?creatorScreenName=el_telegrafo&amp;dnt=false&amp;embedId=twitter-widget-0&amp;features=eyJ0ZndfdGltZWxpbmVfbGlzdCI6eyJidWNrZXQiOltdLCJ2ZXJzaW9uIjpudWxsfSwidGZ3X2ZvbGxvd2VyX2NvdW50X3N1bnNldCI6eyJidWNrZXQiOnRydWUsInZlcnNpb24iOm51bGx9LCJ0ZndfdHdlZXRfZWRpdF9iYWNrZW5kIjp7ImJ1Y2tldCI6Im9uIiwidmVyc2lvbiI6bnVsbH0sInRmd19yZWZzcmNfc2Vzc2lvbiI6eyJidWNrZXQiOiJvbiIsInZlcnNpb24iOm51bGx9LCJ0ZndfZm9zbnJfc29mdF9pbnRlcnZlbnRpb25zX2VuYWJsZWQiOnsiYnVja2V0Ijoib24iLCJ2ZXJzaW9uIjpudWxsfSwidGZ3X21peGVkX21lZGlhXzE1ODk3Ijp7ImJ1Y2tldCI6InRyZWF0bWVudCIsInZlcnNpb24iOm51bGx9LCJ0ZndfZXhwZXJpbWVudHNfY29va2llX2V4cGlyYXRpb24iOnsiYnVja2V0IjoxMjA5NjAwLCJ2ZXJzaW9uIjpudWxsfSwidGZ3X3Nob3dfYmlyZHdhdGNoX3Bpdm90c19lbmFibGVkIjp7ImJ1Y2tldCI6Im9uIiwidmVyc2lvbiI6bnVsbH0sInRmd19kdXBsaWNhdGVfc2NyaWJlc190b19zZXR0aW5ncyI6eyJidWNrZXQiOiJvbiIsInZlcnNpb24iOm51bGx9LCJ0ZndfdXNlX3Byb2ZpbGVfaW1hZ2Vfc2hhcGVfZW5hYmxlZCI6eyJidWNrZXQiOiJvbiIsInZlcnNpb24iOm51bGx9LCJ0ZndfdmlkZW9faGxzX2R5bmFtaWNfbWFuaWZlc3RzXzE1MDgyIjp7ImJ1Y2tldCI6InRydWVfYml0cmF0ZSIsInZlcnNpb24iOm51bGx9LCJ0ZndfbGVnYWN5X3RpbWVsaW5lX3N1bnNldCI6eyJidWNrZXQiOnRydWUsInZlcnNpb24iOm51bGx9LCJ0ZndfdHdlZXRfZWRpdF9mcm9udGVuZCI6eyJidWNrZXQiOiJvbiIsInZlcnNpb24iOm51bGx9fQ%3D%3D&amp;frame=false&amp;hideCard=false&amp;hideThread=false&amp;id=1790519922176749680&amp;lang=es&amp;origin=https%3A%2F%2Fwww.eltelegrafo.com.ec%2Fnacionales%2Fnacionales%2F44%2Fpresidente-daniel-noboa-cuenta-respaldo-ciudadano&amp;sessionId=168f0b1cad545d8713949b3786c0457bd9e70cd5&amp;siteScreenName=el_telegrafo&amp;theme=light&amp;widgetsVersion=2615f7e52b7e0%3A1702314776716&amp;width=550px\" frameborder=\"0\" scrolling=\"no\" allowfullscreen=\"allowfullscreen\" data-tweet-id=\"1790519922176749680\" data-mce-fragment=\"1\"><\/iframe><\/div>\n<div><strong>Fuente: El tel\u00e9grafo.<\/strong><\/div>\n","protected":false},"excerpt":{"rendered":"<p>La\u00a0aprobaci\u00f3n del presidente Daniel Noboa es del 59,3%, seg\u00fan cifras de un estudio de la empresa\u00a0Comunicaliza, que fue difundido el 14 de mayo de 2024. El estudio muestra que un\u00a020,8% de las personas\u00a0consultadas califica de\u00a0muy bien\u00a0a la figura del Jefe de Estado. Y un\u00a038,5% lo valora con bien. A escala local, la ciudad donde tiene una aceptaci\u00f3n m\u00e1s alta es\u00a0Guayaquil. All\u00ed el Primer Mandatario tiene una aprobaci\u00f3n del\u00a063%. En Quito y Los R\u00edos llega al 60% y en Azuay, al 57%. Alejandro Zavala, consultor pol\u00edtico,\u00a0se\u00f1al\u00f3 en su cuenta de X que con una aceptaci\u00f3n que bordea el 60% la\u00a0\u201cgobernabilidad est\u00e1 intacta\u201d. Adem\u00e1s, refiri\u00f3 que los presidentes de la regi\u00f3n Gabriel Boric, en Chile; o Gustavo Petro, en Colombia; registraron a los\u00a0seis meses de su gesti\u00f3n una aceptaci\u00f3n de alrededor del 20% y 30%,\u00a0respectivamente. La\u00a0aceptaci\u00f3n del presidente Noboa\u00a0alcanz\u00f3 en febrero de 2024 un 80%, seg\u00fan datos de Comunicaliza. En cuanto a quienes no muestran aceptaci\u00f3n hacia el Primer Mandatario de Ecuador, el estudio se\u00f1ala que a escala nacional la cifra\u00a0llega al 31,7%\u00a0de los consultados. Un 8,9% no manifest\u00f3 su opini\u00f3n. Zavala agreg\u00f3 que para lograr una mayor aceptaci\u00f3n del presidente Noboa se\u00a0debe intervenir \u201cen los sectores donde desciende que son los m\u00e1s vulnerables\u201d. Comunicaliza inform\u00f3 que los resultados de este estudio se obtuvieron tras realizar\u00a04.293 entrevistas en l\u00ednea, entre el 9 y 12 de mayo de 2024.\u00a0Las consultas se realizaron a personas mayores de 16 a\u00f1os en las 24 provincias de Ecuador. La muestra tiene un margen de error de m\u00e1s o menos el 1,49%. Fuente: El tel\u00e9grafo.<\/p>\n","protected":false},"author":1,"featured_media":16111,"comment_status":"open","ping_status":"open","sticky":false,"template":"","format":"standard","meta":{"footnotes":""},"categories":[268],"tags":[],"class_list":["post-16110","post","type-post","status-publish","format-standard","has-post-thumbnail","hentry","category-nacionales"],"_links":{"self":[{"href":"https:\/\/www.elamazonico.com\/portal\/wp-json\/wp\/v2\/posts\/16110","targetHints":{"allow":["GET"]}}],"collection":[{"href":"https:\/\/www.elamazonico.com\/portal\/wp-json\/wp\/v2\/posts"}],"about":[{"href":"https:\/\/www.elamazonico.com\/portal\/wp-json\/wp\/v2\/types\/post"}],"author":[{"embeddable":true,"href":"https:\/\/www.elamazonico.com\/portal\/wp-json\/wp\/v2\/users\/1"}],"replies":[{"embeddable":true,"href":"https:\/\/www.elamazonico.com\/portal\/wp-json\/wp\/v2\/comments?post=16110"}],"version-history":[{"count":1,"href":"https:\/\/www.elamazonico.com\/portal\/wp-json\/wp\/v2\/posts\/16110\/revisions"}],"predecessor-version":[{"id":16112,"href":"https:\/\/www.elamazonico.com\/portal\/wp-json\/wp\/v2\/posts\/16110\/revisions\/16112"}],"wp:featuredmedia":[{"embeddable":true,"href":"https:\/\/www.elamazonico.com\/portal\/wp-json\/wp\/v2\/media\/16111"}],"wp:attachment":[{"href":"https:\/\/www.elamazonico.com\/portal\/wp-json\/wp\/v2\/media?parent=16110"}],"wp:term":[{"taxonomy":"category","embeddable":true,"href":"https:\/\/www.elamazonico.com\/portal\/wp-json\/wp\/v2\/categories?post=16110"},{"taxonomy":"post_tag","embeddable":true,"href":"https:\/\/www.elamazonico.com\/portal\/wp-json\/wp\/v2\/tags?post=16110"}],"curies":[{"name":"wp","href":"https:\/\/api.w.org\/{rel}","templated":true}]}}