{"id":16107,"date":"2024-05-15T08:58:51","date_gmt":"2024-05-15T13:58:51","guid":{"rendered":"https:\/\/www.elamazonico.comportal\/?p=16107"},"modified":"2024-05-15T08:58:51","modified_gmt":"2024-05-15T13:58:51","slug":"ejecutan-operativo-en-tres-provincias-por-trafico-de-drogas","status":"publish","type":"post","link":"https:\/\/www.elamazonico.com\/portal\/ejecutan-operativo-en-tres-provincias-por-trafico-de-drogas\/","title":{"rendered":"Ejecutan operativo en tres provincias por tr\u00e1fico de drogas"},"content":{"rendered":"<p>La Fiscal\u00eda General del Estado inform\u00f3 sobre la ejecuci\u00f3n de un operativo simult\u00e1neo en Esmeraldas, El Oro y Pichincha.<\/p>\n<p>La operaci\u00f3n, que se realiza en conjunto con la Polic\u00eda Nacional, se da en el marco de una investigaci\u00f3n por presunta delincuencia organizada con fines de tr\u00e1fico de drogas.<\/p>\n<p>La Fiscal\u00eda ha estado liderando m\u00faltiples acciones en los \u00faltimos meses con el objetivo de atacar a las bandas criminales que tienen en acecho al pa\u00eds.<\/p>\n<figure class=\"wp-block-embed is-type-rich is-provider-twitter wp-block-embed-twitter\">\n<div class=\"wp-block-embed__wrapper\">\n<div class=\"twitter-tweet twitter-tweet-rendered\"><iframe id=\"twitter-widget-0\" class=\"\" title=\"X Post\" src=\"https:\/\/platform.twitter.com\/embed\/Tweet.html?creatorScreenName=ecuadorenvivo&amp;dnt=true&amp;embedId=twitter-widget-0&amp;features=eyJ0ZndfdGltZWxpbmVfbGlzdCI6eyJidWNrZXQiOltdLCJ2ZXJzaW9uIjpudWxsfSwidGZ3X2ZvbGxvd2VyX2NvdW50X3N1bnNldCI6eyJidWNrZXQiOnRydWUsInZlcnNpb24iOm51bGx9LCJ0ZndfdHdlZXRfZWRpdF9iYWNrZW5kIjp7ImJ1Y2tldCI6Im9uIiwidmVyc2lvbiI6bnVsbH0sInRmd19yZWZzcmNfc2Vzc2lvbiI6eyJidWNrZXQiOiJvbiIsInZlcnNpb24iOm51bGx9LCJ0ZndfZm9zbnJfc29mdF9pbnRlcnZlbnRpb25zX2VuYWJsZWQiOnsiYnVja2V0Ijoib24iLCJ2ZXJzaW9uIjpudWxsfSwidGZ3X21peGVkX21lZGlhXzE1ODk3Ijp7ImJ1Y2tldCI6InRyZWF0bWVudCIsInZlcnNpb24iOm51bGx9LCJ0ZndfZXhwZXJpbWVudHNfY29va2llX2V4cGlyYXRpb24iOnsiYnVja2V0IjoxMjA5NjAwLCJ2ZXJzaW9uIjpudWxsfSwidGZ3X3Nob3dfYmlyZHdhdGNoX3Bpdm90c19lbmFibGVkIjp7ImJ1Y2tldCI6Im9uIiwidmVyc2lvbiI6bnVsbH0sInRmd19kdXBsaWNhdGVfc2NyaWJlc190b19zZXR0aW5ncyI6eyJidWNrZXQiOiJvbiIsInZlcnNpb24iOm51bGx9LCJ0ZndfdXNlX3Byb2ZpbGVfaW1hZ2Vfc2hhcGVfZW5hYmxlZCI6eyJidWNrZXQiOiJvbiIsInZlcnNpb24iOm51bGx9LCJ0ZndfdmlkZW9faGxzX2R5bmFtaWNfbWFuaWZlc3RzXzE1MDgyIjp7ImJ1Y2tldCI6InRydWVfYml0cmF0ZSIsInZlcnNpb24iOm51bGx9LCJ0ZndfbGVnYWN5X3RpbWVsaW5lX3N1bnNldCI6eyJidWNrZXQiOnRydWUsInZlcnNpb24iOm51bGx9LCJ0ZndfdHdlZXRfZWRpdF9mcm9udGVuZCI6eyJidWNrZXQiOiJvbiIsInZlcnNpb24iOm51bGx9fQ%3D%3D&amp;frame=false&amp;hideCard=false&amp;hideThread=false&amp;id=1790709062025244782&amp;lang=es&amp;origin=https%3A%2F%2Fecuadorenvivo.com%2Fejecutan-operativo-en-tres-provincias-por-trafico-de-drogas%2F&amp;sessionId=3372e656442b97dde5a9c9eba51e5df71b09ca10&amp;siteScreenName=ecuadorenvivo&amp;theme=light&amp;widgetsVersion=2615f7e52b7e0%3A1702314776716&amp;width=550px\" frameborder=\"0\" scrolling=\"no\" allowfullscreen=\"allowfullscreen\" data-tweet-id=\"1790709062025244782\" data-mce-fragment=\"1\"><\/iframe><\/div>\n<div><strong>Fuente: Ecuadorenvivo.<\/strong><\/div>\n<\/div>\n<\/figure>\n","protected":false},"excerpt":{"rendered":"<p>La Fiscal\u00eda General del Estado inform\u00f3 sobre la ejecuci\u00f3n de un operativo simult\u00e1neo en Esmeraldas, El Oro y Pichincha. La operaci\u00f3n, que se realiza en conjunto con la Polic\u00eda Nacional, se da en el marco de una investigaci\u00f3n por presunta delincuencia organizada con fines de tr\u00e1fico de drogas. La Fiscal\u00eda ha estado liderando m\u00faltiples acciones en los \u00faltimos meses con el objetivo de atacar a las bandas criminales que tienen en acecho al pa\u00eds. Fuente: Ecuadorenvivo.<\/p>\n","protected":false},"author":1,"featured_media":16108,"comment_status":"open","ping_status":"open","sticky":false,"template":"","format":"standard","meta":{"footnotes":""},"categories":[268],"tags":[],"class_list":["post-16107","post","type-post","status-publish","format-standard","has-post-thumbnail","hentry","category-nacionales"],"_links":{"self":[{"href":"https:\/\/www.elamazonico.com\/portal\/wp-json\/wp\/v2\/posts\/16107","targetHints":{"allow":["GET"]}}],"collection":[{"href":"https:\/\/www.elamazonico.com\/portal\/wp-json\/wp\/v2\/posts"}],"about":[{"href":"https:\/\/www.elamazonico.com\/portal\/wp-json\/wp\/v2\/types\/post"}],"author":[{"embeddable":true,"href":"https:\/\/www.elamazonico.com\/portal\/wp-json\/wp\/v2\/users\/1"}],"replies":[{"embeddable":true,"href":"https:\/\/www.elamazonico.com\/portal\/wp-json\/wp\/v2\/comments?post=16107"}],"version-history":[{"count":1,"href":"https:\/\/www.elamazonico.com\/portal\/wp-json\/wp\/v2\/posts\/16107\/revisions"}],"predecessor-version":[{"id":16109,"href":"https:\/\/www.elamazonico.com\/portal\/wp-json\/wp\/v2\/posts\/16107\/revisions\/16109"}],"wp:featuredmedia":[{"embeddable":true,"href":"https:\/\/www.elamazonico.com\/portal\/wp-json\/wp\/v2\/media\/16108"}],"wp:attachment":[{"href":"https:\/\/www.elamazonico.com\/portal\/wp-json\/wp\/v2\/media?parent=16107"}],"wp:term":[{"taxonomy":"category","embeddable":true,"href":"https:\/\/www.elamazonico.com\/portal\/wp-json\/wp\/v2\/categories?post=16107"},{"taxonomy":"post_tag","embeddable":true,"href":"https:\/\/www.elamazonico.com\/portal\/wp-json\/wp\/v2\/tags?post=16107"}],"curies":[{"name":"wp","href":"https:\/\/api.w.org\/{rel}","templated":true}]}}