{"id":16077,"date":"2024-05-14T13:18:35","date_gmt":"2024-05-14T18:18:35","guid":{"rendered":"https:\/\/www.elamazonico.com\/portal\/?p=16077"},"modified":"2024-05-14T13:18:35","modified_gmt":"2024-05-14T18:18:35","slug":"gobierno-planea-usar-las-escuelas-del-milenio-que-no-funcionan-en-guayas-como-cuarteles-policiales","status":"publish","type":"post","link":"https:\/\/www.elamazonico.com\/portal\/gobierno-planea-usar-las-escuelas-del-milenio-que-no-funcionan-en-guayas-como-cuarteles-policiales\/","title":{"rendered":"Gobierno planea usar las escuelas del milenio que no funcionan en Guayas como cuarteles policiales"},"content":{"rendered":"<p>El gobierno de Daniel Noboa vuelve a desempolvar la antigua idea de los cuarteles intermedios, como una estrategia para enfrentar la inseguridad en Guayas.<\/p>\n<p>Seg\u00fan conoci\u00f3 PRIMICIAS este 14 de mayo, la propuesta es reutilizar las instalaciones de las llamadas escuelas del milenio, construidas en el gobierno de Rafael Correa, para levantar estos cuarteles policiales.<\/p>\n<p>La propuesta de estos cuarteles intermedios, que reemplazar\u00e1n a las unidades de polic\u00edas comunitarias o UPC, ya hab\u00eda sido presentada por Noboa en una reuni\u00f3n de seguridad en la Gobernaci\u00f3n del Guayas en diciembre de 2023.<\/p>\n<p>Antes de avanzar con la construcci\u00f3n de estos edificios, la administraci\u00f3n de Noboa est\u00e1n elaborando una lista de los equipos, insumos, cascos y chalecos policiales que se requieren.<\/p>\n<p>Mientras que la estrategia para levantar los cuarteles ser\u00e1 recibir donaciones, a cambio de una deducci\u00f3n al Impuesto a la Renta, contemplada en la Ley Econ\u00f3mico Urgente.<\/p>\n<p>Guayas es precisamente una de las provincias m\u00e1s violentas de Ecuador, debido al auge delictivo y del crimen organizado en sus distritos de Guayaquil y Dur\u00e1n.<\/p>\n<p>Aunque un d\u00eda antes, la ministra del Interior, M\u00f3nica Palencia, asegur\u00f3 que la delincuencia ha bajado un 99% a nivel nacional.<\/p>\n<p>Y con respecto a los homicidios, Palencia afirm\u00f3 este martes que se registran 1.109 menos muertes violentas en el pa\u00eds, entre enero y mayo de 2024, con respecto al mismo periodo del a\u00f1o pasado.<\/p>\n<p>\u00abDesde que asume Daniel Noboa hacia atr\u00e1s, podemos ver una diferencia de 1.109 homicidios menos\u00bb, dijo Palencia.<\/p>\n<p><strong>Una antigua promesa <\/strong><\/p>\n<p>Los llamados cuarteles intermedios, que ser\u00edan ubicados en zonas de alta peligrosidad, ya fueron prometidos por el exministro del Interior, Juan Zapata, durante el gobierno de Guillermo Lasso, en octubre de 2022.<\/p>\n<p>Zapata se refer\u00eda a espacios con m\u00e1s seguridades, con estructuras blindadas y todo el equipamiento log\u00edstico y tecnol\u00f3gico necesarios.<\/p>\n<p>Casi un a\u00f1o despu\u00e9s, a inicios de 2023, el expresidente Guillermo Lasso prometi\u00f3 construir 20 de estos cuarteles en cinco provincias, a un costo de USD 150,8 millones, pero este plan nunca se concret\u00f3. <strong>Fuente: Primicias<\/strong><small><br \/>\n<\/small><\/p>\n","protected":false},"excerpt":{"rendered":"<p>El gobierno de Daniel Noboa vuelve a desempolvar la antigua idea de los cuarteles intermedios, como una estrategia para enfrentar la inseguridad en Guayas. Seg\u00fan conoci\u00f3 PRIMICIAS este 14 de mayo, la propuesta es reutilizar las instalaciones de las llamadas escuelas del milenio, construidas en el gobierno de Rafael Correa, para levantar estos cuarteles policiales. La propuesta de estos cuarteles intermedios, que reemplazar\u00e1n a las unidades de polic\u00edas comunitarias o UPC, ya hab\u00eda sido presentada por Noboa en una reuni\u00f3n de seguridad en la Gobernaci\u00f3n del Guayas en diciembre de 2023. Antes de avanzar con la construcci\u00f3n de estos edificios, la administraci\u00f3n de Noboa est\u00e1n elaborando una lista de los equipos, insumos, cascos y chalecos policiales que se requieren. Mientras que la estrategia para levantar los cuarteles ser\u00e1 recibir donaciones, a cambio de una deducci\u00f3n al Impuesto a la Renta, contemplada en la Ley Econ\u00f3mico Urgente. Guayas es precisamente una de las provincias m\u00e1s violentas de Ecuador, debido al auge delictivo y del crimen organizado en sus distritos de Guayaquil y Dur\u00e1n. Aunque un d\u00eda antes, la ministra del Interior, M\u00f3nica Palencia, asegur\u00f3 que la delincuencia ha bajado un 99% a nivel nacional. Y con respecto a los homicidios, Palencia afirm\u00f3 este martes que se registran 1.109 menos muertes violentas en el pa\u00eds, entre enero y mayo de 2024, con respecto al mismo periodo del a\u00f1o pasado. \u00abDesde que asume Daniel Noboa hacia atr\u00e1s, podemos ver una diferencia de 1.109 homicidios menos\u00bb, dijo Palencia. Una antigua promesa Los llamados cuarteles intermedios, que ser\u00edan ubicados en zonas de alta peligrosidad, ya fueron prometidos por el exministro del Interior, Juan Zapata, durante el gobierno de Guillermo Lasso, en octubre de 2022. Zapata se refer\u00eda a espacios con m\u00e1s seguridades, con estructuras blindadas y todo el equipamiento log\u00edstico y tecnol\u00f3gico necesarios. Casi un a\u00f1o despu\u00e9s, a inicios de 2023, el expresidente Guillermo Lasso prometi\u00f3 construir 20 de estos cuarteles en cinco provincias, a un costo de USD 150,8 millones, pero este plan nunca se concret\u00f3. Fuente: Primicias<\/p>\n","protected":false},"author":1,"featured_media":16078,"comment_status":"open","ping_status":"open","sticky":false,"template":"","format":"standard","meta":{"footnotes":""},"categories":[268],"tags":[],"class_list":["post-16077","post","type-post","status-publish","format-standard","has-post-thumbnail","hentry","category-nacionales"],"_links":{"self":[{"href":"https:\/\/www.elamazonico.com\/portal\/wp-json\/wp\/v2\/posts\/16077","targetHints":{"allow":["GET"]}}],"collection":[{"href":"https:\/\/www.elamazonico.com\/portal\/wp-json\/wp\/v2\/posts"}],"about":[{"href":"https:\/\/www.elamazonico.com\/portal\/wp-json\/wp\/v2\/types\/post"}],"author":[{"embeddable":true,"href":"https:\/\/www.elamazonico.com\/portal\/wp-json\/wp\/v2\/users\/1"}],"replies":[{"embeddable":true,"href":"https:\/\/www.elamazonico.com\/portal\/wp-json\/wp\/v2\/comments?post=16077"}],"version-history":[{"count":1,"href":"https:\/\/www.elamazonico.com\/portal\/wp-json\/wp\/v2\/posts\/16077\/revisions"}],"predecessor-version":[{"id":16079,"href":"https:\/\/www.elamazonico.com\/portal\/wp-json\/wp\/v2\/posts\/16077\/revisions\/16079"}],"wp:featuredmedia":[{"embeddable":true,"href":"https:\/\/www.elamazonico.com\/portal\/wp-json\/wp\/v2\/media\/16078"}],"wp:attachment":[{"href":"https:\/\/www.elamazonico.com\/portal\/wp-json\/wp\/v2\/media?parent=16077"}],"wp:term":[{"taxonomy":"category","embeddable":true,"href":"https:\/\/www.elamazonico.com\/portal\/wp-json\/wp\/v2\/categories?post=16077"},{"taxonomy":"post_tag","embeddable":true,"href":"https:\/\/www.elamazonico.com\/portal\/wp-json\/wp\/v2\/tags?post=16077"}],"curies":[{"name":"wp","href":"https:\/\/api.w.org\/{rel}","templated":true}]}}