{"id":16074,"date":"2024-05-14T13:04:51","date_gmt":"2024-05-14T18:04:51","guid":{"rendered":"https:\/\/www.elamazonico.com\/portal\/?p=16074"},"modified":"2024-05-14T13:04:51","modified_gmt":"2024-05-14T18:04:51","slug":"javier-pincay-alcalde-de-portoviejo-se-salva-de-nuevo-atentado-contra-su-vida","status":"publish","type":"post","link":"https:\/\/www.elamazonico.com\/portal\/javier-pincay-alcalde-de-portoviejo-se-salva-de-nuevo-atentado-contra-su-vida\/","title":{"rendered":"Javier Pincay, alcalde de Portoviejo, se salva de nuevo atentado contra su vida"},"content":{"rendered":"<div class=\"lead destacado\">El alcalde de Portoviejo, Javier Pincay, inform\u00f3 que la Polic\u00eda Nacional logr\u00f3 evitar un nuevo atentado en contra de su vida. Esta ser\u00eda la tercera ocasi\u00f3n en la que el funcionario se salva de las bandas criminales.<\/div>\n<div class=\"paragraph texto\">\n<p class=\"p_0\">La ma\u00f1ana de este martes 14 de mayo del 2024 se conoci\u00f3 que el Grupo de Operaciones Especiales (<b>GOE<\/b>) detuvo a presuntos sicarios en el cant\u00f3n 24 de Mayo. Los sospechosos ten\u00edan en su poder armas de fuego y\u00a0<b>fotograf\u00edas del alcalde<\/b>.<\/p>\n<p class=\"p_1\">Por el momento, no hay mayores detalles sobre los aprehendidos, pero ser\u00edan alrededor de dos personas puestas a \u00f3rdenes de la justicia.\u00a0<b>Su objetivo era asesinar a la autoridad<\/b>.<\/p>\n<p>Mientras tanto, Javier Pincay public\u00f3 un breve video en el que agradece a Dios y al trabajo de inteligencia de la Polic\u00eda, que logr\u00f3 evitar un atentado contra su vida.<\/p>\n<p>\u201cAqu\u00ed hay un alcalde que trabaja de forma honesta por Portoviejo, con valores y principios, que solo responde a su pueblo.\u00a0<b>A\u00fan no logro entender las razones de este presunto atentado.\u00a0<\/b>Quiero decirle a todos los ciudadanos que vamos a reforzar nuestras medidas de seguridad, pero no\u00a0<b>nos vamos a detener porque tengo el firme compromiso de seguir gestionando para que Portoviejo crezca<\/b>\u201d, asegur\u00f3 el burgomaestre.<\/p>\n<p class=\"p_5\">Agreg\u00f3 que son tiempos complicados, pero pidi\u00f3 a su pueblo que se mantengan juntos en oraci\u00f3n. Adem\u00e1s, conf\u00eda en que el Gobierno Nacional reforzar\u00e1 las medidas de seguridad para cuidar su integridad.<\/p>\n<p class=\"p_6\">Esta no es la primera vez que Pincay sufre un atentado contra su vida.\u00a0<a href=\"https:\/\/www.vistazo.com\/actualidad\/nacional\/lo-que-se-sabe-del-atentado-contra-el-candidato-javier-pincay-y-las-nuevas-amenazas-en-su-contra-GA4002181\">En diciembre del 2022<\/a>, fue\u00a0<b>disparado en medio de una caminata proselitista desarrollada en el norte de la ciudad<\/b>. Sufri\u00f3 una hemorragia abdominal causada por una perforaci\u00f3n de bala en el t\u00f3rax izquierdo, pero logr\u00f3 salvarse.<\/p>\n<p class=\"p_7\">Un mes despu\u00e9s,\u00a0<a href=\"https:\/\/www.vistazo.com\/actualidad\/nacional\/un-explosivo-habria-sido-detonado-en-la-sede-de-javier-pincay-candidato-a-alcaldia-de-portoviejo-que-fue-baleado-en-diciembre-XY4302426\">el 25 de enero de 2023<\/a>, un\u00a0<b>artefacto explosivo deton\u00f3 en la sede pol\u00edtica del entonces candidato a la alcald\u00eda<\/b>. Cuatro personas resultaron heridas. <strong>Fuente: Vistazo<\/strong><\/p>\n<\/div>\n","protected":false},"excerpt":{"rendered":"<p>El alcalde de Portoviejo, Javier Pincay, inform\u00f3 que la Polic\u00eda Nacional logr\u00f3 evitar un nuevo atentado en contra de su vida. Esta ser\u00eda la tercera ocasi\u00f3n en la que el funcionario se salva de las bandas criminales. La ma\u00f1ana de este martes 14 de mayo del 2024 se conoci\u00f3 que el Grupo de Operaciones Especiales (GOE) detuvo a presuntos sicarios en el cant\u00f3n 24 de Mayo. Los sospechosos ten\u00edan en su poder armas de fuego y\u00a0fotograf\u00edas del alcalde. Por el momento, no hay mayores detalles sobre los aprehendidos, pero ser\u00edan alrededor de dos personas puestas a \u00f3rdenes de la justicia.\u00a0Su objetivo era asesinar a la autoridad. Mientras tanto, Javier Pincay public\u00f3 un breve video en el que agradece a Dios y al trabajo de inteligencia de la Polic\u00eda, que logr\u00f3 evitar un atentado contra su vida. \u201cAqu\u00ed hay un alcalde que trabaja de forma honesta por Portoviejo, con valores y principios, que solo responde a su pueblo.\u00a0A\u00fan no logro entender las razones de este presunto atentado.\u00a0Quiero decirle a todos los ciudadanos que vamos a reforzar nuestras medidas de seguridad, pero no\u00a0nos vamos a detener porque tengo el firme compromiso de seguir gestionando para que Portoviejo crezca\u201d, asegur\u00f3 el burgomaestre. Agreg\u00f3 que son tiempos complicados, pero pidi\u00f3 a su pueblo que se mantengan juntos en oraci\u00f3n. Adem\u00e1s, conf\u00eda en que el Gobierno Nacional reforzar\u00e1 las medidas de seguridad para cuidar su integridad. Esta no es la primera vez que Pincay sufre un atentado contra su vida.\u00a0En diciembre del 2022, fue\u00a0disparado en medio de una caminata proselitista desarrollada en el norte de la ciudad. Sufri\u00f3 una hemorragia abdominal causada por una perforaci\u00f3n de bala en el t\u00f3rax izquierdo, pero logr\u00f3 salvarse. Un mes despu\u00e9s,\u00a0el 25 de enero de 2023, un\u00a0artefacto explosivo deton\u00f3 en la sede pol\u00edtica del entonces candidato a la alcald\u00eda. Cuatro personas resultaron heridas. Fuente: Vistazo<\/p>\n","protected":false},"author":1,"featured_media":16075,"comment_status":"open","ping_status":"open","sticky":false,"template":"","format":"standard","meta":{"footnotes":""},"categories":[268],"tags":[],"class_list":["post-16074","post","type-post","status-publish","format-standard","has-post-thumbnail","hentry","category-nacionales"],"_links":{"self":[{"href":"https:\/\/www.elamazonico.com\/portal\/wp-json\/wp\/v2\/posts\/16074","targetHints":{"allow":["GET"]}}],"collection":[{"href":"https:\/\/www.elamazonico.com\/portal\/wp-json\/wp\/v2\/posts"}],"about":[{"href":"https:\/\/www.elamazonico.com\/portal\/wp-json\/wp\/v2\/types\/post"}],"author":[{"embeddable":true,"href":"https:\/\/www.elamazonico.com\/portal\/wp-json\/wp\/v2\/users\/1"}],"replies":[{"embeddable":true,"href":"https:\/\/www.elamazonico.com\/portal\/wp-json\/wp\/v2\/comments?post=16074"}],"version-history":[{"count":1,"href":"https:\/\/www.elamazonico.com\/portal\/wp-json\/wp\/v2\/posts\/16074\/revisions"}],"predecessor-version":[{"id":16076,"href":"https:\/\/www.elamazonico.com\/portal\/wp-json\/wp\/v2\/posts\/16074\/revisions\/16076"}],"wp:featuredmedia":[{"embeddable":true,"href":"https:\/\/www.elamazonico.com\/portal\/wp-json\/wp\/v2\/media\/16075"}],"wp:attachment":[{"href":"https:\/\/www.elamazonico.com\/portal\/wp-json\/wp\/v2\/media?parent=16074"}],"wp:term":[{"taxonomy":"category","embeddable":true,"href":"https:\/\/www.elamazonico.com\/portal\/wp-json\/wp\/v2\/categories?post=16074"},{"taxonomy":"post_tag","embeddable":true,"href":"https:\/\/www.elamazonico.com\/portal\/wp-json\/wp\/v2\/tags?post=16074"}],"curies":[{"name":"wp","href":"https:\/\/api.w.org\/{rel}","templated":true}]}}