{"id":16052,"date":"2024-05-13T13:55:23","date_gmt":"2024-05-13T18:55:23","guid":{"rendered":"https:\/\/www.elamazonico.com\/portal\/?p=16052"},"modified":"2024-05-13T14:04:21","modified_gmt":"2024-05-13T19:04:21","slug":"ronny-aleaga-se-conecto-a-sesion-de-comision-de-la-asamblea-y-diana-salazar-abandono-la-reunion","status":"publish","type":"post","link":"https:\/\/www.elamazonico.com\/portal\/ronny-aleaga-se-conecto-a-sesion-de-comision-de-la-asamblea-y-diana-salazar-abandono-la-reunion\/","title":{"rendered":"Ronny Aleaga se conect\u00f3 a sesi\u00f3n de comisi\u00f3n de la Asamblea y Diana Salazar abandon\u00f3 la reuni\u00f3n"},"content":{"rendered":"<p>\u00abNo\u00a0<strong>voy a ser objeto<\/strong>\u00a0ni me voy a\u00a0<strong>prestar<\/strong>\u00a0para el\u00a0<strong>show\u00a0<\/strong>que\u00a0<strong>quieren hacer<\/strong>\u00a0los\u00a0<strong>pol\u00edticos<\/strong>\u00a0sobre los casos\u201d. Con esta frase la fiscal general del Estado,\u00a0<strong>Diana Salaza<\/strong>r, dio por finalizada su comparecencia en la\u00a0<strong>Comisi\u00f3n<\/strong>\u00a0de\u00a0<strong>Fiscalizaci\u00f3n<\/strong>\u00a0de la Asamblea Nacional por los\u00a0<strong>casos Encuentro<\/strong>\u00a0y\u00a0<strong>Poder Policial<\/strong>, este lunes 13 de mayo del 2024.<\/p>\n<p>Despu\u00e9s de dos horas, la\u00a0<strong>Fiscal<\/strong>\u00a0abandon\u00f3 el Sal\u00f3n Jos\u00e9 Mej\u00eda Lequerica ante el pedido del asamble\u00edsta Lenin Barreto, para que se reciba en comisi\u00f3n general al exlegislador\u00a0<strong>Ronny Aleaga<\/strong>, implicado en el\u00a0<strong>caso Met\u00e1stasis<\/strong>.<\/p>\n<p>Salazar indic\u00f3 que no pod\u00eda permanecer en el lugar para escuchar a un \u201c<strong>pr\u00f3fugo<\/strong>\u00a0de la justicia que se encuentra investigado y\u00a0<strong>procesado<\/strong>\u00a0en el\u00a0<strong>caso Met\u00e1stasis<\/strong>\u00bb y \u00abpor el cual no ha sido llamada a comparecer\u201d.<\/p>\n<p>\u201cSi usted da paso a esto\u00a0<strong>me voy a retirar<\/strong>. No\u00a0<strong>voy a ser objeto<\/strong>\u00a0ni me voy a\u00a0<strong>prestar<\/strong>\u00a0para el\u00a0<strong>show\u00a0<\/strong>que\u00a0<strong>quieren hacer<\/strong>\u00a0los\u00a0<strong>pol\u00edticos<\/strong>\u00a0sobre los casos\u201d, asegur\u00f3 Salazar, al indicar que es el objetivo es contaminar el proceso en el caso Met\u00e1stasis.<\/p>\n<p><strong>Ronny Aleaga apareci\u00f3<\/strong>\u00a0en las\u00a0<strong>pantallas<\/strong>, pero no pudo dirigirse a los asistentes por problemas t\u00e9cnicos. Previo a ello, cinco\u00a0<strong>miembros<\/strong>\u00a0de la\u00a0<strong>comisi\u00f3n<\/strong>, presidida por\u00a0<strong>Pamela Aguirre<\/strong>, se\u00a0<strong>retiraron<\/strong>\u00a0porque este pedido\u00a0<strong>no estaba\u00a0<\/strong>en el\u00a0<strong>orden del d\u00eda<\/strong>.<\/p>\n<div class=\"code-block code-block-10\"><\/div>\n<h2 class=\"wp-block-heading\">\u2018Este show ha dejado en evidencia a todo un movimiento pol\u00edtico\u2019<\/h2>\n<p>Minutos despu\u00e9s, la\u00a0<strong>Fiscal\u00eda\u00a0<\/strong>General del Estado emiti\u00f3 un\u00a0<strong>comunicado<\/strong>\u00a0en el que\u00a0<strong>rechaz\u00f3<\/strong>\u00a0la\u00a0<strong>decisi\u00f3n\u00a0<\/strong>de la\u00a0<strong>presidenta\u00a0<\/strong>de la\u00a0<strong>Comisi\u00f3n\u00a0<\/strong>de\u00a0<strong>Fiscalizaci\u00f3n<\/strong>\u00a0al \u00abaceptar la\u00a0<strong>solicitud<\/strong>\u00a0del procesado por\u00a0<strong>delincuencia organizada<\/strong>\u00a0y<strong>\u00a0pr\u00f3fugo<\/strong>\u00a0de la<strong>\u00a0justicia<\/strong>,\u00a0<strong>Ronny Aleaga<\/strong>\u00ab.<\/p>\n<p>\u00abEl hecho que se\u00a0<strong>reciba<\/strong>\u00a0a un\u00a0<strong>procesado<\/strong>\u00a0en una\u00a0<strong>causa impulsada<\/strong>\u00a0por la Fiscal\u00eda General del Estado podr\u00eda\u00a0<strong>comprometer<\/strong>\u00a0el normal\u00a0<strong>desarrollo\u00a0<\/strong>de\u00a0<strong>dicho proceso<\/strong>\u00ab, agreg\u00f3 la instituci\u00f3n en el documento.<\/p>\n<p>De igual manera, la Fiscal\u00eda recalc\u00f3 que \u00ab<strong>este show<\/strong>\u00a0ha dejado en\u00a0<strong>evidencia<\/strong>\u00a0a todo un\u00a0<strong>movimiento pol\u00edtico<\/strong>, que contin\u00faa vali\u00e9ndose de\u00a0<strong>argucias<\/strong>\u00a0para tratar de seguir\u00a0<strong>manejando<\/strong>\u00a0la\u00a0<strong>justicia<\/strong>\u00a0y los t<strong>iempos pol\u00edticos<\/strong>\u00a0a su\u00a0<strong>antojo<\/strong>\u00ab.<\/p>\n<p>Tambi\u00e9n indic\u00f3 que la Fiscal\u00eda\u00a0<strong>solicitar\u00e1 informaci\u00f3n<\/strong>\u00a0sobre este hecho a los legisladores\u00a0<strong>Pamela Aguirre\u00a0<\/strong>y\u00a0<strong>Lenin Barreto<\/strong>\u00a0por \u00abel posible cometimiento de un delito\u00a0<strong>(fraude procesal)<\/strong>\u00a0al conocer informaci\u00f3n sobre una persona requerida por la justicia y\u00a0<strong>no entregarla\u00a0<\/strong>a las\u00a0<strong>instituciones<\/strong>\u00a0pertinentes\u00bb.<\/p>\n<blockquote class=\"twitter-tweet\" data-width=\"550\" data-dnt=\"true\">\n<p lang=\"es\" dir=\"ltr\"><a href=\"https:\/\/twitter.com\/hashtag\/COMUNICADO?src=hash&amp;ref_src=twsrc%5Etfw\">#COMUNICADO<\/a> | En torno a los hechos registrados esta ma\u00f1ana durante la comparecencia de la fiscal general del Estado, <a href=\"https:\/\/twitter.com\/DianaSalazarM2?ref_src=twsrc%5Etfw\">@DianaSalazarM2<\/a>, ante <a href=\"https:\/\/twitter.com\/FiscalizacionAN?ref_src=twsrc%5Etfw\">@FiscalizacionAN<\/a>, <a href=\"https:\/\/twitter.com\/hashtag\/Fiscal%C3%ADaEc?src=hash&amp;ref_src=twsrc%5Etfw\">#Fiscal\u00edaEc<\/a> informa a la opini\u00f3n p\u00fablica. \u2b07\ufe0f <a href=\"https:\/\/t.co\/R1N9SzEPgR\">pic.twitter.com\/R1N9SzEPgR<\/a><\/p>\n<p>&mdash; Fiscal\u00eda Ecuador (@FiscaliaEcuador) <a href=\"https:\/\/twitter.com\/FiscaliaEcuador\/status\/1790073742242074704?ref_src=twsrc%5Etfw\">May 13, 2024<\/a><\/p><\/blockquote>\n<p><script async src=\"https:\/\/platform.twitter.com\/widgets.js\" charset=\"utf-8\"><\/script><\/p>\n<h2 class=\"wp-block-heading\">\u2018Me est\u00e1 costando hacer justicia\u2019<\/h2>\n<p>Con\u00a0<strong>chaleco antibalas<\/strong>\u00a0y acompa\u00f1ada de su\u00a0<strong>equipo<\/strong>\u00a0de\u00a0<strong>seguridad,<\/strong>\u00a0Salazar ingres\u00f3 al Sal\u00f3n Jos\u00e9 Mej\u00eda Lequerica alrededor de las<strong>\u00a009:00<\/strong>\u00a0para dar a<strong>\u00a0conocer<\/strong>\u00a0las\u00a0<strong>acciones ejecutadas<\/strong>\u00a0en torno a estos dos casos, cuyo avance ha sido cuestionado desde esta mesa legislativa.<\/p>\n<p>Salazar afirm\u00f3 que la instituci\u00f3n\u00a0<strong>busca garantizar\u00a0<\/strong>una\u00a0<strong>administraci\u00f3n responsable,<\/strong>\u00a0que su funcionamiento es\u00a0<strong>aut\u00f3nomo<\/strong>, cuenta con\u00a0<strong>unidades multicompetentes\u00a0<\/strong>y est\u00e1n\u00a0<strong>sometidos<\/strong>\u00a0a la\u00a0<strong>Constituci\u00f3n<\/strong>\u00a0y a la\u00a0<strong>Ley.<\/strong><\/p>\n<p>La Fiscal record\u00f3 que la\u00a0<strong>apertura<\/strong>\u00a0de una\u00a0<strong>investigaci\u00f3n<\/strong>\u00a0debe estar\u00a0<strong>sustentada<\/strong>\u00a0con elementos que para acusar, pues\u00a0<strong>no basta<\/strong>\u00a0con una<strong>\u00a0aseveraci\u00f3n<\/strong>. Y dijo que\u00a0<strong>no deber\u00eda\u00a0<\/strong>de\u00a0<strong>dar explicaciones<\/strong>\u00a0en el pleno por su\u00a0<strong>actuaci\u00f3n\u00a0<\/strong>en los casos porque se trata de una\u00a0<strong>tema procesal<\/strong>.<\/p>\n<p>\u201cYo\u00a0<strong>no debo venir ac\u00e1<\/strong>\u00a0a\u00a0<strong>dar explicaci\u00f3n<\/strong>\u00a0porque acuso o dejo de acusar en uno u otro caso porque eso es un t<strong>ema eminentemente procesal<\/strong>. Se debe entender que<strong>\u00a0fiscalizar no es traspasar<\/strong>\u00a0las<strong>\u00a0funciones<\/strong>\u00a0al \u00e1mbito de la\u00a0<strong>administraci\u00f3n\u00a0<\/strong>de<strong>\u00a0justicia<\/strong>\u201d<\/p>\n<p>Asimismo, Salazar indic\u00f3 que durante su\u00a0<strong>permanencia<\/strong>\u00a0en la\u00a0<strong>Fiscal\u00eda\u00a0<\/strong>se ha caracterizado por<strong>\u00a0no responde<\/strong>r a los\u00a0<strong>intereses pol\u00edticos\u00a0<\/strong>sino \u00ab<strong>actuar<\/strong>\u00a0con base a los r<strong>ecaudos procesales<\/strong>\u00ab. \u00abSi\u00a0<strong>tengo<\/strong>\u00a0<strong>elementos proceso<\/strong>\u00a0<strong>cueste lo que me cueste\u00a0<\/strong>y si no tengo elementos no act\u00fao.\u00a0<strong>Lo que me est\u00e1 costando<\/strong>\u00a0por hacer\u00a0<strong>justicia<\/strong>\u00a0con la ley y as\u00ed\u00a0<strong>voy\u00a0<\/strong>a\u00a0<strong>seguir\u00a0<\/strong>hasta el<strong>\u00a0final<\/strong>\u00ab, sentenci\u00f3.<\/p>\n<h6 class=\"wp-block-heading\">Lea tambi\u00e9n:<\/h6>\n<ul>\n<li><a href=\"https:\/\/www.teleamazonas.com\/corte-nacional-ecuador-hernan-luque-argentina\/\">Ecuador pide a Argentina mantener detenido a Hern\u00e1n Luque Lecaro hasta que sea extraditado<\/a><\/li>\n<li><a href=\"https:\/\/www.teleamazonas.com\/excomandante-policia-rechaza-vinculos-narcos-ecuador\/\">Excomandante de Polic\u00eda rechaza v\u00ednculo con grupos narcos; teme por su vida<\/a><\/li>\n<\/ul>\n<h2 class=\"wp-block-heading\">Promete liberar audio del caso Encuentro<\/h2>\n<p>Sobre el\u00a0<strong>caso Encuentro<\/strong>, Salazar enfatiz\u00f3 que la\u00a0<strong>reserva se rompi\u00f3<\/strong>\u00a0y\u00a0<strong>no existe factor sorpresa<\/strong>\u00a0por la publicaci\u00f3n de la<strong>\u00a0investigaci\u00f3n<\/strong>\u00a0de un\u00a0<strong>medio\u00a0<\/strong>de<strong>\u00a0comunicaci\u00f3n<\/strong>\u00a0y las\u00a0<strong>revelaciones\u00a0<\/strong>en el pleno de la\u00a0<strong>Asamblea<\/strong>.<\/p>\n<p>\u00abEsta fiscal conoce el\u00a0<strong>derecho<\/strong>\u00a0y sabe\u00a0<strong>respetar\u00a0<\/strong>los<strong>\u00a0l\u00edmites.<\/strong>\u00a0Cada uno de los\u00a0<strong>procesados<\/strong>\u00a0ha tenido la oportunidad de\u00a0<strong>participar<\/strong>\u00a0en\u00a0<strong>audiencias privadas<\/strong>, de escuchar los audios que tan celosamente quieren acceder de forman tan desesperada. Pueden dar fe los sujetos procesales que<strong>\u00a0nada se ha escondido<\/strong>\u00a0y que ahora la investigaci\u00f3n Le\u00f3n de Troya forma parte del caso Encuentro y la ciudadan\u00eda puede acceder\u00bb, destac\u00f3 Salazar.<\/p>\n<p>La Fiscal tambi\u00e9n se\u00a0<strong>comprometi\u00f3<\/strong>\u00a0a\u00a0<strong>liberar\u00a0<\/strong>todos los<strong>\u00a0audios<\/strong>\u00a0del<strong>\u00a0caso Encuentro\u00a0<\/strong>y ratific\u00f3 su compromiso para que este caso no quede en la impunidad. Por ello, record\u00f3 que la\u00a0<strong>extradici\u00f3n<\/strong>\u00a0de\u00a0<strong>Luque Lecaro<\/strong>\u00a0desde Argentina es competencia exclusiva de la Corte Nacional de Justicia, pero ratific\u00f3 que la\u00a0<strong>Fiscal\u00eda<\/strong>\u00a0es la\u00a0<strong>m\u00e1s interesada<\/strong>\u00a0en que se lleve a cabo el proceso.<\/p>\n<p>\u00abLa Fiscal\u00eda es la m\u00e1s interesada que\u00a0<strong>Luque Lecaro<\/strong>\u00a0concurra a Ecuador, que est\u00e9\u00a0<strong>presente\u00a0<\/strong>en las siguientes\u00a0<strong>etapas procesales<\/strong>. Ese delito por\u00a0<strong>delincuencia organizada no<\/strong>\u00a0es\u00a0<strong>susceptible\u00a0<\/strong>de ser juzgado en ausencia y si \u00e9l no se encuentra presenta la\u00a0<strong>etapa<\/strong>\u00a0de<strong>\u00a0juicio<\/strong>\u00a0tiene que ser\u00a0<strong>suspendida<\/strong>\u00ab, puntualiz\u00f3 Salazar ante la Comisi\u00f3n de Fiscalizaci\u00f3n.<\/p>\n<h2 class=\"wp-block-heading\">\u2018Es injusto que se haga referencia a una persona\u2019<\/h2>\n<p>De igual manera, Diana Salazar aclar\u00f3 que la investigaci\u00f3n contra el<strong>\u00a0Alto Mando Policial<\/strong>\u00a0no se llama\u00a0<strong>La Madrina<\/strong>\u00a0sino\u00a0<strong>Poder Policial<\/strong>. Y en este proceso se indaga las actuaciones del exgeneral de Polic\u00eda\u00a0<strong>Giovanni Ponce<\/strong>, el general de Polic\u00eda\u00a0<strong>Mauro Vargas\u00a0<\/strong>y la excomandante de la Polic\u00eda\u00a0<strong>Tannya Varela\u00a0<\/strong>con relaci\u00f3n al proceso denominado\u00a0<strong>Le\u00f3n de Troya.<\/strong><\/p>\n<p>\u00abMe\u00a0<strong>parece injusto<\/strong>\u00a0que se haga\u00a0<strong>referencia \u00fanica<\/strong>\u00a0y exclusivamente a la participaci\u00f3n de una persona, adem\u00e1s, se que es\u00a0<strong>mujer<\/strong>, la \u00fanica general y que se\u00a0<strong>inobserve l<\/strong>a presunta\u00a0<strong>participaci\u00f3n<\/strong>\u00a0de\u00a0<strong>otras personas<\/strong>. He ah\u00ed la carga de g\u00e9nero, he ah\u00ed lo que tenemos que soportar las mujeres. Por eso no llega caso La Madrina.\u00a0<strong>La Madrina<\/strong>\u00a0y\u00a0<strong>El Compadre\u00a0<\/strong>as\u00ed deber\u00eda llamarse, se llama Poder Policial \u00ab, sentenci\u00f3 la Fiscal. <strong>Fuente: Teleamazonas<\/strong><\/p>\n","protected":false},"excerpt":{"rendered":"<p>\u00abNo\u00a0voy a ser objeto\u00a0ni me voy a\u00a0prestar\u00a0para el\u00a0show\u00a0que\u00a0quieren hacer\u00a0los\u00a0pol\u00edticos\u00a0sobre los casos\u201d. Con esta frase la fiscal general del Estado,\u00a0Diana Salazar, dio por finalizada su comparecencia en la\u00a0Comisi\u00f3n\u00a0de\u00a0Fiscalizaci\u00f3n\u00a0de la Asamblea Nacional por los\u00a0casos Encuentro\u00a0y\u00a0Poder Policial, este lunes 13 de mayo del 2024. Despu\u00e9s de dos horas, la\u00a0Fiscal\u00a0abandon\u00f3 el Sal\u00f3n Jos\u00e9 Mej\u00eda Lequerica ante el pedido del asamble\u00edsta Lenin Barreto, para que se reciba en comisi\u00f3n general al exlegislador\u00a0Ronny Aleaga, implicado en el\u00a0caso Met\u00e1stasis. Salazar indic\u00f3 que no pod\u00eda permanecer en el lugar para escuchar a un \u201cpr\u00f3fugo\u00a0de la justicia que se encuentra investigado y\u00a0procesado\u00a0en el\u00a0caso Met\u00e1stasis\u00bb y \u00abpor el cual no ha sido llamada a comparecer\u201d. \u201cSi usted da paso a esto\u00a0me voy a retirar. No\u00a0voy a ser objeto\u00a0ni me voy a\u00a0prestar\u00a0para el\u00a0show\u00a0que\u00a0quieren hacer\u00a0los\u00a0pol\u00edticos\u00a0sobre los casos\u201d, asegur\u00f3 Salazar, al indicar que es el objetivo es contaminar el proceso en el caso Met\u00e1stasis. Ronny Aleaga apareci\u00f3\u00a0en las\u00a0pantallas, pero no pudo dirigirse a los asistentes por problemas t\u00e9cnicos. Previo a ello, cinco\u00a0miembros\u00a0de la\u00a0comisi\u00f3n, presidida por\u00a0Pamela Aguirre, se\u00a0retiraron\u00a0porque este pedido\u00a0no estaba\u00a0en el\u00a0orden del d\u00eda. \u2018Este show ha dejado en evidencia a todo un movimiento pol\u00edtico\u2019 Minutos despu\u00e9s, la\u00a0Fiscal\u00eda\u00a0General del Estado emiti\u00f3 un\u00a0comunicado\u00a0en el que\u00a0rechaz\u00f3\u00a0la\u00a0decisi\u00f3n\u00a0de la\u00a0presidenta\u00a0de la\u00a0Comisi\u00f3n\u00a0de\u00a0Fiscalizaci\u00f3n\u00a0al \u00abaceptar la\u00a0solicitud\u00a0del procesado por\u00a0delincuencia organizada\u00a0y\u00a0pr\u00f3fugo\u00a0de la\u00a0justicia,\u00a0Ronny Aleaga\u00ab. \u00abEl hecho que se\u00a0reciba\u00a0a un\u00a0procesado\u00a0en una\u00a0causa impulsada\u00a0por la Fiscal\u00eda General del Estado podr\u00eda\u00a0comprometer\u00a0el normal\u00a0desarrollo\u00a0de\u00a0dicho proceso\u00ab, agreg\u00f3 la instituci\u00f3n en el documento. De igual manera, la Fiscal\u00eda recalc\u00f3 que \u00abeste show\u00a0ha dejado en\u00a0evidencia\u00a0a todo un\u00a0movimiento pol\u00edtico, que contin\u00faa vali\u00e9ndose de\u00a0argucias\u00a0para tratar de seguir\u00a0manejando\u00a0la\u00a0justicia\u00a0y los tiempos pol\u00edticos\u00a0a su\u00a0antojo\u00ab. Tambi\u00e9n indic\u00f3 que la Fiscal\u00eda\u00a0solicitar\u00e1 informaci\u00f3n\u00a0sobre este hecho a los legisladores\u00a0Pamela Aguirre\u00a0y\u00a0Lenin Barreto\u00a0por \u00abel posible cometimiento de un delito\u00a0(fraude procesal)\u00a0al conocer informaci\u00f3n sobre una persona requerida por la justicia y\u00a0no entregarla\u00a0a las\u00a0instituciones\u00a0pertinentes\u00bb. #COMUNICADO | En torno a los hechos registrados esta ma\u00f1ana durante la comparecencia de la fiscal general del Estado, @DianaSalazarM2, ante @FiscalizacionAN, #Fiscal\u00edaEc informa a la opini\u00f3n p\u00fablica. \u2b07\ufe0f pic.twitter.com\/R1N9SzEPgR &mdash; Fiscal\u00eda Ecuador (@FiscaliaEcuador) May 13, 2024 \u2018Me est\u00e1 costando hacer justicia\u2019 Con\u00a0chaleco antibalas\u00a0y acompa\u00f1ada de su\u00a0equipo\u00a0de\u00a0seguridad,\u00a0Salazar ingres\u00f3 al Sal\u00f3n Jos\u00e9 Mej\u00eda Lequerica alrededor de las\u00a009:00\u00a0para dar a\u00a0conocer\u00a0las\u00a0acciones ejecutadas\u00a0en torno a estos dos casos, cuyo avance ha sido cuestionado desde esta mesa legislativa. Salazar afirm\u00f3 que la instituci\u00f3n\u00a0busca garantizar\u00a0una\u00a0administraci\u00f3n responsable,\u00a0que su funcionamiento es\u00a0aut\u00f3nomo, cuenta con\u00a0unidades multicompetentes\u00a0y est\u00e1n\u00a0sometidos\u00a0a la\u00a0Constituci\u00f3n\u00a0y a la\u00a0Ley. La Fiscal record\u00f3 que la\u00a0apertura\u00a0de una\u00a0investigaci\u00f3n\u00a0debe estar\u00a0sustentada\u00a0con elementos que para acusar, pues\u00a0no basta\u00a0con una\u00a0aseveraci\u00f3n. Y dijo que\u00a0no deber\u00eda\u00a0de\u00a0dar explicaciones\u00a0en el pleno por su\u00a0actuaci\u00f3n\u00a0en los casos porque se trata de una\u00a0tema procesal. \u201cYo\u00a0no debo venir ac\u00e1\u00a0a\u00a0dar explicaci\u00f3n\u00a0porque acuso o dejo de acusar en uno u otro caso porque eso es un tema eminentemente procesal. Se debe entender que\u00a0fiscalizar no es traspasar\u00a0las\u00a0funciones\u00a0al \u00e1mbito de la\u00a0administraci\u00f3n\u00a0de\u00a0justicia\u201d Asimismo, Salazar indic\u00f3 que durante su\u00a0permanencia\u00a0en la\u00a0Fiscal\u00eda\u00a0se ha caracterizado por\u00a0no responder a los\u00a0intereses pol\u00edticos\u00a0sino \u00abactuar\u00a0con base a los recaudos procesales\u00ab. \u00abSi\u00a0tengo\u00a0elementos proceso\u00a0cueste lo que me cueste\u00a0y si no tengo elementos no act\u00fao.\u00a0Lo que me est\u00e1 costando\u00a0por hacer\u00a0justicia\u00a0con la ley y as\u00ed\u00a0voy\u00a0a\u00a0seguir\u00a0hasta el\u00a0final\u00ab, sentenci\u00f3. Lea tambi\u00e9n: Ecuador pide a Argentina mantener detenido a Hern\u00e1n Luque Lecaro hasta que sea extraditado Excomandante de Polic\u00eda rechaza v\u00ednculo con grupos narcos; teme por su vida Promete liberar audio del caso Encuentro Sobre el\u00a0caso Encuentro, Salazar enfatiz\u00f3 que la\u00a0reserva se rompi\u00f3\u00a0y\u00a0no existe factor sorpresa\u00a0por la publicaci\u00f3n de la\u00a0investigaci\u00f3n\u00a0de un\u00a0medio\u00a0de\u00a0comunicaci\u00f3n\u00a0y las\u00a0revelaciones\u00a0en el pleno de la\u00a0Asamblea. \u00abEsta fiscal conoce el\u00a0derecho\u00a0y sabe\u00a0respetar\u00a0los\u00a0l\u00edmites.\u00a0Cada uno de los\u00a0procesados\u00a0ha tenido la oportunidad de\u00a0participar\u00a0en\u00a0audiencias privadas, de escuchar los audios que tan celosamente quieren acceder de forman tan desesperada. Pueden dar fe los sujetos procesales que\u00a0nada se ha escondido\u00a0y que ahora la investigaci\u00f3n Le\u00f3n de Troya forma parte del caso Encuentro y la ciudadan\u00eda puede acceder\u00bb, destac\u00f3 Salazar. La Fiscal tambi\u00e9n se\u00a0comprometi\u00f3\u00a0a\u00a0liberar\u00a0todos los\u00a0audios\u00a0del\u00a0caso Encuentro\u00a0y ratific\u00f3 su compromiso para que este caso no quede en la impunidad. Por ello, record\u00f3 que la\u00a0extradici\u00f3n\u00a0de\u00a0Luque Lecaro\u00a0desde Argentina es competencia exclusiva de la Corte Nacional de Justicia, pero ratific\u00f3 que la\u00a0Fiscal\u00eda\u00a0es la\u00a0m\u00e1s interesada\u00a0en que se lleve a cabo el proceso. \u00abLa Fiscal\u00eda es la m\u00e1s interesada que\u00a0Luque Lecaro\u00a0concurra a Ecuador, que est\u00e9\u00a0presente\u00a0en las siguientes\u00a0etapas procesales. Ese delito por\u00a0delincuencia organizada no\u00a0es\u00a0susceptible\u00a0de ser juzgado en ausencia y si \u00e9l no se encuentra presenta la\u00a0etapa\u00a0de\u00a0juicio\u00a0tiene que ser\u00a0suspendida\u00ab, puntualiz\u00f3 Salazar ante la Comisi\u00f3n de Fiscalizaci\u00f3n. \u2018Es injusto que se haga referencia a una persona\u2019 De igual manera, Diana Salazar aclar\u00f3 que la investigaci\u00f3n contra el\u00a0Alto Mando Policial\u00a0no se llama\u00a0La Madrina\u00a0sino\u00a0Poder Policial. Y en este proceso se indaga las actuaciones del exgeneral de Polic\u00eda\u00a0Giovanni Ponce, el general de Polic\u00eda\u00a0Mauro Vargas\u00a0y la excomandante de la Polic\u00eda\u00a0Tannya Varela\u00a0con relaci\u00f3n al proceso denominado\u00a0Le\u00f3n de Troya. \u00abMe\u00a0parece injusto\u00a0que se haga\u00a0referencia \u00fanica\u00a0y exclusivamente a la participaci\u00f3n de una persona, adem\u00e1s, se que es\u00a0mujer, la \u00fanica general y que se\u00a0inobserve la presunta\u00a0participaci\u00f3n\u00a0de\u00a0otras personas. He ah\u00ed la carga de g\u00e9nero, he ah\u00ed lo que tenemos que soportar las mujeres. Por eso no llega caso La Madrina.\u00a0La Madrina\u00a0y\u00a0El Compadre\u00a0as\u00ed deber\u00eda llamarse, se llama Poder Policial \u00ab, sentenci\u00f3 la Fiscal. Fuente: Teleamazonas<\/p>\n","protected":false},"author":1,"featured_media":16053,"comment_status":"open","ping_status":"open","sticky":false,"template":"","format":"standard","meta":{"footnotes":""},"categories":[268],"tags":[],"class_list":["post-16052","post","type-post","status-publish","format-standard","has-post-thumbnail","hentry","category-nacionales"],"_links":{"self":[{"href":"https:\/\/www.elamazonico.com\/portal\/wp-json\/wp\/v2\/posts\/16052","targetHints":{"allow":["GET"]}}],"collection":[{"href":"https:\/\/www.elamazonico.com\/portal\/wp-json\/wp\/v2\/posts"}],"about":[{"href":"https:\/\/www.elamazonico.com\/portal\/wp-json\/wp\/v2\/types\/post"}],"author":[{"embeddable":true,"href":"https:\/\/www.elamazonico.com\/portal\/wp-json\/wp\/v2\/users\/1"}],"replies":[{"embeddable":true,"href":"https:\/\/www.elamazonico.com\/portal\/wp-json\/wp\/v2\/comments?post=16052"}],"version-history":[{"count":1,"href":"https:\/\/www.elamazonico.com\/portal\/wp-json\/wp\/v2\/posts\/16052\/revisions"}],"predecessor-version":[{"id":16054,"href":"https:\/\/www.elamazonico.com\/portal\/wp-json\/wp\/v2\/posts\/16052\/revisions\/16054"}],"wp:featuredmedia":[{"embeddable":true,"href":"https:\/\/www.elamazonico.com\/portal\/wp-json\/wp\/v2\/media\/16053"}],"wp:attachment":[{"href":"https:\/\/www.elamazonico.com\/portal\/wp-json\/wp\/v2\/media?parent=16052"}],"wp:term":[{"taxonomy":"category","embeddable":true,"href":"https:\/\/www.elamazonico.com\/portal\/wp-json\/wp\/v2\/categories?post=16052"},{"taxonomy":"post_tag","embeddable":true,"href":"https:\/\/www.elamazonico.com\/portal\/wp-json\/wp\/v2\/tags?post=16052"}],"curies":[{"name":"wp","href":"https:\/\/api.w.org\/{rel}","templated":true}]}}