{"id":16037,"date":"2024-05-13T10:35:11","date_gmt":"2024-05-13T15:35:11","guid":{"rendered":"https:\/\/www.elamazonico.com\/portal\/?p=16037"},"modified":"2024-05-13T10:35:11","modified_gmt":"2024-05-13T15:35:11","slug":"primer-encuentro-en-el-vaticano-entre-el-papa-francisco-y-el-presidente-noboa-quien-le-regalo-una-virgen-del-cisne","status":"publish","type":"post","link":"https:\/\/www.elamazonico.com\/portal\/primer-encuentro-en-el-vaticano-entre-el-papa-francisco-y-el-presidente-noboa-quien-le-regalo-una-virgen-del-cisne\/","title":{"rendered":"Primer encuentro en el Vaticano entre el Papa Francisco y el Presidente Noboa, quien le regal\u00f3 una Virgen del Cisne"},"content":{"rendered":"<p class=\"p_0\">El Papa Francisco recibi\u00f3 por primera vez en el Vaticano al presidente de la Rep\u00fablica,\u00a0<b>Daniel Noboa<\/b>. El encuentro, que tuvo lugar el lunes 13 de mayo de 2024, dur\u00f3 aproximadamente 30 minutos en el Palacio Apost\u00f3lico.<\/p>\n<p class=\"p_1\">La agenda de discusi\u00f3n abarc\u00f3 temas acerca de la situaci\u00f3n socioecon\u00f3mica, con un enfoque especial en el empleo juvenil, hasta asuntos relacionados con la seguridad p\u00fablica y la inmigraci\u00f3n.<\/p>\n<p class=\"p_2\">Adem\u00e1s, \u00abdurante los cordiales coloquios en la Secretar\u00eda de Estado, se expres\u00f3 satisfacci\u00f3n por las buenas relaciones entre Ecuador y la Santa Sede, y se subray\u00f3 la positiva colaboraci\u00f3n entre la Iglesia y el Estado\u00bb, a\u00f1adi\u00f3 la Santa Sede en un comunicado.<\/p>\n<p class=\"p_3\">La reuni\u00f3n en el Palacio Apost\u00f3lico entre el pont\u00edfice y Noboa, que hace una gira internacional que le llevar\u00e1 tambi\u00e9n a Francia y Espa\u00f1a, comenz\u00f3 a las 8h45, algo antes del horario previsto, y concluy\u00f3 a las 9h15, inform\u00f3 el Vaticano.<\/p>\n<p class=\"p_4\">La audiencia tambi\u00e9n estuvo marcada por el intercambio de obsequios significativos. Noboa present\u00f3 al Papa una reproducci\u00f3n de la<b>\u00a0Virgen del Cisne,<\/b>\u00a0elaborada por artesanos ecuatorianos, destacando la profunda devoci\u00f3n del pa\u00eds por esta figura religiosa.<\/p>\n<p class=\"p_5\">A su vez, el Pont\u00edfice le entreg\u00f3 una obra de bronce que representa una paloma que lleva una rama de olivo, con la inscripci\u00f3n &#8216;<b>Sed mensajeros de la paz<\/b>&#8216; y le dijo: \u00abEsto es lo que nosotros queremos hacer en este momento, en el que la guerra es el mejor negocio\u00bb.<\/p>\n<p class=\"p_6\">Tambi\u00e9n le regal\u00f3 varios documentos pontificios: el Mensaje para la Paz de este a\u00f1o, el libro sobre la Statio Orbis del 27 de marzo de 2020 y el volumen sobre el Apartamento de la Audiencia Papal.<\/p>\n<p class=\"p_7\">Al despedirse, Francisco le inst\u00f3 a mantener la lucha, a lo que el mandatario respondi\u00f3 con determinaci\u00f3n: \u00abSeguiremos luchando\u00bb.<\/p>\n<p class=\"p_8\">Noboa anunci\u00f3 el pasado mi\u00e9rcoles a trav\u00e9s de un decreto que iba a realizar un viaje de once d\u00edas a Europa, incluyendo Italia, Francia y Espa\u00f1a entre este viernes y el 21 de mayo.<\/p>\n<p class=\"p_9\">Adem\u00e1s de su esposa Lavinia Valbonesi y la canciller Gabriela Sommerfeld, Noboa viaja acompa\u00f1ado por la subsecretaria general del despacho presidencial, Cynthia Gellibert; y la de Protocolo y Ceremonial, Gicela Andrade, adem\u00e1s del director de Log\u00edstica en Territorio, Juan Bleggi.<\/p>\n<p class=\"p_10\">Se trata del segundo viaje oficial de Noboa a Europa como presidente de Ecuador desde que asumi\u00f3 el cargo el 23 de noviembre de 2023. <strong>Fuente: Vistazo<\/strong><\/p>\n<p>https:\/\/twitter.com\/Presidencia_Ec\/status\/1789986352144044320<\/p>\n","protected":false},"excerpt":{"rendered":"<p>El Papa Francisco recibi\u00f3 por primera vez en el Vaticano al presidente de la Rep\u00fablica,\u00a0Daniel Noboa. El encuentro, que tuvo lugar el lunes 13 de mayo de 2024, dur\u00f3 aproximadamente 30 minutos en el Palacio Apost\u00f3lico. La agenda de discusi\u00f3n abarc\u00f3 temas acerca de la situaci\u00f3n socioecon\u00f3mica, con un enfoque especial en el empleo juvenil, hasta asuntos relacionados con la seguridad p\u00fablica y la inmigraci\u00f3n. Adem\u00e1s, \u00abdurante los cordiales coloquios en la Secretar\u00eda de Estado, se expres\u00f3 satisfacci\u00f3n por las buenas relaciones entre Ecuador y la Santa Sede, y se subray\u00f3 la positiva colaboraci\u00f3n entre la Iglesia y el Estado\u00bb, a\u00f1adi\u00f3 la Santa Sede en un comunicado. La reuni\u00f3n en el Palacio Apost\u00f3lico entre el pont\u00edfice y Noboa, que hace una gira internacional que le llevar\u00e1 tambi\u00e9n a Francia y Espa\u00f1a, comenz\u00f3 a las 8h45, algo antes del horario previsto, y concluy\u00f3 a las 9h15, inform\u00f3 el Vaticano. La audiencia tambi\u00e9n estuvo marcada por el intercambio de obsequios significativos. Noboa present\u00f3 al Papa una reproducci\u00f3n de la\u00a0Virgen del Cisne,\u00a0elaborada por artesanos ecuatorianos, destacando la profunda devoci\u00f3n del pa\u00eds por esta figura religiosa. A su vez, el Pont\u00edfice le entreg\u00f3 una obra de bronce que representa una paloma que lleva una rama de olivo, con la inscripci\u00f3n &#8216;Sed mensajeros de la paz&#8216; y le dijo: \u00abEsto es lo que nosotros queremos hacer en este momento, en el que la guerra es el mejor negocio\u00bb. Tambi\u00e9n le regal\u00f3 varios documentos pontificios: el Mensaje para la Paz de este a\u00f1o, el libro sobre la Statio Orbis del 27 de marzo de 2020 y el volumen sobre el Apartamento de la Audiencia Papal. Al despedirse, Francisco le inst\u00f3 a mantener la lucha, a lo que el mandatario respondi\u00f3 con determinaci\u00f3n: \u00abSeguiremos luchando\u00bb. Noboa anunci\u00f3 el pasado mi\u00e9rcoles a trav\u00e9s de un decreto que iba a realizar un viaje de once d\u00edas a Europa, incluyendo Italia, Francia y Espa\u00f1a entre este viernes y el 21 de mayo. Adem\u00e1s de su esposa Lavinia Valbonesi y la canciller Gabriela Sommerfeld, Noboa viaja acompa\u00f1ado por la subsecretaria general del despacho presidencial, Cynthia Gellibert; y la de Protocolo y Ceremonial, Gicela Andrade, adem\u00e1s del director de Log\u00edstica en Territorio, Juan Bleggi. Se trata del segundo viaje oficial de Noboa a Europa como presidente de Ecuador desde que asumi\u00f3 el cargo el 23 de noviembre de 2023. Fuente: Vistazo https:\/\/twitter.com\/Presidencia_Ec\/status\/1789986352144044320<\/p>\n","protected":false},"author":1,"featured_media":16038,"comment_status":"open","ping_status":"open","sticky":false,"template":"","format":"standard","meta":{"footnotes":""},"categories":[268],"tags":[],"class_list":["post-16037","post","type-post","status-publish","format-standard","has-post-thumbnail","hentry","category-nacionales"],"_links":{"self":[{"href":"https:\/\/www.elamazonico.com\/portal\/wp-json\/wp\/v2\/posts\/16037","targetHints":{"allow":["GET"]}}],"collection":[{"href":"https:\/\/www.elamazonico.com\/portal\/wp-json\/wp\/v2\/posts"}],"about":[{"href":"https:\/\/www.elamazonico.com\/portal\/wp-json\/wp\/v2\/types\/post"}],"author":[{"embeddable":true,"href":"https:\/\/www.elamazonico.com\/portal\/wp-json\/wp\/v2\/users\/1"}],"replies":[{"embeddable":true,"href":"https:\/\/www.elamazonico.com\/portal\/wp-json\/wp\/v2\/comments?post=16037"}],"version-history":[{"count":1,"href":"https:\/\/www.elamazonico.com\/portal\/wp-json\/wp\/v2\/posts\/16037\/revisions"}],"predecessor-version":[{"id":16039,"href":"https:\/\/www.elamazonico.com\/portal\/wp-json\/wp\/v2\/posts\/16037\/revisions\/16039"}],"wp:featuredmedia":[{"embeddable":true,"href":"https:\/\/www.elamazonico.com\/portal\/wp-json\/wp\/v2\/media\/16038"}],"wp:attachment":[{"href":"https:\/\/www.elamazonico.com\/portal\/wp-json\/wp\/v2\/media?parent=16037"}],"wp:term":[{"taxonomy":"category","embeddable":true,"href":"https:\/\/www.elamazonico.com\/portal\/wp-json\/wp\/v2\/categories?post=16037"},{"taxonomy":"post_tag","embeddable":true,"href":"https:\/\/www.elamazonico.com\/portal\/wp-json\/wp\/v2\/tags?post=16037"}],"curies":[{"name":"wp","href":"https:\/\/api.w.org\/{rel}","templated":true}]}}